{"id":113115,"date":"2025-12-14T17:00:15","date_gmt":"2025-12-14T17:00:15","guid":{"rendered":"https:\/\/www.europesays.com\/no\/113115\/"},"modified":"2025-12-14T17:00:15","modified_gmt":"2025-12-14T17:00:15","slug":"tilbake-etter-sykdommen","status":"publish","type":"post","link":"https:\/\/www.europesays.com\/no\/113115\/","title":{"rendered":"Tilbake etter sykdommen"},"content":{"rendered":"<p class=\"kicker \" style=\"\">Arve Tellefsen:\u00a0<\/p>\n<p>  Fiolinisten fortalte tidligere i \u00e5r om alvorlig sykdom. S\u00f8ndag dukket han opp p\u00e5 r\u00f8d l\u00f8per og ga en helseoppdatering.<\/p>\n<p>\n    DUKKET OPP: Arve Tellefsen dukket s\u00f8ndag opp p\u00e5 f\u00f8rpremieren p\u00e5 \u00abFl\u00e5klypa &#8211; Fra Paris til pyramidene\u00bb. Foto: Andreas Fadum \/ Se og H\u00f8r\n  <\/p>\n<p>S\u00f8ndag var det duket for f\u00f8rpremiere p\u00e5 filmen \u00abFl\u00e5klypa &#8211; Fra Paris til pyramidene\u00bb p\u00e5 Colosseum i Oslo.\u00a0<\/p>\n<p>    <a itemprop=\"url\" href=\"https:\/\/www.seher.no\/kjendis\/avslorer-hemmelig-sykdom\/83185661\" rel=\"nofollow noopener\" target=\"_blank\"><\/p>\n<p>        <img loading=\"lazy\" decoding=\"async\" src=\"https:\/\/www.europesays.com\/no\/wp-content\/uploads\/2025\/12\/83185724.webp\" width=\"147\" height=\"98\" title=\"Avsl\u00f8rer hemmelig sykdom\" alt=\"\" class=\"lazyload\" style=\"--aspect-ratio-image: 1.50; \"\/><\/p>\n<p>        Avsl\u00f8rer hemmelig sykdom<\/p>\n<p>    <\/a><\/p>\n<p>Blant de oppm\u00f8tte var fiolinist Arve Tellefsen (89), artist\u00a0Margrethe Frich (21), ogs\u00e5 kjent som May, og Tom Str\u00e6te Lagergren (34), eller Matoma som er artistnavnet hans.\u00a0<\/p>\n<p>De tre har nemlig teamet opp og laget musikken til den nye filmen, som har premiere f\u00f8rste juledag.\u00a0<\/p>\n<p>        TABBE: Det gikk ikke helt som planlagt for dommer Merete Lingj\u00e6rde da hun skulle si navnet p\u00e5 en av danserne under kveldens \u00abSkal vi danse\u00bb. Dette sier hun etter glippen. Video: Karolina Grace Rusov-Hansen. Video: Sanne Holt.<\/p>\n<p class=\"font-weight-bold m-font-weight-bold\" data-lab-font_weight=\"font-weight-bold\">Tellefsens oppm\u00f8te kom trolig overraskende for mange, ettersom han tidligere i \u00e5r kunne avsl\u00f8re at han de siste \u00e5rene har <a href=\"https:\/\/www.seher.no\/kjendis\/avslorer-hemmelig-sykdom\/83185661\" rel=\"nofollow noopener\" target=\"_blank\">slitt med to alvorlige sykdomsforl\u00f8p<\/a>.\u00a0<\/p>\n<p>&#8211; Jeg fikk Parkinsons for 15 \u00e5r siden og kreft i halsen for tre \u00e5r siden, sa han i et intervju med\u00a0<a href=\"https:\/\/www.hallingdolen.no\/kultur\/i\/xm0v4p\/kjempa-med-seg-sjoelv-paa-scenen-det-var-voldsomt-aa-faa-begge-sjukdommane\" rel=\"nofollow noopener\" target=\"_blank\">Hallingd\u00f8len<\/a>.\u00a0<\/p>\n<p>    <a itemprop=\"url\" href=\"https:\/\/www.seher.no\/kjendis\/arve-tellefsen-og-kristins-liv-etter-bruddet\/73436973\" rel=\"nofollow noopener\" target=\"_blank\"><\/p>\n<p>        <img loading=\"lazy\" decoding=\"async\" src=\"https:\/\/www.europesays.com\/no\/wp-content\/uploads\/2025\/12\/73436994.webp\" width=\"147\" height=\"100\" title=\"Arve Tellefsen og Kristins liv etter bruddet\" alt=\"\" class=\"lazyload\" style=\"--aspect-ratio-image: 1.47; \"\/><\/p>\n<p>        Arve Tellefsen og Kristins liv etter bruddet<\/p>\n<p>    <\/a><\/p>\n<p>Den folkekj\u00e6re fiolinisten stilte gladelig opp p\u00e5 bilder b\u00e5de alene og sammen med Lagergren og Frich. Trioen la ikke skjul p\u00e5 at de er sv\u00e6rt stolte over samarbeidet rundt den nye l\u00e5ten \u00abSju&amp;Tr\u00e6dveMil\u00bb.\u00a0<\/p>\n<p>        <img loading=\"lazy\" decoding=\"async\" src=\"https:\/\/www.europesays.com\/no\/wp-content\/uploads\/2025\/12\/83982492.webp\" width=\"686\" height=\"899\" title=\"P\u00c5 PLASS: Arve Tellefsen, Margrethe Frich og Tom Str\u00e6te Lagergren p\u00e5 f\u00f8rpremieren p\u00e5 \u00abFl\u00e5klypa - Fra Paris til pyramidene\u00bb. Foto: Andreas Fadum \/ Se og H\u00f8r\" alt=\"\" class=\"\" style=\"--aspect-ratio-image: 0.76; \"\/><\/p>\n<p>\n        P\u00c5 PLASS: Arve Tellefsen, Margrethe Frich og Tom Str\u00e6te Lagergren p\u00e5 f\u00f8rpremieren p\u00e5 \u00abFl\u00e5klypa &#8211; Fra Paris til pyramidene\u00bb. Foto: Andreas Fadum \/ Se og H\u00f8r\n    <\/p>\n<p>P\u00e5 sp\u00f8rsm\u00e5l om hvordan det g\u00e5r med Tellefsen, svarte han kort:<\/p>\n<p class=\"font-weight-bold m-font-weight-bold\" data-lab-font_weight=\"font-weight-bold\">&#8211; Det g\u00e5r bedre n\u00e5.\u00a0<\/p>\n<p>        DEBATT: Kongehusekspert Caroline Vagle mener det ville v\u00e6rt et positivt trekk for kongehuset om prins Sverre Magnus ble fulltidsprins. Reporter: Caroline Vagle. Video: Kine Falch<\/p>\n<p class=\"font-weight-normal m-font-weight-normal\" data-lab-font_weight=\"font-weight-normal\">Aldri f\u00f8r hadde Tellefsen snakket om de to diagnosene. Han fortalte \u00e5penhjertig til Hallingd\u00f8len at str\u00e5lebehandlingen ga ham utfordringer med \u00e5 holde fiolinen under haken.\u00a0<\/p>\n<p>    <a itemprop=\"url\" href=\"https:\/\/www.seher.no\/kjendis\/na-orket-du-ikke-a-kjempe-lenger\/83864468\" rel=\"nofollow noopener\" target=\"_blank\"><\/p>\n<p>        <img loading=\"lazy\" decoding=\"async\" src=\"https:\/\/www.europesays.com\/no\/wp-content\/uploads\/2025\/12\/83864514.webp\" width=\"147\" height=\"98\" title=\"- N\u00e5 orket du ikke \u00e5 kjempe lenger\" alt=\"\" class=\"lazyload\" style=\"--aspect-ratio-image: 1.50; \"\/><\/p>\n<p>        &#8211; N\u00e5 orket du ikke \u00e5 kjempe lenger<\/p>\n<p>    <\/a><\/p>\n<p class=\"font-weight-bold m-font-weight-bold\" data-lab-font_weight=\"font-weight-bold\">&#8211; Jeg ble behandlet med str\u00e5ling i halsen, men dette har g\u00e5tt ut over f\u00f8rligheten i halsen. Og s\u00e5 har jeg problemer med h\u00f8yre h\u00e5nd p\u00e5 grunn av Parkinsons. Dette gjorde at jeg holdt p\u00e5 \u00e5 miste fiolinen under konserten, sa han til avisen.\u00a0<\/p>\n<p>        <img loading=\"lazy\" decoding=\"async\" src=\"https:\/\/www.europesays.com\/no\/wp-content\/uploads\/2025\/12\/83982507.webp\" width=\"686\" height=\"501\" title=\"\u00c5PEN: Arve Tellefsen har tidligere v\u00e6rt \u00e5pen om de to alvorlige sykdommene. Foto: Tore Skaar\/Se og H\u00f8r\" alt=\"\" class=\"\" style=\"--aspect-ratio-image: 1.37; \"\/><\/p>\n<p>\n        \u00c5PEN: Arve Tellefsen har tidligere v\u00e6rt \u00e5pen om de to alvorlige sykdommene. Foto: Tore Skaar\/Se og H\u00f8r\n    <\/p>\n<p class=\"font-weight-normal m-font-weight-normal\" data-lab-font_weight=\"font-weight-normal\">Tellefsen valgte \u00e5 v\u00e6re \u00e5pen om helseutfordringene fordi han mener det er riktig \u00e5 si fra.\u00a0<\/p>\n<p class=\"font-weight-normal m-font-weight-normal\" data-lab-font_weight=\"font-weight-normal\">&#8211; Det var voldsomt \u00e5 f\u00e5 begge sykdommene. De hemmer meg, selvf\u00f8lgelig. Men jeg gj\u00f8r s\u00e5 godt jeg kan. For meg handler det om \u00e5 formidle noe om musikkens egenart. Det kan g\u00e5 p\u00e5 bekostning av noen falske toner. Men det er bare krydder.<\/p>\n<p>        BUNNPUNKT: Semifinalist Tiril Eckhoff avsl\u00f8rer t\u00e5rev\u00e5tt sammenbrudd, og hva som fikk henne til \u00e5 kjefte p\u00e5 dansepartneren Santino Mirenna. Reporter: Sanne Holt. Video: \u00abSkal vi danse\u00bb\/ TV 2\/ Sanne Holt\/ R\u00f8d L\u00f8per<\/p>\n<p>Fiolinisten er kjent for \u00e5 spille p\u00e5 en Guarnerius-fiolin fra 1741, verdsatt til 100 millioner kroner.\u00a0<\/p>\n","protected":false},"excerpt":{"rendered":"Arve Tellefsen:\u00a0 Fiolinisten fortalte tidligere i \u00e5r om alvorlig sykdom. S\u00f8ndag dukket han opp p\u00e5 r\u00f8d l\u00f8per og&hellip;\n","protected":false},"author":2,"featured_media":113116,"comment_status":"","ping_status":"","sticky":false,"template":"","format":"standard","meta":{"footnotes":""},"categories":[58],"tags":[4657,5039,71,479,2543,30,28,29,13803,1185,72],"class_list":{"0":"post-113115","1":"post","2":"type-post","3":"status-publish","4":"format-standard","5":"has-post-thumbnail","7":"category-underholdning","8":"tag-arve-tellefsen","9":"tag-dukket-opp","10":"tag-entertainment","11":"tag-kjendis","12":"tag-kjendisdesken","13":"tag-no","14":"tag-norge","15":"tag-norway","16":"tag-overrasket","17":"tag-sykdom","18":"tag-underholdning"},"share_on_mastodon":{"url":"https:\/\/pubeurope.com\/@no\/115718994280446327","error":""},"_links":{"self":[{"href":"https:\/\/www.europesays.com\/no\/wp-json\/wp\/v2\/posts\/113115","targetHints":{"allow":["GET"]}}],"collection":[{"href":"https:\/\/www.europesays.com\/no\/wp-json\/wp\/v2\/posts"}],"about":[{"href":"https:\/\/www.europesays.com\/no\/wp-json\/wp\/v2\/types\/post"}],"author":[{"embeddable":true,"href":"https:\/\/www.europesays.com\/no\/wp-json\/wp\/v2\/users\/2"}],"replies":[{"embeddable":true,"href":"https:\/\/www.europesays.com\/no\/wp-json\/wp\/v2\/comments?post=113115"}],"version-history":[{"count":0,"href":"https:\/\/www.europesays.com\/no\/wp-json\/wp\/v2\/posts\/113115\/revisions"}],"wp:featuredmedia":[{"embeddable":true,"href":"https:\/\/www.europesays.com\/no\/wp-json\/wp\/v2\/media\/113116"}],"wp:attachment":[{"href":"https:\/\/www.europesays.com\/no\/wp-json\/wp\/v2\/media?parent=113115"}],"wp:term":[{"taxonomy":"category","embeddable":true,"href":"https:\/\/www.europesays.com\/no\/wp-json\/wp\/v2\/categories?post=113115"},{"taxonomy":"post_tag","embeddable":true,"href":"https:\/\/www.europesays.com\/no\/wp-json\/wp\/v2\/tags?post=113115"}],"curies":[{"name":"wp","href":"https:\/\/api.w.org\/{rel}","templated":true}]}}