{"id":113122,"date":"2025-12-14T17:10:38","date_gmt":"2025-12-14T17:10:38","guid":{"rendered":"https:\/\/www.europesays.com\/no\/113122\/"},"modified":"2025-12-14T17:10:38","modified_gmt":"2025-12-14T17:10:38","slug":"midt-inni-jula-er-det-ingenting-bare-rundtomkring","status":"publish","type":"post","link":"https:\/\/www.europesays.com\/no\/113122\/","title":{"rendered":"Midt inni jula er det ingenting, bare rundtomkring?"},"content":{"rendered":"<p>Det n\u00e6rmer seg jul. N\u00e5r kirkeklokkene kimer h\u00f8ytiden inn, er alt christ-maset over for denne gang! Mange er utslitte etter alt maset med handel og x-antall julebord. For ogs\u00e5 i \u00e5r har vi tatt julen p\u00e5 forskudd! Advent har p\u00e5 mange m\u00e5ter blitt selve julefeiringen. Og det har blitt\u00a0 mye mas og lite tid til \u00e5 tenke p\u00e5 et barn som engang ble f\u00f8dt i Betlehem. P\u00e5 mange m\u00e5ter har jula blitt kremmerens h\u00f8ytid. Forbrukerfesten har liten plass til Jesusbarnet!<\/p>\n<p>Jeg m\u00e5 gjenta til det kjedsommelige \u2013 Den norske kirke og frimenighetene har ikke monopol p\u00e5 jula. Alle eier jula! Det er derfor viktig ikke gi noen fasitsvar p\u00e5 hva som er den riktige m\u00e5ten \u00e5 feire jul p\u00e5. \u00abTa jula tilbake\u00bb er et slagord. Men kommer oppfordringen fra kirken, blir slagordet fort moraliserende.<\/p>\n<p>Det er viktig at kirken m\u00f8ter menneskers religi\u00f8se lengsel med \u00e5penhet og ikke ford\u00f8mmer noen. Skarpskodde teologer og forkynnere skal ikke f\u00e5 ta undringen og dragningen mot det mystiske fra oss. I det norske folk har det i de seneste \u00e5r foreg\u00e5tt en vending mot filosofiske sp\u00f8rsm\u00e5l, f\u00f8lelser, verdier, mot det mystiske, mot det religi\u00f8se. For livet m\u00e5 v\u00e6re noe mer!<\/p>\n<p>Vi ikke b\u00e6rer med oss gull, r\u00f8kelse og myrra som de tre kongene fra \u00f8sten, men i likhet med dem er vi sannhetss\u00f8kende og b\u00e6rer med oss en lengsel. Mange er p\u00e5 leting og s\u00f8ker ogs\u00e5 p\u00e5 det religi\u00f8se marked etter en dypere innsikt. S\u00e5 er sp\u00f8rsm\u00e5let om vi har en \u00e5pen og lyttende folkekirke som kan hjelpe oss til \u00e5 finne svar p\u00e5 de sp\u00f8rsm\u00e5l vi stiller i desember, en m\u00e5ned full av motsetninger.<\/p>\n<p>De som har krefter igjen etter en anstrengende advent til gudstjeneste julaften vil f\u00e5 h\u00f8re juleevangeliet slik vi finner det hos Lukas. Han som ble f\u00f8dt i Betlehem m\u00f8tte mennesker med \u00e5penhet. Han trakk de utst\u00f8tte inn i fellesskapet. Og i sin forkynnelse ga ha mennesker tr\u00f8st og h\u00e5p. Kj\u00e6rlighetens budskap sprengte grenser. Dette er mer enn tomme ord. Om vi sliter eller lykkes, om vi gleder oss til julefeiringen eller ser frem til hverdagene p\u00e5 ny\u00e5ret, s\u00e5 kommer julen med sitt budskap om forsoning og frigj\u00f8ring.<\/p>\n<p>La jul v\u00e6re jul! Vi legger forskjellig innhold i feiringen. Det er mange alternativer! I v\u00e5rt flerkulturelle samfunn feires julen p\u00e5 ulike m\u00e5ter. Det finnes ikke noe fasitsvar n\u00e5r det blir stilt sp\u00f8rsm\u00e5l om hvordan h\u00f8ytiden skal feires!<\/p>\n<p>Men for mange h\u00f8rer fortsatt julegudstjenesten med. I fjor gikk nesten 45000 til kirken julaften. For barndommens julegudstjeneste- og alle minnene er viktige for meg. Vi h\u00f8rer juleevangeliet og synger Deilig er jorden, b\u00e5de julaften og p\u00e5 konserter i adventstiden. For religi\u00f8siteten lever midt i all christ-maset.<\/p>\n<p> Men det er ikke sant at det ikke er noe midt inni jula, bare rundt omkring, bare rundt omkring. For det er sannelig mye rudtomkring. Barna star likevel fortsatt sentralt i h\u00f8ytiden. Og det er noe eget med barn. N\u00e5r vi har et nyf\u00f8dt barn i v\u00e5re armer, skjer det noe med oss. Det er som om isen smelter og vi f\u00e5r kontakt med noe av det dypeste i oss selv. Det er noe av det samme som skjer med mange av oss n\u00e5r vi synger barndommens julesanger. For barndommens julegudstjeneste- og alle minnene er viktige for barn i alle aldre! Og siden barnet er det sentrale midt inni jula, kan vi \u00f8nske hverandre god jul og legge til f\u00f8lgende hilsen: Til lykke f\u00f8dselen!<\/p>\n<p>Knut S. BakkenPensjonert prest, Oslo<\/p>\n<p>Send inn ditt debattinnlegg til redaksjonen@altaposten.no, og merk innlegget med Debatt<\/p>\n","protected":false},"excerpt":{"rendered":"Det n\u00e6rmer seg jul. N\u00e5r kirkeklokkene kimer h\u00f8ytiden inn, er alt christ-maset over for denne gang! Mange er&hellip;\n","protected":false},"author":2,"featured_media":113123,"comment_status":"","ping_status":"","sticky":false,"template":"","format":"standard","meta":{"footnotes":""},"categories":[12],"tags":[5722,12491,20,21,24,25,15,10512,13184,5593,22,23,13,30,28,29,14,16,10430,3377,26,27,42,43,44,45],"class_list":{"0":"post-113122","1":"post","2":"type-post","3":"status-publish","4":"format-standard","5":"has-post-thumbnail","7":"category-verden","8":"tag-advent","9":"tag-betlehem","10":"tag-breaking-news","11":"tag-breakingnews","12":"tag-featured-news","13":"tag-featurednews","14":"tag-headlines","15":"tag-hoytid","16":"tag-hoytider","17":"tag-jul","18":"tag-latest-news","19":"tag-latestnews","20":"tag-news","21":"tag-no","22":"tag-norge","23":"tag-norway","24":"tag-nyheter","25":"tag-overskrifter","26":"tag-prest","27":"tag-samfunn","28":"tag-top-stories","29":"tag-topstories","30":"tag-verden","31":"tag-world","32":"tag-world-news","33":"tag-worldnews"},"share_on_mastodon":{"url":"https:\/\/pubeurope.com\/@no\/115719033707993340","error":""},"_links":{"self":[{"href":"https:\/\/www.europesays.com\/no\/wp-json\/wp\/v2\/posts\/113122","targetHints":{"allow":["GET"]}}],"collection":[{"href":"https:\/\/www.europesays.com\/no\/wp-json\/wp\/v2\/posts"}],"about":[{"href":"https:\/\/www.europesays.com\/no\/wp-json\/wp\/v2\/types\/post"}],"author":[{"embeddable":true,"href":"https:\/\/www.europesays.com\/no\/wp-json\/wp\/v2\/users\/2"}],"replies":[{"embeddable":true,"href":"https:\/\/www.europesays.com\/no\/wp-json\/wp\/v2\/comments?post=113122"}],"version-history":[{"count":0,"href":"https:\/\/www.europesays.com\/no\/wp-json\/wp\/v2\/posts\/113122\/revisions"}],"wp:featuredmedia":[{"embeddable":true,"href":"https:\/\/www.europesays.com\/no\/wp-json\/wp\/v2\/media\/113123"}],"wp:attachment":[{"href":"https:\/\/www.europesays.com\/no\/wp-json\/wp\/v2\/media?parent=113122"}],"wp:term":[{"taxonomy":"category","embeddable":true,"href":"https:\/\/www.europesays.com\/no\/wp-json\/wp\/v2\/categories?post=113122"},{"taxonomy":"post_tag","embeddable":true,"href":"https:\/\/www.europesays.com\/no\/wp-json\/wp\/v2\/tags?post=113122"}],"curies":[{"name":"wp","href":"https:\/\/api.w.org\/{rel}","templated":true}]}}