{"id":113126,"date":"2025-12-14T17:12:10","date_gmt":"2025-12-14T17:12:10","guid":{"rendered":"https:\/\/www.europesays.com\/no\/113126\/"},"modified":"2025-12-14T17:12:10","modified_gmt":"2025-12-14T17:12:10","slug":"nyheter-dalen-person-funnet-dod-i-dalen","status":"publish","type":"post","link":"https:\/\/www.europesays.com\/no\/113126\/","title":{"rendered":"Nyheter, Dalen | Person funnet d\u00f8d i Dalen"},"content":{"rendered":"\n<p>S\u00f8ndag har politiet funnet en d\u00f8d person i Dalen. Politiet melder at de setter det i sammenheng med den savnede skienskvinnen som ble sist sett 29. november.<\/p>\n<p>P\u00e5r\u00f8rende er varslet.<\/p>\n<p>Personen er forel\u00f8pig ikke hentet ut og heller ikke offisielt identifisert. D\u00f8ds\u00e5rsak er ukjent. Funnet ble gjort ved bruk av politiets helikopter, i s\u00f8ksomr\u00e5det.<\/p>\n<p>\u2013 Funnstedet ligger i et sv\u00e6rt krevende terreng og det planlegges \u00e5 hente ut personen ved bruk av luftressurser. Det planlegges \u00e5 f\u00e5 utf\u00f8rt dette p\u00e5 en sikker m\u00e5te s\u00e5 snart som mulig, melder operasjonsleder Lise Bj\u00f8rnsund, i S\u00f8r-\u00d8st politidistrikt.<\/p>\n<p>  <a href=\"https:\/\/www.ta.no\/5-50-2235852\" class=\"related-teaser has-image default-story-teaser article--c-eRUmMG article--c-eRUmMG-jKCPdD-design-default\" rel=\"nofollow noopener\" target=\"_blank\"><\/p>\n<p>    <img decoding=\"async\" loading=\"lazy\"  src=\"https:\/\/www.europesays.com\/no\/wp-content\/uploads\/2025\/12\/1765732330_38_IMG_1599.JPG\" alt=\"\" class=\"brick-c-cFOWSL\" style=\"\"\/><\/p>\n<p>\n            Les ogs\u00e5<\/p>\n<p>              Tungt \u00e5 avslutte s\u00f8ket etter savnet: \u2013 En million sp\u00f8rsm\u00e5l om hva vi kunne gjort annerledes\n        <\/p>\n<p>  <\/a><br \/>\n  Ulykke<\/p>\n<p>Hun melder videre at terrenget ved funnstedet er krevende og det er et v\u00e6rutsatt omr\u00e5de.<\/p>\n<p>\u2013 Vurderinger vil blir gjort mandag morgen med tanke p\u00e5 v\u00e6rforholdene i n\u00e6rmeste framtid, opplyser Bj\u00f8rnsund.<\/p>\n<p>Politiets hovedhypotese er at det er en ulykke.<\/p>\n<p>Kvinnen, som bor i Skien, ble sist sett l\u00f8rdag 29. november like f\u00f8r hun reiste til Dalen for \u00e5 g\u00e5 L\u00e5rdalsstigen. Bilen hennes ble funnet p\u00e5 en tilh\u00f8rende parkering i n\u00e6rheten, og mobilen hennes ble sist registrert i turomr\u00e5det.<\/p>\n<p>Politi, samt et stort hjelpeapparat fra det frivillige, hjalp til med leteaksjonen som til slutt m\u00e5tte avbrytes p\u00e5 grunn av sikkerhet. Det har v\u00e6rt mye d\u00e5rlig v\u00e6r i omr\u00e5det og s\u00f8ket har v\u00e6rt sv\u00e6rt vanskelig. Politiet har brukt helikopter, drone og hunder i tillegg til mennesker, og kvinnen ble til slutt funnet ved bruk av helikopter.<\/p>\n","protected":false},"excerpt":{"rendered":"S\u00f8ndag har politiet funnet en d\u00f8d person i Dalen. Politiet melder at de setter det i sammenheng med&hellip;\n","protected":false},"author":2,"featured_media":103382,"comment_status":"","ping_status":"","sticky":false,"template":"","format":"standard","meta":{"footnotes":""},"categories":[5],"tags":[36,20,21,13805,576,24,25,15,19,22,23,17,18,13,30,28,29,14,16,48,1510,26,27],"class_list":{"0":"post-113126","1":"post","2":"type-post","3":"status-publish","4":"format-standard","5":"has-post-thumbnail","7":"category-overskrifter","8":"tag-art","9":"tag-breaking-news","10":"tag-breakingnews","11":"tag-dalen","12":"tag-dodsfall","13":"tag-featured-news","14":"tag-featurednews","15":"tag-headlines","16":"tag-hovedoppslag","17":"tag-latest-news","18":"tag-latestnews","19":"tag-main-news","20":"tag-mainnews","21":"tag-news","22":"tag-no","23":"tag-norge","24":"tag-norway","25":"tag-nyheter","26":"tag-overskrifter","27":"tag-savnet","28":"tag-story","29":"tag-top-stories","30":"tag-topstories"},"share_on_mastodon":{"url":"https:\/\/pubeurope.com\/@no\/115719041592993326","error":""},"_links":{"self":[{"href":"https:\/\/www.europesays.com\/no\/wp-json\/wp\/v2\/posts\/113126","targetHints":{"allow":["GET"]}}],"collection":[{"href":"https:\/\/www.europesays.com\/no\/wp-json\/wp\/v2\/posts"}],"about":[{"href":"https:\/\/www.europesays.com\/no\/wp-json\/wp\/v2\/types\/post"}],"author":[{"embeddable":true,"href":"https:\/\/www.europesays.com\/no\/wp-json\/wp\/v2\/users\/2"}],"replies":[{"embeddable":true,"href":"https:\/\/www.europesays.com\/no\/wp-json\/wp\/v2\/comments?post=113126"}],"version-history":[{"count":0,"href":"https:\/\/www.europesays.com\/no\/wp-json\/wp\/v2\/posts\/113126\/revisions"}],"wp:featuredmedia":[{"embeddable":true,"href":"https:\/\/www.europesays.com\/no\/wp-json\/wp\/v2\/media\/103382"}],"wp:attachment":[{"href":"https:\/\/www.europesays.com\/no\/wp-json\/wp\/v2\/media?parent=113126"}],"wp:term":[{"taxonomy":"category","embeddable":true,"href":"https:\/\/www.europesays.com\/no\/wp-json\/wp\/v2\/categories?post=113126"},{"taxonomy":"post_tag","embeddable":true,"href":"https:\/\/www.europesays.com\/no\/wp-json\/wp\/v2\/tags?post=113126"}],"curies":[{"name":"wp","href":"https:\/\/api.w.org\/{rel}","templated":true}]}}