{"id":113135,"date":"2025-12-14T17:25:21","date_gmt":"2025-12-14T17:25:21","guid":{"rendered":"https:\/\/www.europesays.com\/no\/113135\/"},"modified":"2025-12-14T17:25:21","modified_gmt":"2025-12-14T17:25:21","slug":"strandterror-i-sydney-tolv-drept-i-masseskyting-pa-bondi-beach","status":"publish","type":"post","link":"https:\/\/www.europesays.com\/no\/113135\/","title":{"rendered":"Strandterror i Sydney: Tolv drept i masse\u00adskyting p\u00e5 Bondi Beach:"},"content":{"rendered":"<p>Tolv personer er drept og 29 s\u00e5ret i terrorangrepet ved Bondi Beach i Sydney.<\/p>\n<p>Angrepet skjedde samtidig som den j\u00f8diske h\u00f8ytiden hanukka ble feiret. Skytingen etterforskes som terror rettet mot j\u00f8der.<\/p>\n<p>\u2013 Angrepet var ment \u00e5 ramme det j\u00f8diske samfunnet i Sydney, sier f\u00f8rsteminister Chris Minns i delstaten New South Wales.<\/p>\n<p>De mistenkte gjerningspersonenes identitet er enn\u00e5 ikke offentliggjort fra myndighetene.\u00a0<\/p>\n<p>\u00c9n av dem er blant de d\u00f8de, mens den andre er kritisk skadet.\u00a0<\/p>\n<p>        <img class=\"image__img lazyload\" itemprop=\"image\" title=\"Foto: Skjermbilde via X\" alt=\"GJERNINGSPERSONER: En video viser to antatte gjerningsmenn, som l\u00f8fter sine v\u00e5pen og skyter fra en bro. Foto: Skjermbilde via X\" width=\"675\" height=\"379\" bad-src=\"https:\/\/www.europesays.com\/no\/wp-content\/uploads\/2025\/12\/18383453.webp\" fetchpriority=\"auto\" \/><\/p>\n<p>      GJERNINGSPERSONER: En video viser to antatte gjerningsmenn, som l\u00f8fter sine v\u00e5pen og skyter fra en bro.<br \/>\n         Foto: Skjermbilde via X<\/p>\n<p>Holocaust-overlever drept\u00a0<\/p>\n<p>Politiet opplyser at det ble avfyrt et stort antall skudd, og at over tusen mennesker var til stede p\u00e5 stranden da skytingen startet.<\/p>\n<p>Blant ofrene er Alex Kleytman. Hans kone gjennom 57 \u00e5r, Holocaust-overlevende Larisa Kleytman, bekrefter til <a href=\"https:\/\/www.theaustralian.com.au\/subscribe\/news\/1\/?sourceCode=TAWEB_WRE170_a&amp;dest=https%3A%2F%2Fwww.theaustralian.com.au%2Fnation%2Frabbi-fatheroffive-holocaust-survivor-are-among-12-dead%2Fnews-story%2F5f417cff96f88a6d2ddced463f54a610&amp;memtype=anonymous&amp;mode=premium&amp;v21=GROUPB-Segment-1-NOSCORE&amp;V21spcbehaviour=append\" style=\"letter-spacing: 0.01em; font-size: calc(16px + 0vw);\" rel=\"nofollow noopener\" target=\"_blank\">The Australian<\/a>\u00a0at ektemannen er blant de drepte.<\/p>\n<p>        <img class=\"image__img lazyload\" itemprop=\"image\" title=\"Foto: Dean Lewis \/ EPA \/ NTB\" alt=\"KONA: Larisa Kleytman, kona til offeret Alex Kleytman, forlater St. Vincent\u2019s Hospital etter skyteepisoden p\u00e5 Bondi Beach i Sydney s\u00f8ndag. Foto: Dean Lewis \/ EPA \/ NTB\" width=\"607\" height=\"340\" bad-src=\"https:\/\/www.europesays.com\/no\/wp-content\/uploads\/2025\/12\/18384496.webp\" fetchpriority=\"auto\" \/><\/p>\n<p>      KONA: Larisa Kleytman, kona til offeret Alex Kleytman, forlater St. Vincent\u2019s Hospital etter skyteepisoden p\u00e5 Bondi Beach i Sydney s\u00f8ndag.<br \/>\n         Foto: Dean Lewis \/ EPA \/ NTB<\/p>\n<p>Alex Kleytman vokste opp i Sibir og jobbet som sivilingeni\u00f8r. Han og kona innvandret til Australia fra Ukraina for mange \u00e5r siden.<\/p>\n<p>Larisa Kleytman forteller at ekteparet, som begge overlevde Holocaust som barn, pleide \u00e5 delta p\u00e5 den \u00e5rlige Hanukka-feiringen ved stranden.<\/p>\n<p>\u2013 N\u00e5 har jeg ikke lenger noen ektemann. Ingen kan gi meg svar, sier hun.<\/p>\n<p>Hun forteller at de h\u00f8rte skuddene og at mange kastet seg mot bakken.<\/p>\n<p>\u2013 F\u00f8rst var han bak meg. S\u00e5 kom han n\u00e6rmere og kastet seg over meg, sier hun.<\/p>\n<p>Overmannet skyteren: \u2013 En ekte helt<\/p>\n<p>Videoer fra stedet viser at \u00e9n av gjerningsmennene blir overmannet av en mann p\u00e5 stedet. Mannen avv\u00e6pner skyteren og tvinger ham til \u00e5 trekke seg tilbake.<\/p>\n<p>Imens fortsetter den andre gjerningspersonen \u00e5 skyte.\u00a0<\/p>\n<p>Til 7News sier en mann som omtales som fetteren hans, Mustafa, at det er deres slektning som griper inn i videoen.<\/p>\n<p>Tobarnsfar Ahmed al Ahmed (43), en frukthandler fra Sutherland, skal ha v\u00e6rt tilfeldig forbipasserende da han grep inn. Han hadde ingen erfaring med v\u00e5pen.<\/p>\n<p>Han ble skutt to ganger og er innlagt p\u00e5 sykehus.<\/p>\n<p>\u2013 Vi h\u00e5per han kommer til \u00e5 klare seg. Han er 100 prosent en helt, sier fetteren.<\/p>\n<p>Ogs\u00e5 delstatens f\u00f8rsteminister hyller mannen.<\/p>\n<p>\u2013 Det er det mest utrolige jeg har sett. Denne mannen er en vaskeekte helt, og jeg tviler ikke et sekund p\u00e5 at mange fortsatt er i live takket v\u00e6re hans mot, sier Minns if\u00f8lge NBC.<\/p>\n<p>        <img class=\"image__img lazyload\" itemprop=\"image\" title=\"Foto: Mark Baker \/ AP \/ NTB\" alt=\"SKADET: En mann blir lempet om bord i en ambulanse ved Bondi Beach i Sydney. Foto: Mark Baker \/ AP \/ NTB\" width=\"675\" height=\"453\" bad-src=\"https:\/\/www.europesays.com\/no\/wp-content\/uploads\/2025\/12\/18383525.webp\" fetchpriority=\"auto\" \/><\/p>\n<p>      SKADET: En mann blir lempet om bord i en ambulanse ved Bondi Beach i Sydney.<br \/>\n         Foto: Mark Baker \/ AP \/ NTB<\/p>\n<p>Etterforsker mulig tredje gjerningsperson<\/p>\n<p>Politiet etterforsker n\u00e5 om det kan ha v\u00e6rt en tredje gjerningsperson involvert.<\/p>\n<p>\u2013 Jeg kan ikke bekrefte at det finnes noen tredje gjerningsperson, men vi skal snu hver stein n\u00e5r vi etterforsker saken, sier politisjef Mel Lanyon.<\/p>\n<p>Politiet har ogs\u00e5 unders\u00f8kt det som f\u00f8rst ble mistenkt \u00e5 v\u00e6re en hjemmelaget bombe p\u00e5 stranden. Det er if\u00f8lge politiet ikke lenger noen fare for offentligheten, melder ABC.\u00a0<\/p>\n<p>Samtidig bekreftet politiet at de hadde funnet flere eksplosiver i et kj\u00f8ret\u00f8y i n\u00e6rheten. Omr\u00e5det er sperret av.<\/p>\n<p>Til Dagbladet opplyser norsk UD at de ikke har f\u00e5tt informasjon om at nordmenn skal ha blitt skadet i skytingen.<\/p>\n<p>J\u00f8disk feiring<\/p>\n<p class=\"bold m-bold\" data-lab-font_weight=\"bold\">\u2013 Den ondskapen som ble sluppet l\u00f8s p\u00e5 Bondi Beach i dag, er utenfor alle fatteevne, sier statsminister Anthony Albanese i en uttalelse.<\/p>\n<p>Han lover at alle n\u00f8dvendige ressurser settes inn for \u00e5 sikre det j\u00f8diske samfunnet.<\/p>\n<p>        <img class=\"image__img lazyload\" itemprop=\"image\" title=\"Foto: SAEED KHAN \/ AFP \/ NTB\" alt=\"BL\u00c5LYS: Politi og helsepersonell har rykket med store ressurser til Bondi Beach. Foto: SAEED KHAN \/ AFP \/ NTB\" width=\"675\" height=\"453\" bad-src=\"https:\/\/www.europesays.com\/no\/wp-content\/uploads\/2025\/12\/18383596.webp\" fetchpriority=\"auto\" \/><\/p>\n<p>      BL\u00c5LYS: Politi og helsepersonell har rykket med store ressurser til Bondi Beach.<br \/>\n         Foto: SAEED KHAN \/ AFP \/ NTB<\/p>\n<p>\u2013 Vi m\u00e5 fortelle j\u00f8dene i landet at vi vil dedikere hver eneste ressurs som er n\u00f8dvendig for \u00e5 s\u00f8rge for at dere f\u00f8ler dere trygge og beskyttet, sier han videre.\u00a0<\/p>\n<p>        <img class=\"image__img lazyload\" itemprop=\"image\" title=\"Foto: Skjermbilde via X\" alt=\"FLYKTER: Folk l\u00f8per fra stedet, mens skuddene ljomer p\u00e5 Bondi Beach s\u00f8ndag. Foto: Skjermbilde via X\" width=\"675\" height=\"662\" bad-src=\"https:\/\/www.europesays.com\/no\/wp-content\/uploads\/2025\/12\/18383454.webp\" fetchpriority=\"auto\" \/><\/p>\n<p>      FLYKTER: Folk l\u00f8per fra stedet, mens skuddene ljomer p\u00e5 Bondi Beach s\u00f8ndag.<br \/>\n         Foto: Skjermbilde via X<\/p>\n<p>Israels president Isaac Herzog omtaler angrepet som et angrep p\u00e5 det j\u00f8diske folk.<\/p>\n<p>\u2013 V\u00e5re br\u00f8dre og s\u00f8stre har blitt angrepet av onde terrorister i et fryktelig angrep mot j\u00f8der som dro for \u00e5 tenne hanukkas f\u00f8rste lys p\u00e5 Bondi Beach, sier han.<\/p>\n<p> Flere australske delstater har varslet \u00f8kt beredskap i forbindelse med hanukkafeiringen. <\/p>\n","protected":false},"excerpt":{"rendered":"Tolv personer er drept og 29 s\u00e5ret i terrorangrepet ved Bondi Beach i Sydney. Angrepet skjedde samtidig som&hellip;\n","protected":false},"author":2,"featured_media":113136,"comment_status":"","ping_status":"","sticky":false,"template":"","format":"standard","meta":{"footnotes":""},"categories":[12],"tags":[20,21,24,25,15,22,23,13,30,28,29,14,16,26,27,42,43,44,45],"class_list":{"0":"post-113135","1":"post","2":"type-post","3":"status-publish","4":"format-standard","5":"has-post-thumbnail","7":"category-verden","8":"tag-breaking-news","9":"tag-breakingnews","10":"tag-featured-news","11":"tag-featurednews","12":"tag-headlines","13":"tag-latest-news","14":"tag-latestnews","15":"tag-news","16":"tag-no","17":"tag-norge","18":"tag-norway","19":"tag-nyheter","20":"tag-overskrifter","21":"tag-top-stories","22":"tag-topstories","23":"tag-verden","24":"tag-world","25":"tag-world-news","26":"tag-worldnews"},"share_on_mastodon":{"url":"https:\/\/pubeurope.com\/@no\/115719092516393318","error":""},"_links":{"self":[{"href":"https:\/\/www.europesays.com\/no\/wp-json\/wp\/v2\/posts\/113135","targetHints":{"allow":["GET"]}}],"collection":[{"href":"https:\/\/www.europesays.com\/no\/wp-json\/wp\/v2\/posts"}],"about":[{"href":"https:\/\/www.europesays.com\/no\/wp-json\/wp\/v2\/types\/post"}],"author":[{"embeddable":true,"href":"https:\/\/www.europesays.com\/no\/wp-json\/wp\/v2\/users\/2"}],"replies":[{"embeddable":true,"href":"https:\/\/www.europesays.com\/no\/wp-json\/wp\/v2\/comments?post=113135"}],"version-history":[{"count":0,"href":"https:\/\/www.europesays.com\/no\/wp-json\/wp\/v2\/posts\/113135\/revisions"}],"wp:featuredmedia":[{"embeddable":true,"href":"https:\/\/www.europesays.com\/no\/wp-json\/wp\/v2\/media\/113136"}],"wp:attachment":[{"href":"https:\/\/www.europesays.com\/no\/wp-json\/wp\/v2\/media?parent=113135"}],"wp:term":[{"taxonomy":"category","embeddable":true,"href":"https:\/\/www.europesays.com\/no\/wp-json\/wp\/v2\/categories?post=113135"},{"taxonomy":"post_tag","embeddable":true,"href":"https:\/\/www.europesays.com\/no\/wp-json\/wp\/v2\/tags?post=113135"}],"curies":[{"name":"wp","href":"https:\/\/api.w.org\/{rel}","templated":true}]}}