{"id":113137,"date":"2025-12-14T17:26:09","date_gmt":"2025-12-14T17:26:09","guid":{"rendered":"https:\/\/www.europesays.com\/no\/113137\/"},"modified":"2025-12-14T17:26:09","modified_gmt":"2025-12-14T17:26:09","slug":"strompris-strom-sa-mye-sparte-norgespris-kunder-i-tonsberg-i-november","status":"publish","type":"post","link":"https:\/\/www.europesays.com\/no\/113137\/","title":{"rendered":"Str\u00f8mpris, Str\u00f8m | S\u00e5 mye sparte Norgespris-kunder i T\u00f8nsberg i november"},"content":{"rendered":"\n<p>If\u00f8lge en pressemelding fra strompriser.no har 63,3% av husholdningene i T\u00f8nsberg kommune valgt Norgespris. Disse sparte flere hundre kroner i en av \u00e5rets dyreste m\u00e5neder.<\/p>\n<p>Rekordh\u00f8ye priser<\/p>\n<p>Dette har v\u00e6rt en sv\u00e6rt dyr m\u00e5ned, med b\u00e5de h\u00f8stens h\u00f8yeste enkelttime og den h\u00f8yeste d\u00f8gnsnittprisen hittil i \u00e5r. Lite vindkraft, kaldt v\u00e6r, og islegging i svenske elver og vann, presset prisene opp, opplyser Alf-Henning Drage i <a href=\"http:\/\/strompriser.no\/\" rel=\"nofollow noopener\" target=\"_blank\">strompriser.no<\/a> sin pressemelding.<\/p>\n<p>De rekordh\u00f8ye str\u00f8mprisene gjorde at husholdninger med Norgespris sparte rundt 590 kroner i november. Snittprisen for str\u00f8m i T\u00f8nsberg endte p\u00e5 118 \u00f8re\/kWh inkl. mva, hele 46% h\u00f8yere enn samme m\u00e5ned i fjor. Med str\u00f8mst\u00f8tte falt snittprisen til 89 \u00f8re\/kWh, men fortsatt langt over Norgespris p\u00e5 50 \u00f8re\/kWh, viser tall fra <a href=\"http:\/\/strompriser.no\/\" rel=\"nofollow noopener\" target=\"_blank\">strompriser.no<\/a>.<\/p>\n<p>If\u00f8lge Drage b\u00f8d november p\u00e5 store og uforutsigbare prisutslag, med alt fra 7 \u00f8re\/kWh til hele 440 \u00f8re\/kWh inkl. mva.<\/p>\n<p>Sparer mye<\/p>\n<p>Slik ser Drages regnestykke ut for en gjennomsnittlig husholdning i T\u00f8nsberg med et forbruk p\u00e5 1 500 kWh i november:<\/p>\n<p>Snittpris med str\u00f8mst\u00f8tte: 89 \u00f8re\/kWh (beregnet time for time basert p\u00e5 en forbruksprofil med h\u00f8yere bruk p\u00e5 morgen og kveld)<\/p>\n<p>Norgespris: 50 \u00f8re\/kWh<\/p>\n<p>Differanse: 39 \u00f8re\/kWh<\/p>\n<p><b>Besparelse: 39 \u00f8re \u00d7 1 500 kWh = 590 kroner<\/b><\/p>\n<p>Det betyr at str\u00f8mst\u00f8tte-alternativet i praksis ble hele 78 % dyrere enn Norgespris i november, opplyser Drage i pressemeldingen.<\/p>\n","protected":false},"excerpt":{"rendered":"If\u00f8lge en pressemelding fra strompriser.no har 63,3% av husholdningene i T\u00f8nsberg kommune valgt Norgespris. Disse sparte flere hundre&hellip;\n","protected":false},"author":2,"featured_media":113138,"comment_status":"","ping_status":"","sticky":false,"template":"","format":"standard","meta":{"footnotes":""},"categories":[10],"tags":[36,20,21,24,25,15,22,23,13,30,28,3333,29,14,16,572,1510,243,1490,26,27,431,825],"class_list":{"0":"post-113137","1":"post","2":"type-post","3":"status-publish","4":"format-standard","5":"has-post-thumbnail","7":"category-norge","8":"tag-art","9":"tag-breaking-news","10":"tag-breakingnews","11":"tag-featured-news","12":"tag-featurednews","13":"tag-headlines","14":"tag-latest-news","15":"tag-latestnews","16":"tag-news","17":"tag-no","18":"tag-norge","19":"tag-norgespris","20":"tag-norway","21":"tag-nyheter","22":"tag-overskrifter","23":"tag-okonomi","24":"tag-story","25":"tag-strom","26":"tag-strompris","27":"tag-top-stories","28":"tag-topstories","29":"tag-tonsberg","30":"tag-vestfold"},"share_on_mastodon":{"url":"https:\/\/pubeurope.com\/@no\/115719096581046551","error":""},"_links":{"self":[{"href":"https:\/\/www.europesays.com\/no\/wp-json\/wp\/v2\/posts\/113137","targetHints":{"allow":["GET"]}}],"collection":[{"href":"https:\/\/www.europesays.com\/no\/wp-json\/wp\/v2\/posts"}],"about":[{"href":"https:\/\/www.europesays.com\/no\/wp-json\/wp\/v2\/types\/post"}],"author":[{"embeddable":true,"href":"https:\/\/www.europesays.com\/no\/wp-json\/wp\/v2\/users\/2"}],"replies":[{"embeddable":true,"href":"https:\/\/www.europesays.com\/no\/wp-json\/wp\/v2\/comments?post=113137"}],"version-history":[{"count":0,"href":"https:\/\/www.europesays.com\/no\/wp-json\/wp\/v2\/posts\/113137\/revisions"}],"wp:featuredmedia":[{"embeddable":true,"href":"https:\/\/www.europesays.com\/no\/wp-json\/wp\/v2\/media\/113138"}],"wp:attachment":[{"href":"https:\/\/www.europesays.com\/no\/wp-json\/wp\/v2\/media?parent=113137"}],"wp:term":[{"taxonomy":"category","embeddable":true,"href":"https:\/\/www.europesays.com\/no\/wp-json\/wp\/v2\/categories?post=113137"},{"taxonomy":"post_tag","embeddable":true,"href":"https:\/\/www.europesays.com\/no\/wp-json\/wp\/v2\/tags?post=113137"}],"curies":[{"name":"wp","href":"https:\/\/api.w.org\/{rel}","templated":true}]}}