{"id":113144,"date":"2025-12-14T17:34:10","date_gmt":"2025-12-14T17:34:10","guid":{"rendered":"https:\/\/www.europesays.com\/no\/113144\/"},"modified":"2025-12-14T17:34:10","modified_gmt":"2025-12-14T17:34:10","slug":"porsanger-alta-beskjed-fra-meteorologen-skumle-temperaturforhold","status":"publish","type":"post","link":"https:\/\/www.europesays.com\/no\/113144\/","title":{"rendered":"Porsanger, Alta | Beskjed fra meteorologen: \u2013 Skumle temperaturforhold"},"content":{"rendered":"\n<p>S\u00f8ndagen preges av kraftig vind i Finnmark.<\/p>\n<p>\u2013 Den nye v\u00e6rstasjonen p\u00e5 Sennalandet viser kolossalt med vind n\u00e5. Der er det fortsatt observasjoner opp i full storm.<\/p>\n<p>N\u00e5r dette kombineres med minus ni grader, blir det ekstremt kaldt, forklarer meteorolog Gunnar Noer, f\u00f8r han forbereder oss p\u00e5 en v\u00e6rhard start p\u00e5 uka som ligger foran oss.<\/p>\n<p>\u2013 Det kommer et nytt v\u00e6rsystem mandag ettermiddag som gir mer nedb\u00f8r, stort sett som sn\u00f8.<\/p>\n<p><b>S\u00e6rlig p\u00e5 vidda ventes det nedb\u00f8r, og dette kan skape utfordrende forhold p\u00e5 veien. Men riktig vanskelig blir det n\u00e5r temperaturen snur. <\/b><\/p>\n<p>Natt til tirsdag kan det bli overgang til plussgrader flere steder. S\u00e6rlig i h\u00f8yden, forklarer han og advarer mot flekkvis isete veier og glatt f\u00f8re. Dette ventes \u00e5 vare ut hele tirsdagen.<\/p>\n<p>\u2013 Det blir fortsatt litt vind ogs\u00e5, men vesentlig mindre enn s\u00f8ndag og mandag, betrygger meteorologen.<\/p>\n<p>Utover tirsdagen ventes nedb\u00f8ren \u00e5 avta.<\/p>\n<p>\u2013 Det blir stort sett oppholdsv\u00e6r, men skumle temperaturforhold, avslutter Noer og ber folk kj\u00f8re forsiktig og v\u00e6re godt forberedt om man skulle f\u00e5 en stans.<\/p>\n<p>  <a href=\"https:\/\/www.ifinnmark.no\/5-81-2363974\" class=\"related-teaser has-image default-story-teaser article--c-eRUmMG article--c-eRUmMG-jKCPdD-design-default\" rel=\"nofollow noopener\" target=\"_blank\"><\/p>\n<p>    <img decoding=\"async\" loading=\"lazy\"  src=\"https:\/\/www.europesays.com\/no\/wp-content\/uploads\/2025\/12\/Mal1fb2s+-+2025-12-14T101320.131.jpg\" alt=\"\" class=\"brick-c-cFOWSL\" style=\"\"\/><\/p>\n<p>\n            Les ogs\u00e5<\/p>\n<p>              En rekke veier stengt p\u00e5 grunn av uv\u00e6r\n        <\/p>\n<p>  <\/a><\/p>\n","protected":false},"excerpt":{"rendered":"S\u00f8ndagen preges av kraftig vind i Finnmark. \u2013 Den nye v\u00e6rstasjonen p\u00e5 Sennalandet viser kolossalt med vind n\u00e5.&hellip;\n","protected":false},"author":2,"featured_media":11753,"comment_status":"","ping_status":"","sticky":false,"template":"","format":"standard","meta":{"footnotes":""},"categories":[10],"tags":[215,36,20,21,24,25,2058,15,22,23,13,30,28,29,14,16,5047,1510,26,27,553,552],"class_list":{"0":"post-113144","1":"post","2":"type-post","3":"status-publish","4":"format-standard","5":"has-post-thumbnail","7":"category-norge","8":"tag-alta","9":"tag-art","10":"tag-breaking-news","11":"tag-breakingnews","12":"tag-featured-news","13":"tag-featurednews","14":"tag-hammerfest","15":"tag-headlines","16":"tag-latest-news","17":"tag-latestnews","18":"tag-news","19":"tag-no","20":"tag-norge","21":"tag-norway","22":"tag-nyheter","23":"tag-overskrifter","24":"tag-porsanger","25":"tag-story","26":"tag-top-stories","27":"tag-topstories","28":"tag-vaer","29":"tag-vei"},"share_on_mastodon":{"url":"https:\/\/pubeurope.com\/@no\/115719128008840312","error":""},"_links":{"self":[{"href":"https:\/\/www.europesays.com\/no\/wp-json\/wp\/v2\/posts\/113144","targetHints":{"allow":["GET"]}}],"collection":[{"href":"https:\/\/www.europesays.com\/no\/wp-json\/wp\/v2\/posts"}],"about":[{"href":"https:\/\/www.europesays.com\/no\/wp-json\/wp\/v2\/types\/post"}],"author":[{"embeddable":true,"href":"https:\/\/www.europesays.com\/no\/wp-json\/wp\/v2\/users\/2"}],"replies":[{"embeddable":true,"href":"https:\/\/www.europesays.com\/no\/wp-json\/wp\/v2\/comments?post=113144"}],"version-history":[{"count":0,"href":"https:\/\/www.europesays.com\/no\/wp-json\/wp\/v2\/posts\/113144\/revisions"}],"wp:featuredmedia":[{"embeddable":true,"href":"https:\/\/www.europesays.com\/no\/wp-json\/wp\/v2\/media\/11753"}],"wp:attachment":[{"href":"https:\/\/www.europesays.com\/no\/wp-json\/wp\/v2\/media?parent=113144"}],"wp:term":[{"taxonomy":"category","embeddable":true,"href":"https:\/\/www.europesays.com\/no\/wp-json\/wp\/v2\/categories?post=113144"},{"taxonomy":"post_tag","embeddable":true,"href":"https:\/\/www.europesays.com\/no\/wp-json\/wp\/v2\/tags?post=113144"}],"curies":[{"name":"wp","href":"https:\/\/api.w.org\/{rel}","templated":true}]}}