{"id":113155,"date":"2025-12-14T17:51:29","date_gmt":"2025-12-14T17:51:29","guid":{"rendered":"https:\/\/www.europesays.com\/no\/113155\/"},"modified":"2025-12-14T17:51:29","modified_gmt":"2025-12-14T17:51:29","slug":"modell-frida-aasen-har-blitt-mamma","status":"publish","type":"post","link":"https:\/\/www.europesays.com\/no\/113155\/","title":{"rendered":"Modell Frida Aasen har blitt mamma"},"content":{"rendered":"\n<p class=\"_lead_o9xde_2 _lead_xtcu6_50 layout-component text-serif-m layout-normal text-serif-l layout-component layout-wide layout-padded _wide_17hqh_1 layout-padded\">Det skriver 31-\u00e5ringen til sine 1 million f\u00f8lgere p\u00e5 Instagram s\u00f8ndag. <\/p>\n<p><img alt=\"Her sammen med ektemannen Tommy Chiabra i sommer.  Foto: SEBASTIEN NOGIER \/ EPA \/ NTB\" class=\"_image_qp4xg_65 layout-component layout-wide\" data-fullscreen- data-track-element-type=\"Article image fullscreen\" data-track-name=\"ImageFullscreen\" fetchpriority=\"high\" decoding=\"sync\" loading=\"eager\" height=\"1451\" itemprop=\"image\"  src=\"https:\/\/www.europesays.com\/no\/wp-content\/uploads\/2025\/12\/395a267c-5c17-4a37-9cd8-b5efdb1d2e4a\"  style=\"object-position:0% 0%\" width=\"2177\"\/>Her sammen med ektemannen Tommy Chiabra i sommer.  Foto: SEBASTIEN NOGIER \/ EPA \/ NTB<\/p>\n<ul aria-hidden=\"true\" class=\"_images_ntbth_112\">\n<li><a class=\"_link_ntbth_117\" href=\"https:\/\/www.vg.no\/forfatter\/signe-rosenlund-hauglid\" style=\"z-index:1\" title=\"Signe Rosenlund-Hauglid\" rel=\"nofollow noopener\" target=\"_blank\"><img alt=\"Bilde av Signe Rosenlund-Hauglid\" class=\"_image_ntbth_93\" fetchpriority=\"low\" loading=\"lazy\" decoding=\"async\" itemprop=\"image\"  src=\"https:\/\/www.europesays.com\/no\/wp-content\/uploads\/2025\/12\/1765734689_677_65e9df60-b046-4add-b7dd-10f1cf4fbd21\"  width=\"480\"\/><\/a><\/li>\n<\/ul>\n<p> Oppdatert s\u00f8ndag 14. desember kl. 17:27     <\/p>\n<p class=\"_paragraph_o9xde_4 _paragraph_xtcu6_10 layout-component text-serif-m layout-normal text-serif-m layout-padded\">Aasen har lagt ut bilde som viser en liten barneh\u00e5nd holde rundt lillefingeren hennes. <\/p>\n<p class=\"_paragraph_o9xde_4 _paragraph_xtcu6_10 layout-component text-serif-m layout-normal text-serif-m layout-padded\">Under bildet skriver hun \u00ab06.12.25 Mia Grace Velkommen til verden v\u00e5rt lille mirakel\u00bb. Aasen er gift med den italienske entrepren\u00f8ren Tommy Chiabra. <\/p>\n<p><img alt=\"Foto: Skjermdump Instagram\" class=\"_image_qp4xg_65 layout-component layout-normal\" data-fullscreen- data-track-element-type=\"Article image fullscreen\" data-track-name=\"ImageFullscreen\" decoding=\"async\" loading=\"lazy\" height=\"1867\" itemprop=\"image\"  src=\"https:\/\/www.europesays.com\/no\/wp-content\/uploads\/2025\/12\/c0ab77d6-3549-482c-8f78-cdcc1a0f669d\"  style=\"object-position:0% 0%\" width=\"1179\"\/>Foto: Skjermdump Instagram<\/p>\n<p class=\"_paragraph_o9xde_4 _paragraph_xtcu6_10 layout-component text-serif-m layout-normal text-serif-m layout-padded\">Aasen, som er fra Kristiansand, har hatt en lang karriere som modell, og er blant annet den f\u00f8rste norske modellen som har deltatt p\u00e5 Victoria\u2019s Secret Fashion Show, der hun gikk i 2017 og 2018. <\/p>\n<p><img alt=\"Her fra Victoria's Secret Fashion Show i New York, 2018.   Foto: TIMOTHY A. CLARY \/ AFP\" class=\"_image_qp4xg_65 layout-component layout-normal\" data-fullscreen- data-track-element-type=\"Article image fullscreen\" data-track-name=\"ImageFullscreen\" decoding=\"async\" loading=\"lazy\" height=\"3827\" itemprop=\"image\"  src=\"https:\/\/www.europesays.com\/no\/wp-content\/uploads\/2025\/12\/c539575f-e30e-4786-becc-b1f4c39c6a7a\"  style=\"object-position:0% 0%\" width=\"5694\"\/>Her fra Victoria&#8217;s Secret Fashion Show i New York, 2018.   Foto: TIMOTHY A. CLARY \/ AFP    <\/p>\n","protected":false},"excerpt":{"rendered":"Det skriver 31-\u00e5ringen til sine 1 million f\u00f8lgere p\u00e5 Instagram s\u00f8ndag. Her sammen med ektemannen Tommy Chiabra i&hellip;\n","protected":false},"author":2,"featured_media":113156,"comment_status":"","ping_status":"","sticky":false,"template":"","format":"standard","meta":{"footnotes":""},"categories":[59],"tags":[30,28,29,83,82],"class_list":{"0":"post-113155","1":"post","2":"type-post","3":"status-publish","4":"format-standard","5":"has-post-thumbnail","7":"category-sport","8":"tag-no","9":"tag-norge","10":"tag-norway","11":"tag-sport","12":"tag-sports"},"share_on_mastodon":{"url":"https:\/\/pubeurope.com\/@no\/115719194912909858","error":""},"_links":{"self":[{"href":"https:\/\/www.europesays.com\/no\/wp-json\/wp\/v2\/posts\/113155","targetHints":{"allow":["GET"]}}],"collection":[{"href":"https:\/\/www.europesays.com\/no\/wp-json\/wp\/v2\/posts"}],"about":[{"href":"https:\/\/www.europesays.com\/no\/wp-json\/wp\/v2\/types\/post"}],"author":[{"embeddable":true,"href":"https:\/\/www.europesays.com\/no\/wp-json\/wp\/v2\/users\/2"}],"replies":[{"embeddable":true,"href":"https:\/\/www.europesays.com\/no\/wp-json\/wp\/v2\/comments?post=113155"}],"version-history":[{"count":0,"href":"https:\/\/www.europesays.com\/no\/wp-json\/wp\/v2\/posts\/113155\/revisions"}],"wp:featuredmedia":[{"embeddable":true,"href":"https:\/\/www.europesays.com\/no\/wp-json\/wp\/v2\/media\/113156"}],"wp:attachment":[{"href":"https:\/\/www.europesays.com\/no\/wp-json\/wp\/v2\/media?parent=113155"}],"wp:term":[{"taxonomy":"category","embeddable":true,"href":"https:\/\/www.europesays.com\/no\/wp-json\/wp\/v2\/categories?post=113155"},{"taxonomy":"post_tag","embeddable":true,"href":"https:\/\/www.europesays.com\/no\/wp-json\/wp\/v2\/tags?post=113155"}],"curies":[{"name":"wp","href":"https:\/\/api.w.org\/{rel}","templated":true}]}}