{"id":113163,"date":"2025-12-14T18:11:08","date_gmt":"2025-12-14T18:11:08","guid":{"rendered":"https:\/\/www.europesays.com\/no\/113163\/"},"modified":"2025-12-14T18:11:08","modified_gmt":"2025-12-14T18:11:08","slug":"vaer-trafikk-vegtrafikksentralen-folk-kan-ikke-forvente-at-det-er-100-prosent-hele-tiden-tronder-avisa","status":"publish","type":"post","link":"https:\/\/www.europesays.com\/no\/113163\/","title":{"rendered":"V\u00e6r, Trafikk | Vegtrafikksentralen: \u2013 Folk kan ikke forvente at det er 100 prosent hele tiden &#8211; Tr\u00f8nder-Avisa"},"content":{"rendered":"<ol>\n<li><a href=\"https:\/\/news.google.com\/rss\/articles\/CBMirwFBVV95cUxOZHFnRnJMYUU4OEhhUHVIb0xZUHExWU9hM3AwSzRSRk5XX0VHbV80V3hTMDBhcFA3V3pBd2dDLWhvX3c3MnJtTWZwMktCYm1PY2JJSTRBbUZ6clc1ODBhbEI5SllLbFBEaU5vWDVzUlFZYnRTaWhPZ0QyeWkwUHZuc2hMM0ExR29Sam16SDZsdk5ET0o1T2Zod3AyeWRYdFV3b3Z0aVBHS1VGVUE2Ym4w?oc=5\" target=\"_blank\" rel=\"nofollow noopener\">V\u00e6r, Trafikk | Vegtrafikksentralen: \u2013 Folk kan ikke forvente at det er 100 prosent hele tiden<\/a>&nbsp;&nbsp;Tr\u00f8nder-Avisa<\/li>\n<li><a href=\"https:\/\/news.google.com\/rss\/articles\/CBMi0AFBVV95cUxOdl95bGdEbGR6a0hCc2RSOU9FRUl5MkVNTUJDV2FFb2diSHNhZnl3YnBvTXlDLWNZQ1cwM2xISWllc2JsYTR4bFVUd0x4ZVlrVENlaFBxVHJKVU5DN25wNHlVY3RKOGI5WEZqZEpSU3ZGM0hobGhnNFNaNVRJNFhuS0RyNzZmdmtjSWl6ZkR0emZtNkg3aFZYVDR5RERoeWQtdHR3WnFXRVg5RFRzWlpnNGh4V19PTmN5dHRoVnZQbGZJVXJwRTR5U2R4N0psUlZp?oc=5\" target=\"_blank\" rel=\"nofollow noopener\">Dr\u00f8ymer du om kvit jul?<\/a>&nbsp;&nbsp;NRK<\/li>\n<li><a href=\"https:\/\/news.google.com\/rss\/articles\/CBMikgFBVV95cUxNNnpaQWc0ekdQUk5jVldBSTlwdnlqbzByVU1YbmROdWt2eFQtR3dpWm1aY3JNNUJRZzhIY2dlb2R4WHFPMFgzZGFSeGwzdXZhdm04endnZ2hWZGxobU5PV2trXzRzTDFYb05KWmhZR0J2OGtNMDFoTjZSTmxHOUs3cEZBSTRJOTlldEhydk9UaWw1Zw?oc=5\" target=\"_blank\" rel=\"nofollow noopener\">Julev\u00e6ret: \u2013 Det ser ikke s\u00e5 lovende ut<\/a>&nbsp;&nbsp;adressa.no<\/li>\n<li><a href=\"https:\/\/news.google.com\/rss\/articles\/CBMimwFBVV95cUxPYmJpZFNDVVJ6QnVGZWdVOTdwOE9zTHlZQVQ2UFZvdEdLOU4zc1NHZjZCWTZHSVp1VXFabTFrdjRucmZhSDN5U1dWVkRJbS1tZjl3aWljVHE4N0RYMjE4Y0x1ZmdocmxfeDBDaTZPSVdZekNRdGgwR25JX182Y0Y4d00xMER2SkZDWDZNZGgwajQ0bExtMWs4Y3V5Zw?oc=5\" target=\"_blank\" rel=\"nofollow noopener\">V\u00e6r, Nyheter | Meteorologen om julev\u00e6ret: \u2013 Det er nok det beste vi kan h\u00e5pe p\u00e5<\/a>&nbsp;&nbsp;Akershus Amtstidende<\/li>\n<li><a href=\"https:\/\/news.google.com\/rss\/articles\/CBMiggFBVV95cUxPcnllQ29uZGllLTNral9XaGlHYkF5ZndwT1pqdDY3SVlPUHhjcFZGYzVseS1Sd0tKQVVYV0s0azk0RU1STm5GZVFvWUNvMUt2NUluUnZLbDFQcGgzLTRySFNoS2cwY2FWTlQ2b2dZR3N2UFZXQjF4LVkyQlRucVVhV1JR?oc=5\" target=\"_blank\" rel=\"nofollow noopener\">V\u00e6r, Sjusj\u00f8en | S\u00e5 liten er sjansen for hvit jul<\/a>&nbsp;&nbsp;Ringsaker Blad<\/li>\n<\/ol>\n","protected":false},"excerpt":{"rendered":"V\u00e6r, Trafikk | Vegtrafikksentralen: \u2013 Folk kan ikke forvente at det er 100 prosent hele tiden&nbsp;&nbsp;Tr\u00f8nder-Avisa Dr\u00f8ymer du&hellip;\n","protected":false},"author":2,"featured_media":113164,"comment_status":"","ping_status":"","sticky":false,"template":"","format":"standard","meta":{"footnotes":""},"categories":[10],"tags":[20,21,24,25,15,22,23,13,30,28,29,14,16,26,27],"class_list":{"0":"post-113163","1":"post","2":"type-post","3":"status-publish","4":"format-standard","5":"has-post-thumbnail","7":"category-norge","8":"tag-breaking-news","9":"tag-breakingnews","10":"tag-featured-news","11":"tag-featurednews","12":"tag-headlines","13":"tag-latest-news","14":"tag-latestnews","15":"tag-news","16":"tag-no","17":"tag-norge","18":"tag-norway","19":"tag-nyheter","20":"tag-overskrifter","21":"tag-top-stories","22":"tag-topstories"},"share_on_mastodon":{"url":"https:\/\/pubeurope.com\/@no\/115719273375031362","error":""},"_links":{"self":[{"href":"https:\/\/www.europesays.com\/no\/wp-json\/wp\/v2\/posts\/113163","targetHints":{"allow":["GET"]}}],"collection":[{"href":"https:\/\/www.europesays.com\/no\/wp-json\/wp\/v2\/posts"}],"about":[{"href":"https:\/\/www.europesays.com\/no\/wp-json\/wp\/v2\/types\/post"}],"author":[{"embeddable":true,"href":"https:\/\/www.europesays.com\/no\/wp-json\/wp\/v2\/users\/2"}],"replies":[{"embeddable":true,"href":"https:\/\/www.europesays.com\/no\/wp-json\/wp\/v2\/comments?post=113163"}],"version-history":[{"count":0,"href":"https:\/\/www.europesays.com\/no\/wp-json\/wp\/v2\/posts\/113163\/revisions"}],"wp:featuredmedia":[{"embeddable":true,"href":"https:\/\/www.europesays.com\/no\/wp-json\/wp\/v2\/media\/113164"}],"wp:attachment":[{"href":"https:\/\/www.europesays.com\/no\/wp-json\/wp\/v2\/media?parent=113163"}],"wp:term":[{"taxonomy":"category","embeddable":true,"href":"https:\/\/www.europesays.com\/no\/wp-json\/wp\/v2\/categories?post=113163"},{"taxonomy":"post_tag","embeddable":true,"href":"https:\/\/www.europesays.com\/no\/wp-json\/wp\/v2\/tags?post=113163"}],"curies":[{"name":"wp","href":"https:\/\/api.w.org\/{rel}","templated":true}]}}