{"id":113169,"date":"2025-12-14T18:19:10","date_gmt":"2025-12-14T18:19:10","guid":{"rendered":"https:\/\/www.europesays.com\/no\/113169\/"},"modified":"2025-12-14T18:19:10","modified_gmt":"2025-12-14T18:19:10","slug":"rabbiner-drept-i-terrorangrepet-i-sydney","status":"publish","type":"post","link":"https:\/\/www.europesays.com\/no\/113169\/","title":{"rendered":"Rabbiner drept i terrorangrepet i Sydney"},"content":{"rendered":"\n<ul class=\"_list_o9xde_3 _list_64s2r_85 _unordered_o9xde_106 text-sans-m\">\n<li class=\"_item_o9xde_30\">Minst 12 personer ble drept i et m\u00e5lrettet angrep mot den j\u00f8diske Hanukka-feiringen i Sydney.<\/li>\n<li class=\"_item_o9xde_30\">Mer enn 1000 mennesker var til stede da skytingen startet. <\/li>\n<li class=\"_item_o9xde_30\">To av de drepte er navngitt i australske og israelske medier.<\/li>\n<\/ul>\n<p>Vis mer <\/p>\n<p class=\"_paragraph_o9xde_4 _paragraph_xtcu6_10 layout-component text-serif-m layout-normal text-serif-m layout-padded\">Mange mennesker, unge som gamle, var samlet i en park like bak den kjente stranden Bondi Beach for \u00e5 feire inngangen til den j\u00f8diske h\u00f8ytiden Hanukka HanukkaEn j\u00f8disk h\u00f8ytid som feirer gjeninnvielsen av det andre tempelet i Jerusalem og mirakelet med oljelampen som brant i \u00e5tte dager. . <\/p>\n<p class=\"_paragraph_o9xde_4 _paragraph_xtcu6_10 layout-component text-serif-m layout-normal text-serif-m layout-padded\">Det var mer enn 1000 mennesker p\u00e5 den verdenskjente stranden da skytingen begynte, sier politisjef Mal Lanyon i New South Wales.<\/p>\n<p class=\"_paragraph_o9xde_4 _paragraph_xtcu6_10 layout-component text-serif-m layout-normal text-serif-m layout-padded\"><strong class=\"_strong_o9xde_25\">P\u00e5 en pressekonferanse s\u00f8ndag sa australske myndigheter at de etterforsker masseskytingen som et m\u00e5lrettet terrorangrep mot den j\u00f8diske befolkningen. <\/strong><\/p>\n<p class=\"_paragraph_o9xde_4 _paragraph_xtcu6_10 layout-component text-serif-m layout-normal text-serif-m layout-padded\">Minst<a href=\"https:\/\/www.vg.no\/nyheter\/i\/bOKr23\/meldt-om-skyting-ved-bondi-beach-i-sydney\" data-track-element-type=\"Link\" data-track-id=\"link:bOKr23\" class=\"_link_o9xde_39\" rel=\"nofollow noopener\" target=\"_blank\"> 12 personer, inkludert en skytter, er bekreftet d\u00f8de<\/a> og minst 29 har f\u00e5tt behandling p\u00e5 sykehus. <\/p>\n<p class=\"_paragraph_o9xde_4 _paragraph_xtcu6_10 layout-component text-serif-m layout-normal text-serif-m layout-padded\">S\u00f8ndag kveld norsk tid begynner navnene p\u00e5 de f\u00f8rste ofrene \u00e5 bli bekreftet.<\/p>\n<p><img alt=\"Foto: Privat\" class=\"_image_qp4xg_65 layout-component layout-normal\" data-fullscreen- data-track-element-type=\"Article image fullscreen\" data-track-name=\"ImageFullscreen\" decoding=\"async\" loading=\"lazy\" height=\"501\" itemprop=\"image\"  src=\"https:\/\/www.europesays.com\/no\/wp-content\/uploads\/2025\/12\/e6d8aa36-951f-43e8-802f-148b29add639\"  style=\"object-position:0% 0%\" width=\"455\"\/>Foto: Privat\u2013 Elsket \u00e5 hjelpe andre<\/p>\n<p class=\"_paragraph_o9xde_4 _paragraph_xtcu6_10 layout-component text-serif-m layout-normal text-serif-m layout-padded\">Blant de drepte er rabbiner Eli Schlanger (41). Han er opprinnelig britisk, og har fem barn, der den siste ble f\u00f8dt i oktober i \u00e5r, skriver <a href=\"https:\/\/www.bbc.com\/news\/live\/ckgk391yzm7t\" class=\"_link_o9xde_39\" rel=\"nofollow noopener\" target=\"_blank\">BBC<\/a>. <\/p>\n<p class=\"_paragraph_o9xde_4 _paragraph_xtcu6_10 layout-component text-serif-m layout-normal text-serif-m layout-padded\">BBC News har snakket med Schlangers s\u00f8skenbarn, Zalman Lewis. Han beskriver avd\u00f8de som en \u00ablivlig, energisk, utadvendt person som var varm, full av liv og som elsket \u00e5 hjelpe andre mennesker\u00bb.  <\/p>\n<p class=\"_paragraph_o9xde_4 _paragraph_xtcu6_10 layout-component text-serif-m layout-normal text-serif-m layout-padded\">Schlanger jobbet for Chabad of Bondi, skriver flere australske og israelske medier. <\/p>\n<p class=\"_paragraph_o9xde_4 _paragraph_xtcu6_10 layout-component text-serif-m layout-normal text-serif-m layout-padded\">\u2013 I 18 \u00e5r har han tjent samfunnet som rabbi og forretter i Bondi, utrettelig knyttet til sitt arbeid, skriver den j\u00f8diske organisasjonen Chabad p\u00e5 sine nettsider.<\/p>\n<p class=\"_paragraph_o9xde_4 _paragraph_xtcu6_10 layout-component text-serif-m layout-normal text-serif-m layout-padded\">Det var Chabad of Bondi som arrangerte Hanukka-ved-sj\u00f8en ved inngangen til den j\u00f8diske h\u00f8ytiden. Arrangementet har v\u00e6rt en tradisjon i flere ti\u00e5r.<\/p>\n<p class=\"_paragraph_o9xde_4 _paragraph_xtcu6_10 layout-component text-serif-m layout-normal text-serif-m layout-padded\">Bare noen timer tidligere postet Schlanger om familiefesten p\u00e5 sin egen Facebook-side.<\/p>\n<p class=\"_paragraph_o9xde_4 _paragraph_xtcu6_10 layout-component text-serif-m layout-normal text-serif-m layout-padded\">Her inviterte menigheten til underholdning, leker, is og mat \u2013 i tillegg til religi\u00f8se aktiviteter og lystenning.<\/p>\n<p class=\"_paragraph_o9xde_4 _paragraph_xtcu6_10 layout-component text-serif-m layout-normal text-serif-m layout-padded\">\u00abBli med og feire lyset av Hanukka sammen med menigheten v\u00e5r. Ta med deg venner, ta med familien, la oss fylle Bondi med glede og lys!\u00bb<\/p>\n<p><img alt=\"\" class=\"_image_qp4xg_65 layout-component layout-normal\" data-fullscreen- data-track-element-type=\"Article image fullscreen\" data-track-name=\"ImageFullscreen\" decoding=\"async\" loading=\"lazy\" height=\"391\" itemprop=\"image\"  src=\"https:\/\/www.europesays.com\/no\/wp-content\/uploads\/2025\/12\/fb45b59b-9bd9-4a14-990c-60ef145206bd\"  style=\"object-position:0% 0%\" width=\"768\"\/>Overlevde Holocaust, drept p\u00e5 Bondi<\/p>\n<p class=\"_paragraph_o9xde_4 _paragraph_xtcu6_10 layout-component text-serif-m layout-normal text-serif-m layout-padded\">HolocaustHolocaustFolkemordet p\u00e5 seks millioner j\u00f8der og millioner av andre minoriteter av nazistene under andre verdenskrig.-overlevende Larisa Kleytman bekrefter til avisen The Australian at hennes ektemann gjennom 57 \u00e5r, Alex Kleytman, er blant de drepte i s\u00f8ndagens terrorangrep.<\/p>\n<p class=\"_paragraph_o9xde_4 _paragraph_xtcu6_10 layout-component text-serif-m layout-normal text-serif-m layout-padded\">\u2013 N\u00e5 har jeg ikke lenger noen ektemann, sier hun.<\/p>\n<p class=\"_paragraph_o9xde_4 _paragraph_xtcu6_10 layout-component text-serif-m layout-normal text-serif-m layout-padded\">Alex Kleytman vokste opp i Sibir og jobbet som ingeni\u00f8r. B\u00e5de han og kona innvandret til <a href=\"https:\/\/www.vg.no\/tag\/australia?utm_source=vg-article&amp;utm_medium=auto-tagger&amp;utm_campaign=0pEypo\" class=\"_link_o9xde_39\" rel=\"nofollow noopener\" target=\"_blank\">Australia<\/a> fra Ukraina for mange \u00e5r siden. <\/p>\n<p class=\"_paragraph_o9xde_4 _paragraph_xtcu6_10 layout-component text-serif-m layout-normal text-serif-m layout-padded\">Larisa forteller at ekteparet, som begge overlevde Holocaust da de var barn, pleide \u00e5 delta p\u00e5 den \u00e5rlige Hanukka-feiringen ved stranden.<\/p>\n<p class=\"_paragraph_o9xde_4 _paragraph_xtcu6_10 layout-component text-serif-m layout-normal text-serif-m layout-padded\">\u2013 Det var en veldig fin feiring, i veldig mange \u00e5r. I dag begynte noen plutselig \u00e5 skyte og mannen min er en av dem som ble drept.<\/p>\n<p class=\"_paragraph_o9xde_4 _paragraph_xtcu6_10 layout-component text-serif-m layout-normal text-serif-m layout-padded\">Hun forteller at de h\u00f8rte skuddene og at mange kastet seg mot bakken.<\/p>\n<p class=\"_paragraph_o9xde_4 _paragraph_xtcu6_10 layout-component text-serif-m layout-normal text-serif-m layout-padded\">\u2013 F\u00f8rst var han bak meg og s\u00e5 kom han n\u00e6rmere og kastet seg mot meg, sier hun.<\/p>\n<p class=\"_paragraph_o9xde_4 _paragraph_xtcu6_10 layout-component text-serif-m layout-normal text-serif-m layout-padded\">Kleytman forteller at hun tror ektemannen d\u00f8de fordi han pr\u00f8vde \u00e5 beskytte henne med kroppen sin. <\/p>\n<p><img alt=\"Larisa Kleytman p\u00e5 vei ut fra St. Vincent's Hospital s\u00f8ndag.   Foto: DEAN LEWINS \/ EPA \/ NTB\" class=\"_image_qp4xg_65 layout-component layout-normal\" data-fullscreen- data-track-element-type=\"Article image fullscreen\" data-track-name=\"ImageFullscreen\" decoding=\"async\" loading=\"lazy\" height=\"3438\" itemprop=\"image\"  src=\"https:\/\/www.europesays.com\/no\/wp-content\/uploads\/2025\/12\/8ac01425-afd2-4e68-9c68-6f1d8b52f700\"  style=\"object-position:0% 0%\" width=\"5155\"\/>Larisa Kleytman p\u00e5 vei ut fra St. Vincent&#8217;s Hospital s\u00f8ndag.   Foto: DEAN LEWINS \/ EPA \/ NTB\u2013 Det var kropper overalt<\/p>\n<p class=\"_paragraph_o9xde_4 _paragraph_xtcu6_10 layout-component text-serif-m layout-normal text-serif-m layout-padded\">En familiefar snakker med <a href=\"https:\/\/7news.com.au\/news\/bondi-beach-shooting-gunmen-open-fire-at-australias-most-famous-beach-with-fears-of-multiple-dead-c-21000601\" class=\"_link_o9xde_39\" rel=\"nofollow noopener\" target=\"_blank\">7News<\/a> id\u00e9t han forlater sykehuset etter \u00e5 ha f\u00e5tt behandling for splintskader fra et hagleskudd:<\/p>\n<p class=\"_paragraph_o9xde_4 _paragraph_xtcu6_10 layout-component text-serif-m layout-normal text-serif-m layout-padded\">\u2013 Det var skremmende. Personen som sto rett ved siden av meg ble mye hardere skadet enn meg, sier mannen som vil bli omtalt som \u00abDovey\u00bb.<\/p>\n<p class=\"_paragraph_o9xde_4 _paragraph_xtcu6_10 layout-component text-serif-m layout-normal text-serif-m layout-padded\">\u2013 Jeg fikk tak i ungene mine og l\u00f8p for livet ned mot stranden. Kona mi tok to av barna og l\u00f8p motsatt vei. Det var fullt kaos. <\/p>\n<p class=\"_paragraph_o9xde_4 _paragraph_xtcu6_10 layout-component text-serif-m layout-normal text-serif-m layout-padded\">Etter \u00e5 ha gjemt seg litt, gikk han opp igjen for \u00e5 lete etter resten av familien. <\/p>\n<p class=\"_paragraph_o9xde_4 _paragraph_xtcu6_10 layout-component text-serif-m layout-normal text-serif-m layout-padded\">\u2013 Det var kropper overalt, det var som en scene som du aldri, aldri i livet, kunne se for deg skje p\u00e5 Bondi Beach, sier mannen.<\/p>\n<p class=\"_paragraph_o9xde_4 _paragraph_xtcu6_10 layout-component text-serif-m layout-normal text-serif-m layout-padded\">S\u00f8ndag kveld er han p\u00e5 sykehuset for \u00e5 f\u00e5 behandling for en skuddskade i ryggen.<\/p>\n<p class=\"_paragraph_o9xde_4 _paragraph_xtcu6_10 layout-component text-serif-m layout-normal text-serif-m layout-padded\">\u2013 Jeg ble truffet av et v\u00e5deskudd i ryggen. Legen fjernet en liten splint, de gravde den ut og plastret meg opp. Men jeg er en av de heldige, sier han.<\/p>\n","protected":false},"excerpt":{"rendered":"Minst 12 personer ble drept i et m\u00e5lrettet angrep mot den j\u00f8diske Hanukka-feiringen i Sydney. Mer enn 1000&hellip;\n","protected":false},"author":2,"featured_media":113170,"comment_status":"","ping_status":"","sticky":false,"template":"","format":"standard","meta":{"footnotes":""},"categories":[5],"tags":[47,20,21,24,25,15,19,22,23,17,18,13,30,28,29,14,16,3686,26,27],"class_list":{"0":"post-113169","1":"post","2":"type-post","3":"status-publish","4":"format-standard","5":"has-post-thumbnail","7":"category-overskrifter","8":"tag-australia","9":"tag-breaking-news","10":"tag-breakingnews","11":"tag-featured-news","12":"tag-featurednews","13":"tag-headlines","14":"tag-hovedoppslag","15":"tag-latest-news","16":"tag-latestnews","17":"tag-main-news","18":"tag-mainnews","19":"tag-news","20":"tag-no","21":"tag-norge","22":"tag-norway","23":"tag-nyheter","24":"tag-overskrifter","25":"tag-terror","26":"tag-top-stories","27":"tag-topstories"},"share_on_mastodon":{"url":"https:\/\/pubeurope.com\/@no\/115719305165883930","error":""},"_links":{"self":[{"href":"https:\/\/www.europesays.com\/no\/wp-json\/wp\/v2\/posts\/113169","targetHints":{"allow":["GET"]}}],"collection":[{"href":"https:\/\/www.europesays.com\/no\/wp-json\/wp\/v2\/posts"}],"about":[{"href":"https:\/\/www.europesays.com\/no\/wp-json\/wp\/v2\/types\/post"}],"author":[{"embeddable":true,"href":"https:\/\/www.europesays.com\/no\/wp-json\/wp\/v2\/users\/2"}],"replies":[{"embeddable":true,"href":"https:\/\/www.europesays.com\/no\/wp-json\/wp\/v2\/comments?post=113169"}],"version-history":[{"count":0,"href":"https:\/\/www.europesays.com\/no\/wp-json\/wp\/v2\/posts\/113169\/revisions"}],"wp:featuredmedia":[{"embeddable":true,"href":"https:\/\/www.europesays.com\/no\/wp-json\/wp\/v2\/media\/113170"}],"wp:attachment":[{"href":"https:\/\/www.europesays.com\/no\/wp-json\/wp\/v2\/media?parent=113169"}],"wp:term":[{"taxonomy":"category","embeddable":true,"href":"https:\/\/www.europesays.com\/no\/wp-json\/wp\/v2\/categories?post=113169"},{"taxonomy":"post_tag","embeddable":true,"href":"https:\/\/www.europesays.com\/no\/wp-json\/wp\/v2\/tags?post=113169"}],"curies":[{"name":"wp","href":"https:\/\/api.w.org\/{rel}","templated":true}]}}