{"id":113171,"date":"2025-12-14T18:20:11","date_gmt":"2025-12-14T18:20:11","guid":{"rendered":"https:\/\/www.europesays.com\/no\/113171\/"},"modified":"2025-12-14T18:20:11","modified_gmt":"2025-12-14T18:20:11","slug":"gunhild-toldnes-viaplay-gunnhild-toldnes-avslorer-stemmeband-problemer-for-finalen","status":"publish","type":"post","link":"https:\/\/www.europesays.com\/no\/113171\/","title":{"rendered":"Gunhild Toldnes, Viaplay | Gunnhild Toldnes avsl\u00f8rer stemmeb\u00e5nd-problemer f\u00f8r finalen"},"content":{"rendered":"\n<p>   <img decoding=\"async\" width=\"1500\" height=\"440\" fetchpriority=\"low\"  loading=\"lazy\"  src=\"https:\/\/www.europesays.com\/no\/wp-content\/uploads\/2025\/12\/1765736411_939_HerErVi_Sport_1+person+%281%29.jpg\" alt=\"\" class=\"brick-c-cFOWSL\" style=\"--brick-image-ratio: 1500 \/ 440;\"\/><\/p>\n<p>ROTTERDAM, NEDERLAND (Nettavisen): Under s\u00f8ndagens oppbygging til Norges VM-finale mot Tyskland, la flere merke til at Viaplay-ekspert Gunnhild Toldnes hadde utfordringer med stemmen.<\/p>\n<p>Forklarer utfordringene<\/p>\n<p>Til Nettavisen forklarer den profilerte programlederen hva som er problemet.<\/p>\n<p>\u2013 Det er stemmeb\u00e5ndet mitt som spiller meg et skikkelig puss. Har aldri opplevd dette f\u00f8r, s\u00e5 jeg ble litt paff da jeg plutselig merket at stemmen nesten var borte i g\u00e5r, forklarer Toldnes til Nettavisen.<\/p>\n<p>\u2013 Formen er fin og jeg er frisk som en fisk, s\u00e5 ikke vet jeg hva som har skjedd. Kanskje er det en konsekvens av \u00e5 ha v\u00e6rt med Ole Erevik i tre uker. Da m\u00e5 man konstant bruke utestemme for \u00e5 komme til, sier Viaplay-profilen.<\/p>\n<p><b>Les ogs\u00e5: <a href=\"https:\/\/www.nettavisen.no\/sport\/thorir-hergeirsson-om-vm-vil-ikke-ga-igjen-som-et-spokelse\/s\/5-95-2778311\" rel=\"Follow nofollow noopener\" target=\"_blank\">Thorir Hergeirsson med tirade: \u2013 Handlingslammet<\/a><\/b><\/p>\n<p>Viaplay-profilen innr\u00f8mmer bekymring<\/p>\n<p>Toldnes legger ikke skjul p\u00e5 at stemmeproblemene har skapt bekymring inn mot finalesendingen.<\/p>\n<p>\u2013 Jeg var faktisk litt bekymret for om den ville komme tilbake til finalesendingen, og holdt fullstendig kjeft og snakket ikke med noen fra kl. 20 i g\u00e5r kveld og fram til sending i dag.<\/p>\n<p>\u2013 I tillegg har jeg gjort all verdens stemme\u00f8velser Chatgpt klarte grave fram for meg. Og det holdt, s\u00e5 vidt! Pen er den ikke, men jeg h\u00e5per seerne b\u00e6rer over med meg, legger hun til.<\/p>\n<p>39-\u00e5ringen er en av Viaplays mest profilerte programledere og har guidet seerne gjennom \u00e5rets h\u00e5ndball-VM.<\/p>\n<p>Toldnes er ogs\u00e5 et kjent fjes for de som f\u00f8lger Premier League p\u00e5 samme kanal.<\/p>\n<p>Norge vant for \u00f8vrig finalen mot Tyskland med 23-20 etter en sv\u00e6rt tett, jevn og dramatisk finale.<\/p>\n","protected":false},"excerpt":{"rendered":"ROTTERDAM, NEDERLAND (Nettavisen): Under s\u00f8ndagens oppbygging til Norges VM-finale mot Tyskland, la flere merke til at Viaplay-ekspert Gunnhild&hellip;\n","protected":false},"author":2,"featured_media":113172,"comment_status":"","ping_status":"","sticky":false,"template":"","format":"standard","meta":{"footnotes":""},"categories":[59],"tags":[30,28,29,83,82],"class_list":{"0":"post-113171","1":"post","2":"type-post","3":"status-publish","4":"format-standard","5":"has-post-thumbnail","7":"category-sport","8":"tag-no","9":"tag-norge","10":"tag-norway","11":"tag-sport","12":"tag-sports"},"share_on_mastodon":{"url":"https:\/\/pubeurope.com\/@no\/115719308944559442","error":""},"_links":{"self":[{"href":"https:\/\/www.europesays.com\/no\/wp-json\/wp\/v2\/posts\/113171","targetHints":{"allow":["GET"]}}],"collection":[{"href":"https:\/\/www.europesays.com\/no\/wp-json\/wp\/v2\/posts"}],"about":[{"href":"https:\/\/www.europesays.com\/no\/wp-json\/wp\/v2\/types\/post"}],"author":[{"embeddable":true,"href":"https:\/\/www.europesays.com\/no\/wp-json\/wp\/v2\/users\/2"}],"replies":[{"embeddable":true,"href":"https:\/\/www.europesays.com\/no\/wp-json\/wp\/v2\/comments?post=113171"}],"version-history":[{"count":0,"href":"https:\/\/www.europesays.com\/no\/wp-json\/wp\/v2\/posts\/113171\/revisions"}],"wp:featuredmedia":[{"embeddable":true,"href":"https:\/\/www.europesays.com\/no\/wp-json\/wp\/v2\/media\/113172"}],"wp:attachment":[{"href":"https:\/\/www.europesays.com\/no\/wp-json\/wp\/v2\/media?parent=113171"}],"wp:term":[{"taxonomy":"category","embeddable":true,"href":"https:\/\/www.europesays.com\/no\/wp-json\/wp\/v2\/categories?post=113171"},{"taxonomy":"post_tag","embeddable":true,"href":"https:\/\/www.europesays.com\/no\/wp-json\/wp\/v2\/tags?post=113171"}],"curies":[{"name":"wp","href":"https:\/\/api.w.org\/{rel}","templated":true}]}}