{"id":113177,"date":"2025-12-14T18:26:13","date_gmt":"2025-12-14T18:26:13","guid":{"rendered":"https:\/\/www.europesays.com\/no\/113177\/"},"modified":"2025-12-14T18:26:13","modified_gmt":"2025-12-14T18:26:13","slug":"elleve-drept-i-skyting-ved-bondi-beach-etterforskes-som-terror-mot-joder","status":"publish","type":"post","link":"https:\/\/www.europesays.com\/no\/113177\/","title":{"rendered":"Elleve drept i skyting ved Bondi Beach \u2013 etter\u00adforskes som terror mot j\u00f8der"},"content":{"rendered":"<p>\u2013 Dette angrepet var utformet for \u00e5 ramme Sydneys j\u00f8diske milj\u00f8, sier Chris Minns, leder i delstatsregjeringen i New South Wales, p\u00e5 en pressekonferanse.<\/p>\n<p>Den ene angriperen er d\u00f8d, mens den andre er kritisk skadet, if\u00f8lge politiet.<\/p>\n<p>Det var flere enn 1000 personer p\u00e5 den verdenskjente stranden da skytingen begynte, sier politisjef Mal Lanyon i delstaten.<\/p>\n<p>Hanukka-feiring<\/p>\n<p>To personer \u00e5pnet ild s\u00f8ndag kveld rett etter klokken 18.30 lokal tid, og n\u00f8detater rykket ut i stort omfang til meldingene om aktive skyttere. Det oppsto kaotiske scener p\u00e5 stedet da folk begynte \u00e5 flykte, viser videoer fra stedet. Vitner har beskrevet til lokale medier at flere titalls skudd ble avfyrt, enkelte sier opp mot 50 skudd.<\/p>\n<p>Politiet sendte helikoptre i luften og b\u00e5ter p\u00e5 sj\u00f8en ved stranden, som er en av Australias st\u00f8rste turistattraksjoner.<\/p>\n<p>Angrepet skjedde p\u00e5 den f\u00f8rste dagen av den j\u00f8diske h\u00f8ytiden hanukka. Flere hundre j\u00f8der var samlet p\u00e5 stranden for \u00e5 feire.<\/p>\n<p>\u2013 Det som skulle ha v\u00e6rt en kveld med fred og glede sammen med familier og st\u00f8ttespillere, har blitt knust av dette forferdelige onde angrepet, sier Minns.<\/p>\n<p>Unders\u00f8ker tredje person<\/p>\n<p>Politisjef Mal Lanyon sier at det er funnet hjemmelagede eksplosiver i en bil som knyttes til den avd\u00f8de gjerningspersonen, som unders\u00f8kes.<\/p>\n<p>Politiet unders\u00f8ker ogs\u00e5 om det kan ha v\u00e6rt en tredje gjerningsperson som de forel\u00f8pig ikke har kontroll p\u00e5, kan ha v\u00e6rt involvert i hendelsen.<\/p>\n<p>Lanyon vil ikke dele mange detaljer om gjerningspersonene, men sier at en av dem var s\u00e5 vidt kjent for politiet fra tidligere, men ikke en de ans\u00e5 som en trussel.<\/p>\n<p>Statsministeren ford\u00f8mmer<\/p>\n<p>Australias statsminister Anthony Albanese sier han er sjokkert og oppr\u00f8rt over angrepet.<\/p>\n<p>\u2013 En ond antisemittisk handling og terror har rammet hjertet av nasjonen v\u00e5r, sier han.<\/p>\n<p>Et angrep p\u00e5 j\u00f8diske australiere er et angrep p\u00e5 hver eneste australier, fortsetter han.<\/p>\n<p>\u2013 Det er ingen plass til dette hatet, volden og terroren i nasjonen v\u00e5r. La meg v\u00e6re tydelig p\u00e5 at vi vil utrydde det, sa Albanese.<\/p>\n<p>En rekke andre verdensledere har ogs\u00e5 ford\u00f8mt angrepet, deriblant statsminister Jonas Gahr St\u00f8re (Ap). Han sier han vil ha dialog med det j\u00f8diske milj\u00f8et i Norge de neste dagene.<\/p>\n<p>\u2013 Den norske regjeringen st\u00e5r sammen med det j\u00f8diske milj\u00f8et i Australia og i Norge. Det skal v\u00e6re trygt \u00e5 v\u00e6re j\u00f8de, sier han.<\/p>\n<p>Hyller helt<\/p>\n<p>En dramatisk video fra stedet viser en sivil person som angriper en av gjerningspersonene og tar fra ham skytev\u00e5penet og sikter tilbake for \u00e5 holde kontroll p\u00e5 ham. Videoen er publisert av australsk TV.<\/p>\n<p>Delstatsministeren hyller mannen, som er identifisert av mange medier, og sier det er noe av det mest utrolige han har sett.<\/p>\n<p>\u2013 Den mannen er en ekte helt, og jeg har ingen tvil om at mange, mange folk er i live p\u00e5 grunn av hans heltemot, sier han.<\/p>\n<p>Statsminister Anthony Albanese hyller alle som \u00abl\u00f8p mot faren for \u00e5 hjelpe andre\u00bb.<\/p>\n<p>Nordmann h\u00f8rte skuddene<\/p>\n<p>32 \u00e5r gamle Lachlan Moran var vitne til hendelsen. Han ventet p\u00e5 familien da han h\u00f8rte skudd og l\u00f8p fra stedet.<\/p>\n<p>\u2013 Alle slapp bare alle eiendelene sine og alt, og l\u00f8p, og folk gr\u00e5t, og det var bare forferdelig, sier Moran og ansl\u00e5r at han h\u00f8rte skudd sporadisk i fem minutter.<\/p>\n<p> B\u00e5de <a href=\"https:\/\/www.nrk.no\/urix\/norske-vilde-_27_-var-tett-pa-skudd-dramaet-pa-bondi_-_-surrealistisk-1.17691976\" rel=\"noopener nofollow\" target=\"_blank\">NRK<\/a> og <a href=\"https:\/\/www.tv2.no\/nyheter\/innenriks\/vi-er-sterkt-preget\/18383921\/\" rel=\"noopener nofollow\" target=\"_blank\">TV 2<\/a> har snakket med norske vitner til hendelsen.<\/p>\n<p>Vilde M\u00f8ller Barmen (27) og hennes australske kj\u00e6reste Matthew Christopher Murphy (30) hadde akkurat kommet hjem og satt p\u00e5 balkongen da de h\u00f8rte skudd bli avfyrt.<\/p>\n<p>\u2013 Jeg kjente det i hjertet og brystet. Det var s\u00e5 n\u00e6rt, sier hun til NRK og forteller at hun og svigerfamilien har v\u00e6rt i sjokk.<\/p>\n<p>Strammere v\u00e5penlover<\/p>\n<p>Masseskytinger er sv\u00e6rt sjeldne i Australia. En massakre ved byen Port Arthur i Tasmania i 1996, der en angriper skj\u00f8t og drepte 35 personer f\u00f8rte til en kraftig innstramming i v\u00e5penlovene i Australia.<\/p>\n<p>Siden da har det v\u00e6rt minst tre betydelige masseskytinger. I 2014 og 2018 d\u00f8de henholdsvis fem og sju personer der gjerningspersoner drepte sine egne familier og deretter seg selv, if\u00f8lge nyhetsbyr\u00e5et AP.<\/p>\n<p>I 2022 var det i tillegg en masseskyting som involverte kristne ekstremister, som drepte to politibetjenter p\u00e5 landet i delstaten Queensland. Etter \u00e5 ha barrikadert seg i seks timer ble ogs\u00e5 de tre angriperne skutt og drept av politiet.<\/p>\n<p>J\u00f8der og muslimer reagerer<\/p>\n<p>Israelske myndigheter har rettet sterk kritikk mot Australia rett etter angrepet. Utenriksminister Gideon Saar mener angrepet er en varslet katastrofe.<\/p>\n<p>\u2013 Den australske regjeringen, som har f\u00e5tt utallige varselsignaler, m\u00e5 komme til fornuft, sier han i en uttalelse.<\/p>\n<p>I Australia har Australian National Imams Council, en paraplyorganisasjon for australske sunni-imamer, ford\u00f8mt angrepet.<\/p>\n<p>\u2013 V\u00e5re hjerter, tanker og b\u00f8nner er hos ofrene, deres familier og alle som var vitne til eller ble rammet av dette dypt traumatiske angrepet, sier organisasjonen i en uttalelse og maner til samhold.<\/p>\n<p>Organisasjonen Australian Jewish Association mener det var en forutsigbar tragedie og sier Albaneses regjering har blitt advart mange ganger. Likevel har det ikke blitt gjort tilstrekkelige tiltak for \u00e5 beskytte det j\u00f8diske milj\u00f8et, mener organisasjonen.<\/p>\n<p>I l\u00f8pet av \u00e5ret etter krigf\u00f8ringen i Gaza eskalerte i oktober 2023, ble mengden antisemittiske hendelser som overfall, h\u00e6rverk og trusler tredoblet, opplyste australske myndigheter i juli. I sommer skjedde det en b\u00f8lge antisemittiske angrep i Melbourne og Sydney, der de fleste australske j\u00f8dene bor. Synagoger og biler ble satt i brann og forretninger og hjem ble tagget ned.<\/p>\n","protected":false},"excerpt":{"rendered":"\u2013 Dette angrepet var utformet for \u00e5 ramme Sydneys j\u00f8diske milj\u00f8, sier Chris Minns, leder i delstatsregjeringen i&hellip;\n","protected":false},"author":2,"featured_media":113178,"comment_status":"","ping_status":"","sticky":false,"template":"","format":"standard","meta":{"footnotes":""},"categories":[5],"tags":[20,21,24,25,15,19,22,23,17,18,13,30,28,29,14,16,26,27],"class_list":{"0":"post-113177","1":"post","2":"type-post","3":"status-publish","4":"format-standard","5":"has-post-thumbnail","7":"category-overskrifter","8":"tag-breaking-news","9":"tag-breakingnews","10":"tag-featured-news","11":"tag-featurednews","12":"tag-headlines","13":"tag-hovedoppslag","14":"tag-latest-news","15":"tag-latestnews","16":"tag-main-news","17":"tag-mainnews","18":"tag-news","19":"tag-no","20":"tag-norge","21":"tag-norway","22":"tag-nyheter","23":"tag-overskrifter","24":"tag-top-stories","25":"tag-topstories"},"share_on_mastodon":{"url":"https:\/\/pubeurope.com\/@no\/115719332514298279","error":""},"_links":{"self":[{"href":"https:\/\/www.europesays.com\/no\/wp-json\/wp\/v2\/posts\/113177","targetHints":{"allow":["GET"]}}],"collection":[{"href":"https:\/\/www.europesays.com\/no\/wp-json\/wp\/v2\/posts"}],"about":[{"href":"https:\/\/www.europesays.com\/no\/wp-json\/wp\/v2\/types\/post"}],"author":[{"embeddable":true,"href":"https:\/\/www.europesays.com\/no\/wp-json\/wp\/v2\/users\/2"}],"replies":[{"embeddable":true,"href":"https:\/\/www.europesays.com\/no\/wp-json\/wp\/v2\/comments?post=113177"}],"version-history":[{"count":0,"href":"https:\/\/www.europesays.com\/no\/wp-json\/wp\/v2\/posts\/113177\/revisions"}],"wp:featuredmedia":[{"embeddable":true,"href":"https:\/\/www.europesays.com\/no\/wp-json\/wp\/v2\/media\/113178"}],"wp:attachment":[{"href":"https:\/\/www.europesays.com\/no\/wp-json\/wp\/v2\/media?parent=113177"}],"wp:term":[{"taxonomy":"category","embeddable":true,"href":"https:\/\/www.europesays.com\/no\/wp-json\/wp\/v2\/categories?post=113177"},{"taxonomy":"post_tag","embeddable":true,"href":"https:\/\/www.europesays.com\/no\/wp-json\/wp\/v2\/tags?post=113177"}],"curies":[{"name":"wp","href":"https:\/\/api.w.org\/{rel}","templated":true}]}}