{"id":113183,"date":"2025-12-14T18:33:10","date_gmt":"2025-12-14T18:33:10","guid":{"rendered":"https:\/\/www.europesays.com\/no\/113183\/"},"modified":"2025-12-14T18:33:10","modified_gmt":"2025-12-14T18:33:10","slug":"hijab-kvinnekamp-kritikk-for-bruk-av-hijab-respektlost-og-grenselost","status":"publish","type":"post","link":"https:\/\/www.europesays.com\/no\/113183\/","title":{"rendered":"Hijab, Kvinnekamp | Kritikk for bruk av hijab: \u2013 Respektl\u00f8st og grensel\u00f8st"},"content":{"rendered":"\n<p><b>Jeg gjorde det fordi det f\u00f8ltes riktig for meg \u2013 ikke for \u00e5 tilfredsstille noen, ikke for \u00e5 provosere, og ikke som et politisk budskap.<\/b><\/p>\n<p>Likevel har jeg p\u00e5 f\u00e5 dager f\u00e5tt h\u00f8re mer om hva andre mener hijaben \u00abbetyr\u00bb \u2013 enn hva jeg selv f\u00e5r lov til \u00e5 forklare.<\/p>\n<p>Jeg har blitt kalt radikalisert, sammenlignet med ideologier jeg tar avstand fra, kalt antisemitt, og til og med blitt tatt fysisk p\u00e5 hodet.<\/p>\n<p>Det er b\u00e5de respektl\u00f8st og grensel\u00f8st.<\/p>\n<p><b>Men det viktigste jeg vil si, er dette: <\/b><\/p>\n<p>Jeg ber ikke folk forst\u00e5 hijaben min. Jeg forventer ikke at alle kjenner min tro, min kultur eller min historie.<\/p>\n<p>Det jeg forventer er respekt for at kvinner tar ulike valg.<\/p>\n<p><b>Og nettopp denne respekten mangler \u2013 ogs\u00e5 der man skulle tro den var selvsagt.<\/b><\/p>\n<p><b>Les ogs\u00e5 Lily Bandehy: <a href=\"https:\/\/www.nettavisen.no\/norsk-debatt\/nrk-mener-hijab-er-hverdagsantrekk\/o\/5-95-2754156\" rel=\"Follow nofollow noopener\" target=\"_blank\">NRK b\u00f8yde seg for hijabkrav<\/a><\/b><\/p>\n<p>N\u00e5r til og med AUF svikter prinsippet om valgfrihet<\/p>\n<p>Jeg er medlem av en organisasjon som l\u00f8fter likestilling og frihet h\u00f8yt.<\/p>\n<p>Jeg har alltid oppfattet AUF som et sted der alle kvinner kan st\u00e5 trygt i egne valg. Men n\u00e5r jeg selv velger hijab, opplever jeg noe helt annet.<\/p>\n<p><b>Reaksjonene fra enkeltpersoner viser at respekten for kvinners valg ikke alltid gjelder n\u00e5r valget ikke ligner majoritetens.<\/b><\/p>\n<p>Det er et paradoks at AUF i Oslo, som kjemper for retten til \u00e5 bestemme over egen kropp, ikke viser samme ydmykhet n\u00e5r en kvinne velger \u00e5 dekke h\u00e5ret.<\/p>\n<p>Hvordan kan man st\u00f8tte selvbestemmelse i \u00e9n sammenheng, men stille sp\u00f8rsm\u00e5l ved den i en annen?<\/p>\n<p><b>Hvis valgfriheten bare gjelder n\u00e5r kvinner velger \u00abriktig\u00bb, er det ikke frihet \u2013 det er kontroll.<\/b><\/p>\n<p><b>Les ogs\u00e5: <a href=\"https:\/\/www.nettavisen.no\/norsk-debatt\/hijab-bruker-svarer-sanna-sarromaa-mitt-valg\/o\/5-95-2647139\" rel=\"Follow nofollow noopener\" target=\"_blank\">Kvinners valg er ikke underkastelse<\/a><\/b><\/p>\n<p>Kultur er ikke noe man kan godta p\u00e5 avstand og kritisere p\u00e5 n\u00e6rt hold<\/p>\n<p><b>I familien min finnes alle varianter: <\/b>Kvinner som bruker hijab, som har sluttet med den, og som aldri har brukt den.<\/p>\n<p>Det er kultur og tradisjon, men f\u00f8rst og fremst personlige valg.<\/p>\n<p><b>I norske politiske rom opplever jeg derimot at hijaben min blir et symbol andre mener de kan definere. <\/b><\/p>\n<p>Men kulturen min trenger ikke forklares for \u00e5 respekteres. Valget mitt trenger ingen politisk tolkning for \u00e5 v\u00e6re gyldig.<\/p>\n<p><b>Les ogs\u00e5: <a href=\"https:\/\/www.nettavisen.no\/norsk-debatt\/hijabforbud-for-barn-under-15-hva-blir-det-neste-id-kontroll-i-moskeen\/o\/5-95-2450632\" rel=\"Follow nofollow noopener\" target=\"_blank\">Hva blir det neste \u2013 ID-kontroll i moskeen?<\/a><\/b><\/p>\n<p>Kvinner trenger valgfrihet \u2013 ikke velvilje med vilk\u00e5r<\/p>\n<p>Noen f\u00f8ler frihet uten hijab, andre med. Alle disse valgene er riktige fordi de tas av kvinnen selv.<\/p>\n<p>Mitt valg gj\u00f8r meg ikke mindre fri, mindre norsk, mindre feminist eller mindre demokratisk. Jeg er bare meg \u2013 p\u00e5 min m\u00e5te.<\/p>\n<p><b>Og det er dette som er kjernen: <\/b><\/p>\n<p>Kvinners valg skal st\u00e5 i fred. Ikke tolkes, ikke korrigeres, ikke kontrolleres.<\/p>\n<p>Hvis vi mener noe med likestilling, m\u00e5 vi mene det alltid<\/p>\n<p>Det er ikke n\u00f8dvendig at alle forst\u00e5r hijaben min. Men det er n\u00f8dvendig \u00e5 respektere at det er mitt valg.<\/p>\n<p><b>Likestilling er ikke ekte hvis den stopper n\u00e5r en kvinne gj\u00f8r et valg du ikke ville gjort selv. <\/b><\/p>\n<p>Hvis AUF i Oslo \u2013 og det norske samfunnet \u2013 virkelig vil v\u00e6re et sted for alle kvinner, m\u00e5 vi t\u00e5le at valgene v\u00e5re er ulike.<\/p>\n<p><b>Frihet er ikke at alle g\u00e5r samme vei, men at alle f\u00e5r velge sin egen.<\/b><\/p>\n","protected":false},"excerpt":{"rendered":"Jeg gjorde det fordi det f\u00f8ltes riktig for meg \u2013 ikke for \u00e5 tilfredsstille noen, ikke for \u00e5&hellip;\n","protected":false},"author":2,"featured_media":113184,"comment_status":"","ping_status":"","sticky":false,"template":"","format":"standard","meta":{"footnotes":""},"categories":[10],"tags":[20,21,24,25,15,22,23,13,30,28,29,14,16,26,27],"class_list":{"0":"post-113183","1":"post","2":"type-post","3":"status-publish","4":"format-standard","5":"has-post-thumbnail","7":"category-norge","8":"tag-breaking-news","9":"tag-breakingnews","10":"tag-featured-news","11":"tag-featurednews","12":"tag-headlines","13":"tag-latest-news","14":"tag-latestnews","15":"tag-news","16":"tag-no","17":"tag-norge","18":"tag-norway","19":"tag-nyheter","20":"tag-overskrifter","21":"tag-top-stories","22":"tag-topstories"},"share_on_mastodon":{"url":"https:\/\/pubeurope.com\/@no\/115719359945376624","error":""},"_links":{"self":[{"href":"https:\/\/www.europesays.com\/no\/wp-json\/wp\/v2\/posts\/113183","targetHints":{"allow":["GET"]}}],"collection":[{"href":"https:\/\/www.europesays.com\/no\/wp-json\/wp\/v2\/posts"}],"about":[{"href":"https:\/\/www.europesays.com\/no\/wp-json\/wp\/v2\/types\/post"}],"author":[{"embeddable":true,"href":"https:\/\/www.europesays.com\/no\/wp-json\/wp\/v2\/users\/2"}],"replies":[{"embeddable":true,"href":"https:\/\/www.europesays.com\/no\/wp-json\/wp\/v2\/comments?post=113183"}],"version-history":[{"count":0,"href":"https:\/\/www.europesays.com\/no\/wp-json\/wp\/v2\/posts\/113183\/revisions"}],"wp:featuredmedia":[{"embeddable":true,"href":"https:\/\/www.europesays.com\/no\/wp-json\/wp\/v2\/media\/113184"}],"wp:attachment":[{"href":"https:\/\/www.europesays.com\/no\/wp-json\/wp\/v2\/media?parent=113183"}],"wp:term":[{"taxonomy":"category","embeddable":true,"href":"https:\/\/www.europesays.com\/no\/wp-json\/wp\/v2\/categories?post=113183"},{"taxonomy":"post_tag","embeddable":true,"href":"https:\/\/www.europesays.com\/no\/wp-json\/wp\/v2\/tags?post=113183"}],"curies":[{"name":"wp","href":"https:\/\/api.w.org\/{rel}","templated":true}]}}