{"id":113190,"date":"2025-12-14T18:41:11","date_gmt":"2025-12-14T18:41:11","guid":{"rendered":"https:\/\/www.europesays.com\/no\/113190\/"},"modified":"2025-12-14T18:41:11","modified_gmt":"2025-12-14T18:41:11","slug":"bor-folk-ha-rett-til-a-do-adressa-no","status":"publish","type":"post","link":"https:\/\/www.europesays.com\/no\/113190\/","title":{"rendered":"B\u00f8r folk ha rett til \u00e5 d\u00f8? &#8211; adressa.no"},"content":{"rendered":"<ol>\n<li><a href=\"https:\/\/news.google.com\/rss\/articles\/CBMijAFBVV95cUxORHpVTVJrTV85bTVydUpmcENrdGZLNlptQURudXFqU3BPcFE0NnpUc0VSbWgtSV9QRzBsWmVNMU5xTUh2VDRLandFaUNjR25pb2ViSmNLbFlYRlh3SU5ubVp5LXFXOXVVX3d2a3lfREVXV05oaUk0WlhhS1JMdkZPUV9LUkFCdDhqLWE3NA?oc=5\" target=\"_blank\" rel=\"nofollow noopener\">B\u00f8r folk ha rett til \u00e5 d\u00f8?<\/a>&nbsp;&nbsp;adressa.no<\/li>\n<li><a href=\"https:\/\/news.google.com\/rss\/articles\/CBMiigJBVV95cUxNRWd6cTNENXgyeVg5S1l6ZzBXVU8xSWxYbS00bk5yOXhMY2FDb2NTU3ZKeERPZUlETGJhWkI2ZUdOdkh4ZWdfTUx1bkNnUXNOZVRJSHBNRUJzdGx0TGpqMFRuQjN1VkZMWHFkT25uZzRwSnRLaVZsdEZzNnZyR0EwNjdxd1VPN1RhdVNhQWdnUnhULWtYRVJBVURGTktMbFdEM3NJa1psa1RKZ3FGb1JoQU81VEhxZzFzWXFVcGxwMVhpNUxza18yS1dZeEhTVmZzZGl1QVdFU3l6OWR1REo4cE10UU9TcnV5Sk1jcmxkNG5BVFQyRDR3WDBEV0IxVjBrQm03TmVvWk9pUQ?oc=5\" target=\"_blank\" rel=\"nofollow noopener\">Debatt: Anki Gerhardsen g\u00e5r for langt n\u00e5r hun beskylder Aftenposten for \u00e5 drive propaganda<\/a>&nbsp;&nbsp;Aftenposten<\/li>\n<li><a href=\"https:\/\/news.google.com\/rss\/articles\/CBMiqgFBVV95cUxOcFhkUXdzeHBrTmNmUlFqcG5MS29naHI3d0tTRjE5YXFNZWd4TlNXWlJuMkZPWENMT2NSeVg1OXNOWXQzYXFSRndlbHppdzF2bERBWTFZRTdYSzBQdGxqdmZaMzlvTE5aWE05SXVmRHZ6Vm9NMGJiMDdBMGxZVFJfcmlMTW9mTUZVX0xoSXdGSVNWRVYxZTdoOXk5OTcwTEM1bXpoOGZ1QWJjdw?oc=5\" target=\"_blank\" rel=\"nofollow noopener\">(+) Vi trenger mental beredskap for \u00e5 st\u00e5 imot i debatten om d\u00f8dshjelp<\/a>&nbsp;&nbsp;Morgenbladet<\/li>\n<li><a href=\"https:\/\/news.google.com\/rss\/articles\/CBMisAFBVV95cUxNTXNOMTlWUkx6OUVBaHZIVlN1VGZWLVpNSmR0Q3M5YldmeHNlTWh2elpzZ0p4NDg1Q04yVVJQRFJ1U1R4S2IydUVtUFc1MENwekszN3ZSZ2ZYdm43VmtlbUV5UnQ0eUxTYVBycnM3WXpqQy02UlBZZ1k0TlUtejlXTG14QlZLcTFRTlR3OGFjb3ZqbHFQNXB4Y2ZHclh6bGtTZnJrMTUzYllOME5fQ3RxSA?oc=5\" target=\"_blank\" rel=\"nofollow noopener\">Kreftsyke Rikkes kamp for egen d\u00f8d<\/a>&nbsp;&nbsp;universitas.no<\/li>\n<li><a href=\"https:\/\/news.google.com\/rss\/articles\/CBMivgFBVV95cUxPSkk2QUpUUEtoOHN0d2tMalRMVXpTdEVHMnZSeVhxa09tc2lxdmp1aVdGTmtmSzB4VXdhWDVIRE56TzRUVmlkc3FFUHNjWlBLLVdUWU80YVE2aUpPSWFXcGR2LWg5TF80QjZwb3Q0NDFKVUlhTlFSM2lnZkxTWktUXzRKSlJHVmlqOVJYUkNUNHQ4Y21aX3hMcUhSeXl3Wlp0b0FnWXRaa05nR2VFOXB5OUd6elRXTmo4cy1MaU53?oc=5\" target=\"_blank\" rel=\"nofollow noopener\">Behovet for d\u00f8dshjelp kan bli mindre<\/a>&nbsp;&nbsp;Civita, den liberale tankesmien<\/li>\n<\/ol>\n","protected":false},"excerpt":{"rendered":"B\u00f8r folk ha rett til \u00e5 d\u00f8?&nbsp;&nbsp;adressa.no Debatt: Anki Gerhardsen g\u00e5r for langt n\u00e5r hun beskylder Aftenposten for&hellip;\n","protected":false},"author":2,"featured_media":113191,"comment_status":"","ping_status":"","sticky":false,"template":"","format":"standard","meta":{"footnotes":""},"categories":[10],"tags":[13807,20,21,24,25,15,13808,760,22,23,13,30,28,29,14,16,13809,1679,1185,26,27],"class_list":{"0":"post-113190","1":"post","2":"type-post","3":"status-publish","4":"format-standard","5":"has-post-thumbnail","7":"category-norge","8":"tag-aktiv-dodshjelp","9":"tag-breaking-news","10":"tag-breakingnews","11":"tag-featured-news","12":"tag-featurednews","13":"tag-headlines","14":"tag-kari-hovde","15":"tag-kommentarer","16":"tag-latest-news","17":"tag-latestnews","18":"tag-news","19":"tag-no","20":"tag-norge","21":"tag-norway","22":"tag-nyheter","23":"tag-overskrifter","24":"tag-palliasjon","25":"tag-psykisk-helse","26":"tag-sykdom","27":"tag-top-stories","28":"tag-topstories"},"share_on_mastodon":{"url":"https:\/\/pubeurope.com\/@no\/115719391449270212","error":""},"_links":{"self":[{"href":"https:\/\/www.europesays.com\/no\/wp-json\/wp\/v2\/posts\/113190","targetHints":{"allow":["GET"]}}],"collection":[{"href":"https:\/\/www.europesays.com\/no\/wp-json\/wp\/v2\/posts"}],"about":[{"href":"https:\/\/www.europesays.com\/no\/wp-json\/wp\/v2\/types\/post"}],"author":[{"embeddable":true,"href":"https:\/\/www.europesays.com\/no\/wp-json\/wp\/v2\/users\/2"}],"replies":[{"embeddable":true,"href":"https:\/\/www.europesays.com\/no\/wp-json\/wp\/v2\/comments?post=113190"}],"version-history":[{"count":0,"href":"https:\/\/www.europesays.com\/no\/wp-json\/wp\/v2\/posts\/113190\/revisions"}],"wp:featuredmedia":[{"embeddable":true,"href":"https:\/\/www.europesays.com\/no\/wp-json\/wp\/v2\/media\/113191"}],"wp:attachment":[{"href":"https:\/\/www.europesays.com\/no\/wp-json\/wp\/v2\/media?parent=113190"}],"wp:term":[{"taxonomy":"category","embeddable":true,"href":"https:\/\/www.europesays.com\/no\/wp-json\/wp\/v2\/categories?post=113190"},{"taxonomy":"post_tag","embeddable":true,"href":"https:\/\/www.europesays.com\/no\/wp-json\/wp\/v2\/tags?post=113190"}],"curies":[{"name":"wp","href":"https:\/\/api.w.org\/{rel}","templated":true}]}}