{"id":113204,"date":"2025-12-14T18:55:11","date_gmt":"2025-12-14T18:55:11","guid":{"rendered":"https:\/\/www.europesays.com\/no\/113204\/"},"modified":"2025-12-14T18:55:11","modified_gmt":"2025-12-14T18:55:11","slug":"har-fatt-svar-pa-provane-opphevar-kokevarselet-pa-stord-sunnhordland-no","status":"publish","type":"post","link":"https:\/\/www.europesays.com\/no\/113204\/","title":{"rendered":"Har f\u00e5tt svar p\u00e5 pr\u00f8vane. Opphevar kokevarselet p\u00e5 Stord &#8211; sunnhordland.no"},"content":{"rendered":"<ol>\n<li><a href=\"https:\/\/news.google.com\/rss\/articles\/CBMinAFBVV95cUxONi0yTHpvRFlpdy1fODYxT1puR0dpYlN5MDh2UWtKaE5XYzZDOElhWi0zRThPb3NOWXBzWXRQMHVXakJYRXpOa19CVEVaYlIwOW81MlRRZkZ3em9oN1RtN3ZUdFhzYVA0aGlGaTZrQy1QRGtKUWQ3OXRpeDREN1lZQUJWRGJwamM2akE1T055aE1ZM28wWVgyRk9Icmk?oc=5\" target=\"_blank\" rel=\"nofollow noopener\">Har f\u00e5tt svar p\u00e5 pr\u00f8vane. Opphevar kokevarselet p\u00e5 Stord<\/a>&nbsp;&nbsp;sunnhordland.no<\/li>\n<li><a href=\"https:\/\/news.google.com\/rss\/articles\/CBMihwFBVV95cUxPWXlXZnBfT050QkJQc3dUZHhvLURmQ0hkUG5kS3l0OUR2SU1Fb1VEOG12dS1Vbkc3aVlOU2lzZ0EyX0V6dFpXTmRrV3VhcjRKSE9KeUluMFRiNXB6MDFEN1ZONlQxSVZnZWdYaUpZN3NmR2VwMjJLUUExaThjcFZNQUV4cm1PNTQ?oc=5\" target=\"_blank\" rel=\"nofollow noopener\">Brudd p\u00e5 hovedvannledning \u2013 mange husstander uten vann p\u00e5 Stord<\/a>&nbsp;&nbsp;Radio Haugaland<\/li>\n<li><a href=\"https:\/\/news.google.com\/rss\/articles\/CBMiiAFBVV95cUxQVlhmTUVaQjBkNmpKQVdYR0Y2NXU5WW1lNW9YYmVOdXZFSDFnRjcxblRFZHZycWlpN1BNU2dRTXh5RVNrdnc0WWJYZWdHTHZraG1Cdm1RNUpUZmVoaW9sUUZVbWhJMUFRM2RRazJmY21BTWNCOENlR3poYjlobXJmYVRBTVpkNkdO?oc=5\" target=\"_blank\" rel=\"nofollow noopener\">Brot p\u00e5 hovud\u00adlina \u2013 mange hus\u00adstandar utan vatn<\/a>&nbsp;&nbsp;sunnhordland.no<\/li>\n<li><a href=\"https:\/\/news.google.com\/rss\/articles\/CBMioAFBVV95cUxNVU9SNlQ5SzB6QWJ6anc0SmNTdHdXNUllTnpYOTExWW44NHRHS05MX1NjU0lMMHREbndBWDdySTYxVTBOMFJrOUVKMThLVTFiY3NWZGtDYWhSU1VkbXcyZTlZRXJpeXBxRkZOZ2U5TXJZX0JldEt3WE1jV09JRDJRR205WW5OcWtSVkF0ZFVnVTVqOGozX05DcVMwM2lUZEtM?oc=5\" target=\"_blank\" rel=\"nofollow noopener\">\u2013 Eg hadde store mengder vatn, men det gjekk i g\u00e5r kveld<\/a>&nbsp;&nbsp;sunnhordland.no<\/li>\n<li><a href=\"https:\/\/news.google.com\/rss\/articles\/CBMisgFBVV95cUxNeEtETEwwM2NpejNVcVpzbGhUdzZ2blIzdzNxcnJXR0tmTzUwc29sRXg5dVNBUUNOV3V4UzVxa3l4ZktUc2lQbHVSUk1WTm1Ec1hHU2xUa19UZG9zZVdZcHkzQTFDVFNWWEhiVnAxUmhGR05mLXJCalpWRmprSkhqRThGZGlBMU5zV2V1UnR6WDM4WDlHZ2pGb0lCOFMxT1lkOFBMWXVFOUlZckxhTzVwRGRB?oc=5\" target=\"_blank\" rel=\"nofollow noopener\">Feilen er retta. Men fleire tusen skal ha f\u00e5tt koke\u00advarsel<\/a>&nbsp;&nbsp;sunnhordland.no<\/li>\n<\/ol>\n","protected":false},"excerpt":{"rendered":"Har f\u00e5tt svar p\u00e5 pr\u00f8vane. Opphevar kokevarselet p\u00e5 Stord&nbsp;&nbsp;sunnhordland.no Brudd p\u00e5 hovedvannledning \u2013 mange husstander uten vann p\u00e5&hellip;\n","protected":false},"author":2,"featured_media":113205,"comment_status":"","ping_status":"","sticky":false,"template":"","format":"standard","meta":{"footnotes":""},"categories":[10],"tags":[20,21,24,25,15,22,23,13,30,28,29,14,16,26,27],"class_list":{"0":"post-113204","1":"post","2":"type-post","3":"status-publish","4":"format-standard","5":"has-post-thumbnail","7":"category-norge","8":"tag-breaking-news","9":"tag-breakingnews","10":"tag-featured-news","11":"tag-featurednews","12":"tag-headlines","13":"tag-latest-news","14":"tag-latestnews","15":"tag-news","16":"tag-no","17":"tag-norge","18":"tag-norway","19":"tag-nyheter","20":"tag-overskrifter","21":"tag-top-stories","22":"tag-topstories"},"share_on_mastodon":{"url":"https:\/\/pubeurope.com\/@no\/115719446393201787","error":""},"_links":{"self":[{"href":"https:\/\/www.europesays.com\/no\/wp-json\/wp\/v2\/posts\/113204","targetHints":{"allow":["GET"]}}],"collection":[{"href":"https:\/\/www.europesays.com\/no\/wp-json\/wp\/v2\/posts"}],"about":[{"href":"https:\/\/www.europesays.com\/no\/wp-json\/wp\/v2\/types\/post"}],"author":[{"embeddable":true,"href":"https:\/\/www.europesays.com\/no\/wp-json\/wp\/v2\/users\/2"}],"replies":[{"embeddable":true,"href":"https:\/\/www.europesays.com\/no\/wp-json\/wp\/v2\/comments?post=113204"}],"version-history":[{"count":0,"href":"https:\/\/www.europesays.com\/no\/wp-json\/wp\/v2\/posts\/113204\/revisions"}],"wp:featuredmedia":[{"embeddable":true,"href":"https:\/\/www.europesays.com\/no\/wp-json\/wp\/v2\/media\/113205"}],"wp:attachment":[{"href":"https:\/\/www.europesays.com\/no\/wp-json\/wp\/v2\/media?parent=113204"}],"wp:term":[{"taxonomy":"category","embeddable":true,"href":"https:\/\/www.europesays.com\/no\/wp-json\/wp\/v2\/categories?post=113204"},{"taxonomy":"post_tag","embeddable":true,"href":"https:\/\/www.europesays.com\/no\/wp-json\/wp\/v2\/tags?post=113204"}],"curies":[{"name":"wp","href":"https:\/\/api.w.org\/{rel}","templated":true}]}}