{"id":113208,"date":"2025-12-14T19:03:16","date_gmt":"2025-12-14T19:03:16","guid":{"rendered":"https:\/\/www.europesays.com\/no\/113208\/"},"modified":"2025-12-14T19:03:16","modified_gmt":"2025-12-14T19:03:16","slug":"brann-rana-vil-takke-alle-som-har-stilt-opp-for-de-som-ble-rammet-av-brannen-viser-hvordan-vi-som-lokalsamfunn-star-sammen-nar-en-slik-tragisk-hendelse-skjer","status":"publish","type":"post","link":"https:\/\/www.europesays.com\/no\/113208\/","title":{"rendered":"Brann, Rana | Vil takke alle som har stilt opp for de som ble rammet av brannen: \u2013 Viser hvordan vi som lokalsamfunn st\u00e5r sammen n\u00e5r en slik tragisk hendelse skjer"},"content":{"rendered":"\n<p>\u2013 Mange har stilt opp for de som ble rammet av brannen i Gruben omsorgsbolig. De fortjener en stor takk, sier fagsjef Ann-Marit Tver\u00e5 i en pressemelding fra Rana kommune.<\/p>\n<p>I forbindelse med brannen i en omsorgsbolig p\u00e5 Gruben fredag kveld, er det mange som har bidratt i en sv\u00e6rt krevende situasjon.<\/p>\n<p>\u2013 Frivillige, n\u00e6ringsliv og naboer har stilt opp. De har bidratt med blant annet transport, leker, kl\u00e6r, utstyr og m\u00f8bler. Ogs\u00e5 ansatte som ikke var p\u00e5 vakt, stilte opp. Vi \u00f8nsker \u00e5 rette en stor takk til alle, sier Ann-Marit Tver\u00e5, fagsjef psykisk helse og milj\u00f8terapi i Rana kommune.<\/p>\n<p>En ungdom mistet livet i brannen fredag. De \u00f8vrige beboerne ble evakuert og ivaretatt av kommunens kriseteam. Noen beboere ble evakuert til Meyerg\u00e5rden, mens andre ble ivaretatt av p\u00e5r\u00f8rende.<\/p>\n<p>Gjennom helgen har kommunens kriseteam og ansatte fortsatt \u00e5 f\u00f8lge opp de som ble ber\u00f8rt av brannen. L\u00f8rdag ettermiddag ble det gjennomf\u00f8rt et informasjonsm\u00f8te for beboere og p\u00e5r\u00f8rende.<\/p>\n<p>Den tidligere korttidsavdelingen p\u00e5 Ytteren er tatt i bruk som midlertidig bosted, for de av beboerne som ikke bor hos p\u00e5r\u00f8rende. Her kommer bidragene fra lokalbefolkningen til god nytte.<\/p>\n<p>\u2013 Det er fint \u00e5 se den omsorgen og hjertevarmen folk stiller opp med. Det viser hvordan vi som lokalsamfunn st\u00e5r sammen n\u00e5r en slik tragisk hendelse skjer, sier Sissel Karin Andersen, kommunaldirekt\u00f8r for helse og mestring.<\/p>\n<p>  <a href=\"https:\/\/www.ranablad.no\/5-42-1533370\" class=\"related-teaser default-story-teaser article--c-eRUmMG article--c-eRUmMG-jKCPdD-design-default article--c-eRUmMG-kpKLOW-cv\" rel=\"nofollow noopener\" target=\"_blank\"><\/p>\n<p>\n            Les ogs\u00e5<\/p>\n<p>              \u00c5pner skolen for samlingsstund etter den tragiske brannen: \u2013 Det blir anledning til \u00e5 tenne lys og snakke sammen\n        <\/p>\n<p>  <\/a><\/p>\n<p>  <a href=\"https:\/\/www.ranablad.no\/5-42-1532808\" class=\"related-teaser has-image default-story-teaser article--c-eRUmMG article--c-eRUmMG-jKCPdD-design-default\" rel=\"nofollow noopener\" target=\"_blank\"><\/p>\n<p>    <img decoding=\"async\" loading=\"lazy\"  src=\"https:\/\/www.europesays.com\/no\/wp-content\/uploads\/2025\/12\/1765719789_814_DSC_6606.jpg\" alt=\"\" class=\"brick-c-cFOWSL\" style=\"\"\/><\/p>\n<p>\n            Les ogs\u00e5<\/p>\n<p>              Rana kommune gj\u00f8r klar korttidsavdeling for ber\u00f8rte beboere &#8211; skal gjennomf\u00f8re informasjonsm\u00f8te i ettermiddag. \u2013 Hendelsen er dypt tragisk\n        <\/p>\n<p>  <\/a><\/p>\n<p>  <a href=\"https:\/\/www.ranablad.no\/5-42-1532776\" class=\"related-teaser default-story-teaser article--c-eRUmMG article--c-eRUmMG-jKCPdD-design-default article--c-eRUmMG-kpKLOW-cv\" rel=\"nofollow noopener\" target=\"_blank\"><\/p>\n<p>\n            Les ogs\u00e5<\/p>\n<p>              Rana kommune setter kriseledelse etter d\u00f8dsbrannen &#8211; skal straks i m\u00f8te. \u2013 Det viktigste er \u00e5 ivareta de ber\u00f8rte og p\u00e5r\u00f8rende\n        <\/p>\n<p>  <\/a><\/p>\n<p>    Vil du se neste video?<\/p>\n<p>    <a href=\"https:\/\/www.ranablad.no\/se-video-nils-fant-roen-i-bryggfjelldalen\/v\/5-42-1531670\" class=\"recommend-poster\" data-adp-clicklabel=\"video-recommend\" data-adp-clickvalue=\"poster\" rel=\"nofollow noopener\" target=\"_blank\"><br \/>\n      <img decoding=\"async\" width=\"200\" height=\"200\" loading=\"lazy\" src=\"https:\/\/www.europesays.com\/no\/wp-content\/uploads\/2025\/12\/v-i-fb422761-d7ee-4257-b4f0-cb476e6f5238-1.jpg\" alt=\"\" class=\"brick-c-cFOWSL\" style=\"--brick-image-ratio: 200 \/ 200;\"\/><\/p>\n<p>SE VIDEO: Nils fant roen i Bryggfjelldalen2:04<\/p>\n<p>    <\/a><\/p>\n<p>  <a href=\"https:\/\/www.ranablad.no\/5-42-1532695\" class=\"related-teaser default-story-teaser article--c-eRUmMG article--c-eRUmMG-jKCPdD-design-default article--c-eRUmMG-kpKLOW-cv\" rel=\"nofollow noopener\" target=\"_blank\"><\/p>\n<p>\n            Les ogs\u00e5<\/p>\n<p>              Mindre\u00e5rig gutt funnet omkommet p\u00e5 branntomta p\u00e5 Gruben\n        <\/p>\n<p>  <\/a><\/p>\n<p>  <a href=\"https:\/\/www.ranablad.no\/5-42-1532692\" class=\"related-teaser has-image default-story-teaser article--c-eRUmMG article--c-eRUmMG-jKCPdD-design-default\" rel=\"nofollow noopener\" target=\"_blank\"><\/p>\n<p>    <img decoding=\"async\" loading=\"lazy\"  src=\"https:\/\/www.europesays.com\/no\/wp-content\/uploads\/2025\/12\/Skjermbilde+2025-12-12+230145.png\" alt=\"\" class=\"brick-c-cFOWSL\" style=\"\"\/><\/p>\n<p>\n            Les ogs\u00e5<\/p>\n<p>              Dette vet vi per n\u00e5 om brannen i omsorgsboligen p\u00e5 Gruben\n        <\/p>\n<p>  <\/a><\/p>\n<p>  <a href=\"https:\/\/www.ranablad.no\/5-42-1532677\" class=\"related-teaser default-story-teaser article--c-eRUmMG article--c-eRUmMG-jKCPdD-design-default article--c-eRUmMG-kpKLOW-cv\" rel=\"nofollow noopener\" target=\"_blank\"><\/p>\n<p>\n            Les ogs\u00e5<\/p>\n<p>              Brann i omsorgsbolig p\u00e5 Gruben slukket. Beboer funnet omkommet\n        <\/p>\n<p>  <\/a><\/p>\n","protected":false},"excerpt":{"rendered":"\u2013 Mange har stilt opp for de som ble rammet av brannen i Gruben omsorgsbolig. De fortjener en&hellip;\n","protected":false},"author":2,"featured_media":5826,"comment_status":"","ping_status":"","sticky":false,"template":"","format":"standard","meta":{"footnotes":""},"categories":[10],"tags":[36,367,20,21,24,25,11557,15,22,23,13,30,28,29,14,16,1360,1510,26,27],"class_list":{"0":"post-113208","1":"post","2":"type-post","3":"status-publish","4":"format-standard","5":"has-post-thumbnail","7":"category-norge","8":"tag-art","9":"tag-brann","10":"tag-breaking-news","11":"tag-breakingnews","12":"tag-featured-news","13":"tag-featurednews","14":"tag-gruben","15":"tag-headlines","16":"tag-latest-news","17":"tag-latestnews","18":"tag-news","19":"tag-no","20":"tag-norge","21":"tag-norway","22":"tag-nyheter","23":"tag-overskrifter","24":"tag-rana","25":"tag-story","26":"tag-top-stories","27":"tag-topstories"},"share_on_mastodon":{"url":"https:\/\/pubeurope.com\/@no\/115719478283961791","error":""},"_links":{"self":[{"href":"https:\/\/www.europesays.com\/no\/wp-json\/wp\/v2\/posts\/113208","targetHints":{"allow":["GET"]}}],"collection":[{"href":"https:\/\/www.europesays.com\/no\/wp-json\/wp\/v2\/posts"}],"about":[{"href":"https:\/\/www.europesays.com\/no\/wp-json\/wp\/v2\/types\/post"}],"author":[{"embeddable":true,"href":"https:\/\/www.europesays.com\/no\/wp-json\/wp\/v2\/users\/2"}],"replies":[{"embeddable":true,"href":"https:\/\/www.europesays.com\/no\/wp-json\/wp\/v2\/comments?post=113208"}],"version-history":[{"count":0,"href":"https:\/\/www.europesays.com\/no\/wp-json\/wp\/v2\/posts\/113208\/revisions"}],"wp:featuredmedia":[{"embeddable":true,"href":"https:\/\/www.europesays.com\/no\/wp-json\/wp\/v2\/media\/5826"}],"wp:attachment":[{"href":"https:\/\/www.europesays.com\/no\/wp-json\/wp\/v2\/media?parent=113208"}],"wp:term":[{"taxonomy":"category","embeddable":true,"href":"https:\/\/www.europesays.com\/no\/wp-json\/wp\/v2\/categories?post=113208"},{"taxonomy":"post_tag","embeddable":true,"href":"https:\/\/www.europesays.com\/no\/wp-json\/wp\/v2\/tags?post=113208"}],"curies":[{"name":"wp","href":"https:\/\/api.w.org\/{rel}","templated":true}]}}