{"id":113213,"date":"2025-12-14T19:14:25","date_gmt":"2025-12-14T19:14:25","guid":{"rendered":"https:\/\/www.europesays.com\/no\/113213\/"},"modified":"2025-12-14T19:14:25","modified_gmt":"2025-12-14T19:14:25","slug":"ase-kleveland-og-sissel-kyrkjebo-hedret-med-anders-jahres-hederspris-og-kulturpris","status":"publish","type":"post","link":"https:\/\/www.europesays.com\/no\/113213\/","title":{"rendered":"\u00c5se Kleveland og Sissel Kyrkjeb\u00f8 hedret med Anders Jahres hederspris og kulturpris"},"content":{"rendered":"<p class=\"kicker \" style=\"\">Sissel Kyrkjeb\u00f8 fikk Anders Jahres kulturpris<\/p>\n<p>  &#8211; Tenkte: \u00abEr det virkelig sant?\u00bb<\/p>\n<p>\n    LUTTER GLEDE: Sissel Kyrkjeb\u00f8 og ektemannen Ernst str\u00e5lte om kapp ved prisoverrekkelsen. Foto: Tore Skaar\n  <\/p>\n<p>Hennes rolle som kulturformidler kan knapt overdrives.\u00a0<\/p>\n<p>Helt siden hun i 1966 sang Norge til MGP-finalen med \u00abIntet er nytt under solen\u00bb, har \u00c5se Kleveland (76) v\u00e6rt en gjenkjennelig og tydelig stemme innen norsk kulturliv &#8211; med en lang rekke tillitsverv.\u00a0<\/p>\n<p>    <a itemprop=\"url\" href=\"https:\/\/www.seher.no\/kongelig\/bekrefter-ryktene\/83969125\" rel=\"nofollow noopener\" target=\"_blank\"><\/p>\n<p>        <img loading=\"lazy\" decoding=\"async\" src=\"https:\/\/www.europesays.com\/no\/wp-content\/uploads\/2025\/12\/1765739649_592_83974187.webp\" width=\"147\" height=\"98\" title=\"Bekrefter ryktene\" alt=\"\" class=\"lazyload\" style=\"--aspect-ratio-image: 1.50; \"\/><\/p>\n<p>        Bekrefter ryktene<\/p>\n<p>    <\/a><\/p>\n<p>Hun har f\u00e5tt de fleste priser som er mulig \u00e5 oppdrive, og for ti \u00e5r siden bl hun hedret med tittelen Kommand\u00f8r av St. Olavs Orden. <\/p>\n<p>        <img loading=\"lazy\" decoding=\"async\" src=\"https:\/\/www.europesays.com\/no\/wp-content\/uploads\/2025\/12\/83967117.webp\" width=\"686\" height=\"652\" title=\"GLADE PRISVINNERE: \u00c5se i celebert&#10;og muntert selskap med \u00e5rets stolte vinnere av&#10;Anders Jahres Kulturpris. Fra v.: Knut Reiersrud,&#10;Vilde Frang, \u00c5se og Sissel Kyrkjeb\u00f8. Foto: Tore Skaar\" alt=\"\" class=\"\" style=\"--aspect-ratio-image: 1.05; \"\/><\/p>\n<p>\n        GLADE PRISVINNERE: \u00c5se i celebert<br \/>\nog muntert selskap med \u00e5rets stolte vinnere av<br \/>\nAnders Jahres Kulturpris. Fra v.: Knut Reiersrud,<br \/>\nVilde Frang, \u00c5se og Sissel Kyrkjeb\u00f8. Foto: Tore Skaar\n    <\/p>\n<p class=\"font-weight-bold m-font-weight-bold\" data-lab-font_weight=\"font-weight-bold\">Nylig fikk hun Anders Jahres Hederspris for sin livslange innsats for norsk kultur. Prisen er unik, og har bare v\u00e6rt utdelt to ganger siden 1990.<\/p>\n<p>        HELT FEIL: Etter at deltakerne til neste \u00e5rs \u00abFarmen kjendis\u00bb ble kjent, m\u00e5 det norske nettstedet beklage til en av dem. Video: Nora Skavhaug\/ Thea Hope\/ R\u00f8d L\u00f8per<\/p>\n<p>&#8211; Det er en stor \u00e6re og enorm glede \u00e5 motta denne prisen, sa en takknemlig \u00c5se til dundrende applaus fra en fullsatt sal i Universitetets aula.<\/p>\n<p>\u00c5se har selv ledet prisutvalget som deler ut Anders Jahres Kulturpris i nesten 20 \u00e5r. Da hun gikk ut av utvalget ved \u00e5rsskiftet, ble det endelig anledning til \u00e5 hylle \u00c5se selv.\u00a0<\/p>\n<p>        <img loading=\"lazy\" decoding=\"async\" src=\"https:\/\/www.europesays.com\/no\/wp-content\/uploads\/2025\/12\/83967112.webp\" width=\"686\" height=\"927\" title=\"KJ\u00c6RESTER: Skuespiller og tidligere&#10;kulturminister Ellen Horn (74) og kj\u00e6resten&#10;Halvor N\u00e6ss (85) var hjertelig til stede ved&#10;prisutdelingen. Foto: Tore Skaar\" alt=\"\" class=\"\" style=\"--aspect-ratio-image: 0.74; \"\/><\/p>\n<p>\n        KJ\u00c6RESTER: Skuespiller og tidligere<br \/>\nkulturminister Ellen Horn (74) og kj\u00e6resten<br \/>\nHalvor N\u00e6ss (85) var hjertelig til stede ved<br \/>\nprisutdelingen. Foto: Tore Skaar\n    <\/p>\n<p>        <img loading=\"lazy\" decoding=\"async\" src=\"https:\/\/www.europesays.com\/no\/wp-content\/uploads\/2025\/12\/83967129.webp\" width=\"686\" height=\"686\" title=\"STOR KVELD: \u00c5se sang av full hals, og fikk publikum med seg p\u00e5 notene under utdelingen av Anders Jahres Kulturpris. Foto: Tore Skaar\" alt=\"\" class=\"\" style=\"--aspect-ratio-image: 1.00; \"\/><\/p>\n<p>\n        STOR KVELD: \u00c5se sang av full hals, og fikk publikum med seg p\u00e5 notene under utdelingen av Anders Jahres Kulturpris. Foto: Tore Skaar\n    <\/p>\n<p>Hedersprisen kom som en stor overraskelse, forteller hun.<\/p>\n<p class=\"font-weight-bold m-font-weight-bold\" data-lab-font_weight=\"font-weight-bold\">&#8211; Inntil i fjor var det jo jeg som ringte rundt til folk med det glade budskap om at de har vunnet \u00e5rets pris og masse penger. Det har v\u00e6rt morsomt \u00e5 oppleve reaksjonene deres. De fleste har reagert med \u00absjokk\u00bb, men jeg tror ingen av dem ble s\u00e5 overrasket som jeg, sier en lattermild \u00c5se.<\/p>\n<p>        IKKE VENNER: Sebastian Solberg g\u00e5r hardt ut mot sine meddeltakere i den kommende sesongen av \u00abSpillet\u00bb. Influenseren r\u00f8per ogs\u00e5 hvorfor, like f\u00f8r \u00e9n av dem avbryter intervjuet med en uhyggelig beskjed. Reporter: Thea Hope. Video: Nora Skavhaug. \u00abSpillet\u00bb \/ TV2.<\/p>\n<p>Etter takketalen tok \u00c5se frem kassegitaren, og demonstrerte at hun ikke har glemt gamle kunster. Hun hadde publikum i sin hule h\u00e5nd fra f\u00f8rste strofe av sin snart 60 \u00e5r gamle MGP-l\u00e5t, med den legendariske innledningen \u00abJeg vet om en gammel mann&#8230;\u00bb.<\/p>\n<p>        <img loading=\"lazy\" decoding=\"async\" src=\"https:\/\/www.europesays.com\/no\/wp-content\/uploads\/2025\/12\/83967114.webp\" width=\"686\" height=\"995\" title=\"P\u00c5 VIFT MED BARNEBARNET: Sverre Anker Ousdal&#10;(81) m\u00f8ter trofast opp n\u00e5r Anders&#10;Jahres Kulturpris skal utdeles.&#10;Selv mottok han prisen i 2023.&#10;I \u00e5r hadde han hyggelig f\u00f8lge av&#10;barnebarnet Elsa D\u00f8vigen Ousdal&#10;(21). Sverre, som er nesten blind,&#10;svarte sp\u00f8kefullt da vi spurte om&#10;han hadde noen favoritter blant&#10;prisvinnerne: \u2013 Nei, jeg aner ikke&#10;hvem som er her! Foto: Tore Skaar\" alt=\"\" class=\"\" style=\"--aspect-ratio-image: 0.69; \"\/><\/p>\n<p>\n        P\u00c5 VIFT MED BARNEBARNET: Sverre Anker Ousdal<br \/>\n(81) m\u00f8ter trofast opp n\u00e5r Anders<br \/>\nJahres Kulturpris skal utdeles.<br \/>\nSelv mottok han prisen i 2023.<br \/>\nI \u00e5r hadde han hyggelig f\u00f8lge av<br \/>\nbarnebarnet Elsa D\u00f8vigen Ousdal<br \/>\n(21). Sverre, som er nesten blind,<br \/>\nsvarte sp\u00f8kefullt da vi spurte om<br \/>\nhan hadde noen favoritter blant<br \/>\nprisvinnerne: \u2013 Nei, jeg aner ikke<br \/>\nhvem som er her! Foto: Tore Skaar\n    <\/p>\n<p>        <img loading=\"lazy\" decoding=\"async\" src=\"https:\/\/www.europesays.com\/no\/wp-content\/uploads\/2025\/12\/83967119.webp\" width=\"686\" height=\"995\" title=\"TIDLIGERE&#10;VINNER: Filmskaper Margreth&#10;Olin (55) ble tildelt&#10;Anders Jahres&#10;Kulturpris i 2022,&#10;og kom for \u00e5 hylle&#10;\u00e5rets vinnere. Foto: Tore Skaar\" alt=\"\" class=\"\" style=\"--aspect-ratio-image: 0.69; \"\/><\/p>\n<p>\n        TIDLIGERE<br \/>\nVINNER: Filmskaper Margreth<br \/>\nOlin (55) ble tildelt<br \/>\nAnders Jahres<br \/>\nKulturpris i 2022,<br \/>\nog kom for \u00e5 hylle<br \/>\n\u00e5rets vinnere. Foto: Tore Skaar\n    <\/p>\n<p>Akkompagnert av Oslo Fagottkor tr\u00e5dte hun s\u00e5 til med en heidundrende versjon av Lillebj\u00f8rn Nilsens arbeidersang \u00abOla Tveiten\u00bb &#8211; med h\u00f8y allsangfaktor og \u00absuddelida, suddelidei\u00bb!<\/p>\n<p>    <a itemprop=\"url\" href=\"https:\/\/www.seher.no\/kjendis\/det-blir-trist\/83970437\" rel=\"nofollow noopener\" target=\"_blank\"><\/p>\n<p>        <img loading=\"lazy\" decoding=\"async\" src=\"https:\/\/www.europesays.com\/no\/wp-content\/uploads\/2025\/12\/1765739659_68_83972569.webp\" width=\"147\" height=\"98\" title=\"- Det blir trist\" alt=\"\" class=\"lazyload\" style=\"--aspect-ratio-image: 1.50; \"\/><\/p>\n<p>        &#8211; Det blir trist<\/p>\n<p>    <\/a><\/p>\n<p>Anders Jahres \u00abordin\u00e6re\u00bb kulturpris ble i \u00e5r tildelt fiolinist Vilde Frang (39), musiker\/komponist Knut Reiersrud (64) og v\u00e5r alles gullstrupe Sissel Kyrkjeb\u00f8 (56). Alle har satt solide lydspor etter seg innen norsk musikkliv.<\/p>\n<p class=\"font-weight-light m-font-weight-light\" data-lab-font_weight=\"font-weight-light\">&#8211; I dag er jeg en ydmyk og stolt bergenser, sier Sissel takknemlig.<\/p>\n<p>        TILBAKE: Se og H\u00f8rs kongehusekspert, Caroline Vagle, mener at prinsesse Ingrid Alexandra er viktig for kongehuset av \u00e9n spesiell grunn. Reporter: Caroline Vagle. Video og klipp: Kine Falch.<\/p>\n<p class=\"font-weight-bold m-font-weight-bold\" data-lab-font_weight=\"font-weight-bold\">&#8211; Da jeg ble oppringt om tildelingen ble jeg litt satt ut, og tenkte: \u00abEr det virkelig sant?\u00bb Det er bare \u00e5 se p\u00e5 hvem som har f\u00e5tt prisen f\u00f8r. De er alle enere p\u00e5 sine felt. Dette er Norges st\u00f8rste kulturpris, og jeg er virkelig be\u00e6ret over \u00e5 f\u00e5 den, sier den glade sangfuglen.<\/p>\n<p>Sissels ektemann Ernst Ravnaas (70) var hjertelig til stede i Aulaen, og lyttet til alle godordene som ble kona til del.<\/p>\n<p>        <img loading=\"lazy\" decoding=\"async\" src=\"https:\/\/www.europesays.com\/no\/wp-content\/uploads\/2025\/12\/83967144.webp\" width=\"686\" height=\"584\" title=\"MUSIKALSK TROLLMANN: Ingrid&#10;Bj\u00f8rnov mottok Anders Jahres Kulturpris i&#10;fjor. I \u00e5r var hun be\u00e6ret over \u00e5 f\u00e5 holde talen&#10;for stjernegitaristen og komponisten Knut&#10;Reiersrud. Foto: Tore Skaar\" alt=\"\" class=\"\" style=\"--aspect-ratio-image: 1.17; \"\/><\/p>\n<p>\n        MUSIKALSK TROLLMANN: Ingrid<br \/>\nBj\u00f8rnov mottok Anders Jahres Kulturpris i<br \/>\nfjor. I \u00e5r var hun be\u00e6ret over \u00e5 f\u00e5 holde talen<br \/>\nfor stjernegitaristen og komponisten Knut<br \/>\nReiersrud. Foto: Tore Skaar\n    <\/p>\n<p>Ekstra stolt var han nok ogs\u00e5 da Sissel valgte \u00e5 fremf\u00f8re \u00abJeg venter her\u00bb for de fremm\u00f8tte i Aulaen. Det var nemlig den f\u00f8rste sangen Ernst skrev til henne da ekteparet innledet et musikalsk samarbeid for f\u00e5 \u00e5r tilbake.<\/p>\n<p>&#8211; Det er en sang som beskriver det \u00e5 sitte ute en m\u00f8rk kveld, se opp p\u00e5 stjernehimmelen, alene, og lengte etter den gangen man satt der sammen med sin kj\u00e6re, forklarte Sissel.<\/p>\n<p>        <img loading=\"lazy\" decoding=\"async\" src=\"https:\/\/www.europesays.com\/no\/wp-content\/uploads\/2025\/12\/83967118.webp\" width=\"686\" height=\"995\" title=\"UTEN OLAV: Olav Thons enke Sissel Berdal Thon&#10;(85) og datteren Benedicte (57) var interessert til stede ved prisutdelingen. Det er f\u00f8rste gang Sissel kom&#10;uten sin kj\u00e6re Olav, som d\u00f8de 16. november i fjor. Foto: Tore Skaar\" alt=\"\" class=\"\" style=\"--aspect-ratio-image: 0.69; \"\/><\/p>\n<p>\n        UTEN OLAV: Olav Thons enke Sissel Berdal Thon<br \/>\n(85) og datteren Benedicte (57) var interessert til stede ved prisutdelingen. Det er f\u00f8rste gang Sissel kom<br \/>\nuten sin kj\u00e6re Olav, som d\u00f8de 16. november i fjor. Foto: Tore Skaar\n    <\/p>\n<p>I 2024 var Ingrid Bj\u00f8rnov (62) stolt mottaker av Anders Jahres Kulturpris. N\u00e5 er hun selv en del av prisutvalget som avgj\u00f8r hvem som skal f\u00e5 den h\u00f8ythengende \u00e6resbel\u00f8nningen.\u00a0<\/p>\n<p>    <a itemprop=\"url\" href=\"https:\/\/www.seher.no\/kjendis\/for-mye-press\/83973281\" rel=\"nofollow noopener\" target=\"_blank\"><\/p>\n<p>        <img loading=\"lazy\" decoding=\"async\" src=\"https:\/\/www.europesays.com\/no\/wp-content\/uploads\/2025\/12\/1765739663_760_82201170.webp\" width=\"147\" height=\"98\" title=\"Avsl\u00f8rer panikkanfall\" alt=\"\" class=\"lazyload\" style=\"--aspect-ratio-image: 1.50; \"\/><\/p>\n<p>        Avsl\u00f8rer panikkanfall<\/p>\n<p>    <\/a><\/p>\n<p>I \u00e5r hadde Ingrid \u00e6ren av \u00e5 holde talen til multikunstneren Knut Reiersrud (64), som hun beundrer. Hun fremhevet hans unike posisjon i norsk kulturliv \u2013 som bluesgitarist, l\u00e5tskriver og formidler av musikkhistorie.<\/p>\n<p>&#8211; Gitarspillet hans g\u00e5r som en bl\u00e5 tr\u00e5d gjennom norsk kulturliv. Han smelter inn i enhver stilart med sin s\u00e6regne stil og tone, fastslo Ingrid.<\/p>\n<p>        <img loading=\"lazy\" decoding=\"async\" src=\"https:\/\/www.europesays.com\/no\/wp-content\/uploads\/2025\/12\/83967116.webp\" width=\"686\" height=\"995\" title=\"GAMLE VENNER:&#10;NRKs utenriksjournalist Gro&#10;Holm (67) og folkemusiker&#10;Hallvard Bj\u00f8rgum (69) har&#10;v\u00e6rt n\u00e6re venner i 50&#10;\u00e5r. Hallvard ble den glade&#10;vinner av Anders Jahres&#10;Kulturpris i 2017. Foto: Tore Skaar\" alt=\"\" class=\"\" style=\"--aspect-ratio-image: 0.69; \"\/><\/p>\n<p>\n        GAMLE VENNER:<br \/>\nNRKs utenriksjournalist Gro<br \/>\nHolm (67) og folkemusiker<br \/>\nHallvard Bj\u00f8rgum (69) har<br \/>\nv\u00e6rt n\u00e6re venner i 50<br \/>\n\u00e5r. Hallvard ble den glade<br \/>\nvinner av Anders Jahres<br \/>\nKulturpris i 2017. Foto: Tore Skaar\n    <\/p>\n<p>Knut Reiersrud er av kolleger beskrevet som en musikalsk trollmann, som spiller nesten hva som helst med hvem som helst &#8211; hvor som helst.\u00a0<\/p>\n<p>Den produktive musikeren har medvirket p\u00e5 mer enn 300 album, og ber\u00f8mmes for sitt eminente gitarspill, sin kunnskapsrikdom, raushet og originalitet. Som Ingrid Bj\u00f8rnov konkluderte i talen:<\/p>\n<p>&#8211; Knut er en sjelden fugl, og s\u00e5nne arter skal vi ta vare p\u00e5!<\/p>\n","protected":false},"excerpt":{"rendered":"Sissel Kyrkjeb\u00f8 fikk Anders Jahres kulturpris &#8211; Tenkte: \u00abEr det virkelig sant?\u00bb LUTTER GLEDE: Sissel Kyrkjeb\u00f8 og ektemannen&hellip;\n","protected":false},"author":2,"featured_media":113214,"comment_status":"","ping_status":"","sticky":false,"template":"","format":"standard","meta":{"footnotes":""},"categories":[58],"tags":[13814,13812,71,8535,479,30,28,29,9158,13813,72],"class_list":{"0":"post-113213","1":"post","2":"type-post","3":"status-publish","4":"format-standard","5":"has-post-thumbnail","7":"category-underholdning","8":"tag-anders-jahres-kulturpris","9":"tag-ase-kleveland","10":"tag-entertainment","11":"tag-ingrid-bjornov","12":"tag-kjendis","13":"tag-no","14":"tag-norge","15":"tag-norway","16":"tag-sissel-kyrkjebo","17":"tag-sverre-anker-ousdal","18":"tag-underholdning"},"share_on_mastodon":{"url":"https:\/\/pubeurope.com\/@no\/115719521489427569","error":""},"_links":{"self":[{"href":"https:\/\/www.europesays.com\/no\/wp-json\/wp\/v2\/posts\/113213","targetHints":{"allow":["GET"]}}],"collection":[{"href":"https:\/\/www.europesays.com\/no\/wp-json\/wp\/v2\/posts"}],"about":[{"href":"https:\/\/www.europesays.com\/no\/wp-json\/wp\/v2\/types\/post"}],"author":[{"embeddable":true,"href":"https:\/\/www.europesays.com\/no\/wp-json\/wp\/v2\/users\/2"}],"replies":[{"embeddable":true,"href":"https:\/\/www.europesays.com\/no\/wp-json\/wp\/v2\/comments?post=113213"}],"version-history":[{"count":0,"href":"https:\/\/www.europesays.com\/no\/wp-json\/wp\/v2\/posts\/113213\/revisions"}],"wp:featuredmedia":[{"embeddable":true,"href":"https:\/\/www.europesays.com\/no\/wp-json\/wp\/v2\/media\/113214"}],"wp:attachment":[{"href":"https:\/\/www.europesays.com\/no\/wp-json\/wp\/v2\/media?parent=113213"}],"wp:term":[{"taxonomy":"category","embeddable":true,"href":"https:\/\/www.europesays.com\/no\/wp-json\/wp\/v2\/categories?post=113213"},{"taxonomy":"post_tag","embeddable":true,"href":"https:\/\/www.europesays.com\/no\/wp-json\/wp\/v2\/tags?post=113213"}],"curies":[{"name":"wp","href":"https:\/\/api.w.org\/{rel}","templated":true}]}}