{"id":113217,"date":"2025-12-14T19:19:12","date_gmt":"2025-12-14T19:19:12","guid":{"rendered":"https:\/\/www.europesays.com\/no\/113217\/"},"modified":"2025-12-14T19:19:12","modified_gmt":"2025-12-14T19:19:12","slug":"slind-mistet-seieren-helt-pa-slutten-foran-forventet-adressa-no","status":"publish","type":"post","link":"https:\/\/www.europesays.com\/no\/113217\/","title":{"rendered":"Slind mistet seieren helt p\u00e5 slutten: &#8211; Foran forventet &#8211; adressa.no"},"content":{"rendered":"<ol>\n<li><a href=\"https:\/\/news.google.com\/rss\/articles\/CBMijAFBVV95cUxPN3dBVl9fRC1BeEFxa2NPZVR0QnNwWjBud3VSRVFnRE92bXZNM0RqQ0s5T2lxVUdkWlhkeXZLdEFCb21DTE9ESEF1b0JKcVphNTVNcnByRVdrdzlQcEtYeGdlZU5ScW5qeW9NVDZDZjUyNmF0Ui1vLUI5OVFYTWZuMUZRM01yUFdiRUFPWA?oc=5\" target=\"_blank\" rel=\"nofollow noopener\">Slind mistet seieren helt p\u00e5 slutten: &#8211; Foran forventet<\/a>&nbsp;&nbsp;adressa.no<\/li>\n<li><a href=\"https:\/\/news.google.com\/rss\/articles\/CBMivwFBVV95cUxOeS1HQk9QeWVzdl9ySUVnVDZTQjBVUWp1WUNKc2tNSXl1MElaMUswTWROSEpwSGZaNTBZczBKX0hpYTdHYmN4R1hXQmR4RXduZ1FEem9OUm1mcUNpXzNtLWg5OWRaaEZvajhWc0NaR2FsUjNPalZHRWFqazRIM3RMa1VrcWdsQ0ZnYnFLbDFZR2poejFBZU9zdXIyV0NkZE1PN1NtQTlZLWU0RGx0alRoSmxwRG80MGVVejNqMmJTQQ?oc=5\" target=\"_blank\" rel=\"nofollow noopener\">R\u00f8rt til t\u00e5rer av skiskytter\u00adsamboeren: \u2013\u2060 Hun som motiverer meg hver dag<\/a>&nbsp;&nbsp;VG<\/li>\n<li><a href=\"https:\/\/news.google.com\/rss\/articles\/CBMimAFBVV95cUxONEVMUGVabHNoM1R0TlVra2xqbklNb2FabmlfQVVEcWhRUU5DamVEZ29RYnN1ejF6NnBUYTVXNjNrVUJJRGlMaTF4dUZsSW1vTzJsLWZpeUpyeEJwOGlhUVRDQW0wVjRMcm9ZSU9RS1FLeTNUa1ZtZTBOc2NaSnBMb2hMcUVDWFJ1QW1POXZZX2pXM1VaaDViRQ?oc=5\" target=\"_blank\" rel=\"nofollow noopener\">Simpson-Larsen slo \u00d8yre Slind i nervepirrende sekundstrid<\/a>&nbsp;&nbsp;NRK<\/li>\n<li><a href=\"https:\/\/news.google.com\/rss\/articles\/CBMidkFVX3lxTE8wYTl5amRxTnpuMmlKdFhTWm1KUWtLZkhVZ3IzMkRzQnlkOXdMamZoQnZhQU9EcXNYV2xzM0licS1BdXVxR0JDWlFicnRxQlBoMGczYzhCMGs1RmFyN2ZkeHd1Q1hVQWIzM1VJN2NMZkY2Ti12TUE?oc=5\" target=\"_blank\" rel=\"nofollow noopener\">&#8211; Nei, n\u00e5 begynner jeg \u00e5 grine<\/a>&nbsp;&nbsp;Dagbladet<\/li>\n<li><a href=\"https:\/\/news.google.com\/rss\/articles\/CBMilwFBVV95cUxNWnFJVFFiWVByYUh6Um5tQzdlRExvWW1KeUFLUXcyYlV5dzd1ZmdtdEd4R00zb08zNmlta0praWlIMktrX2otdkVVSV9wSzU2WmRiZENvZUg2eXRoamJYaTQ2cGN5cDFQNFM5YTZORkdpTmF6d1NnbGI4dkp2X2VsZWMwcC1NMDlxVUtxWGZERG4yOGdxd2NR?oc=5\" target=\"_blank\" rel=\"nofollow noopener\">Stjernekj\u00e6resten krever OL-plass etter sensasjonsseieren<\/a>&nbsp;&nbsp;TV2.no<\/li>\n<\/ol>\n","protected":false},"excerpt":{"rendered":"Slind mistet seieren helt p\u00e5 slutten: &#8211; Foran forventet&nbsp;&nbsp;adressa.no R\u00f8rt til t\u00e5rer av skiskytter\u00adsamboeren: \u2013\u2060 Hun som motiverer&hellip;\n","protected":false},"author":2,"featured_media":113218,"comment_status":"","ping_status":"","sticky":false,"template":"","format":"standard","meta":{"footnotes":""},"categories":[5],"tags":[13786,6850,20,21,24,25,15,19,22,23,17,18,13,30,28,29,14,16,26,27],"class_list":{"0":"post-113217","1":"post","2":"type-post","3":"status-publish","4":"format-standard","5":"has-post-thumbnail","7":"category-overskrifter","8":"tag-anne-kjersti-kalva","9":"tag-astrid-oyre-slind","10":"tag-breaking-news","11":"tag-breakingnews","12":"tag-featured-news","13":"tag-featurednews","14":"tag-headlines","15":"tag-hovedoppslag","16":"tag-latest-news","17":"tag-latestnews","18":"tag-main-news","19":"tag-mainnews","20":"tag-news","21":"tag-no","22":"tag-norge","23":"tag-norway","24":"tag-nyheter","25":"tag-overskrifter","26":"tag-top-stories","27":"tag-topstories"},"share_on_mastodon":{"url":"https:\/\/pubeurope.com\/@no\/115719540930443953","error":""},"_links":{"self":[{"href":"https:\/\/www.europesays.com\/no\/wp-json\/wp\/v2\/posts\/113217","targetHints":{"allow":["GET"]}}],"collection":[{"href":"https:\/\/www.europesays.com\/no\/wp-json\/wp\/v2\/posts"}],"about":[{"href":"https:\/\/www.europesays.com\/no\/wp-json\/wp\/v2\/types\/post"}],"author":[{"embeddable":true,"href":"https:\/\/www.europesays.com\/no\/wp-json\/wp\/v2\/users\/2"}],"replies":[{"embeddable":true,"href":"https:\/\/www.europesays.com\/no\/wp-json\/wp\/v2\/comments?post=113217"}],"version-history":[{"count":0,"href":"https:\/\/www.europesays.com\/no\/wp-json\/wp\/v2\/posts\/113217\/revisions"}],"wp:featuredmedia":[{"embeddable":true,"href":"https:\/\/www.europesays.com\/no\/wp-json\/wp\/v2\/media\/113218"}],"wp:attachment":[{"href":"https:\/\/www.europesays.com\/no\/wp-json\/wp\/v2\/media?parent=113217"}],"wp:term":[{"taxonomy":"category","embeddable":true,"href":"https:\/\/www.europesays.com\/no\/wp-json\/wp\/v2\/categories?post=113217"},{"taxonomy":"post_tag","embeddable":true,"href":"https:\/\/www.europesays.com\/no\/wp-json\/wp\/v2\/tags?post=113217"}],"curies":[{"name":"wp","href":"https:\/\/api.w.org\/{rel}","templated":true}]}}