{"id":113227,"date":"2025-12-14T19:34:16","date_gmt":"2025-12-14T19:34:16","guid":{"rendered":"https:\/\/www.europesays.com\/no\/113227\/"},"modified":"2025-12-14T19:34:16","modified_gmt":"2025-12-14T19:34:16","slug":"vil-stille-krav-til-turister-pa-vinterveiene","status":"publish","type":"post","link":"https:\/\/www.europesays.com\/no\/113227\/","title":{"rendered":"Vil stille krav til turister p\u00e5 vinterveiene"},"content":{"rendered":"<p>\u2013 Mange turister kommer til Nordland og setter seg bak rattet helt uten kompetanse p\u00e5 \u00e5 kj\u00f8re p\u00e5 vinterf\u00f8re, uttaler Grete Ellingsen, sortlandsordf\u00f8rer og medlem av Nordland fylkes trafikksikkerhetsutvalg (NFTU).<\/p>\n<p>Trafikksikkerhetsutvalget mener situasjonen er s\u00e5 alvorlig at de sender brev til b\u00e5de Samferdselsdepartementet og Statens vegvesen, fremg\u00e5r det av en pressemelding fra Nordland fylkeskommune denne uken.<\/p>\n<p>De \u00f8nsker \u00e5 unders\u00f8ke hvilke muligheter som finnes for \u00e5 regulere vinterkj\u00f8ringen til turister i Nord-Norge.<\/p>\n<p>\u2013 I Nordland opplever vi en sterk vekst i turismen, b\u00e5de sommer og vinter. En stadig st\u00f8rre andel av turistene \u00f8nsker \u00e5 bevege seg p\u00e5 egen h\u00e5nd med leiebil, uttaler Ellingsen, som p\u00e5peker at mange av dem kommer fra land uten vinterf\u00f8re og totalt mangler erfaring med kj\u00f8ring p\u00e5 sn\u00f8 og is.<\/p>\n<p>\u2013 Det ligger biler i gr\u00f8fta langs vegene omtrent daglig.<\/p>\n<p>Ellingsen mener det er viktig at problemstillingen kommer p\u00e5 bordet til sentrale myndigheter.<\/p>\n<p>Leder i NFTU, Richard Dagsvik (FrP) forteller om \u00f8kende rapportering av bekymring fra b\u00e5de kommuner, n\u00f8detater, reiselivsakt\u00f8rer og innbyggere i Nordland.<\/p>\n<p>\u2013 Vi ser mange flere ulykker, nestenulykker, og hendelser der uerfarne sj\u00e5f\u00f8rer skaper farlige situasjoner p\u00e5 krevende vinterveier, uttaler han, og mener Nordlands topografi og klima gj\u00f8r at vinterkj\u00f8ring stiller vesentlig h\u00f8yere krav enn i mange andre land.<\/p>\n<p><img decoding=\"async\" src=\"data:image\/gif;base64,R0lGODlhEAAJAIAAAP\/\/\/wAAACH5BAEAAAAALAAAAAAQAAkAAAIKhI+py+0Po5yUFQA7\" alt=\"\"\/><br \/>\n  Leder i NFTU, Richard Dagsvik, mener det m\u00e5 v\u00e6re mulig \u00e5 regulere bilutleie p\u00e5 en slik m\u00e5te at det er et absolutt krav til sikkerhetsinformasjon f\u00f8r bilen tas i bruk: \u2013 Det kan til og med v\u00e6re aktuelt \u00e5 legge restriksjoner p\u00e5 utleie til sj\u00e5f\u00f8rer uten relevant erfaring, s\u00e6rlig i perioder med krevende kj\u00f8reforhold. Det burde vel ikke v\u00e6re lov \u00e5 utsette den enkelte sj\u00e5f\u00f8r, passasjerer og andre bilister p\u00e5 Nordlands-veiene for sj\u00e5f\u00f8rer som ikke har noe p\u00e5 glatte vinterveier \u00e5 gj\u00f8re?<br \/>\n  <strong>Foto:<\/strong> Arkiv \/ Ole-Kristian Anfinsen<\/p>\n<p>\u2013 Smale veier, m\u00f8rketid, skiftende v\u00e6r og store avstander bidrar til \u00f8kt risiko. For norske sj\u00e5f\u00f8rer er det absolutte krav til glattkj\u00f8ringskurs. Derfor er det jo egentlig galskap at man kan komme fra et land der man aldri har sett sn\u00f8, og sette seg bak rattet p\u00e5 et f\u00f8re man aldri har pr\u00f8vd seg p\u00e5, sier Dagsvik.<\/p>\n<p>H\u00e5kon M\u00f8ller (MDG), medlem i NFTU, er glad for informasjonskampanjer og oppl\u00e6ringsfilmer som nylig er utviklet, men mener at dette alene ikke er tilstrekkelig.<\/p>\n<p>\u2013 Kombinasjonen av manglende ferdigheter, krevende forhold og \u00f8kt trafikkmengde gir et sikkerhetsniv\u00e5 som vi i Nordland fylkes trafikksikkerhetsutvalg vurderer som uforsvarlig lavt, uttaler han.<\/p>\n<p>Han \u00f8nsker en nasjonal gjennomgang av regelverket.<\/p>\n<p>\u2013 Tiltakene vi \u00f8nsker p\u00e5 plass, m\u00e5 naturlig nok forankres i nasjonale forskrifter for \u00e5 kunne gjennomf\u00f8res effektivt og likt i hele landet.<\/p>\n<p><img decoding=\"async\" src=\"data:image\/gif;base64,R0lGODlhEAAJAIAAAP\/\/\/wAAACH5BAEAAAAALAAAAAAQAAkAAAIKhI+py+0Po5yUFQA7\" alt=\"\"\/><br \/>\n  \u2013 Vi understreker at m\u00e5let ikke er \u00e5 begrense turismen, men \u00e5 sikre trygg ferdsel for b\u00e5de turister og lokalbefolkning. Vi vil ogs\u00e5 redusere belastningen p\u00e5 n\u00f8detatene. Derfor er det sv\u00e6rt viktig at de statlige myndighetene s\u00f8rger for at n\u00f8dvendige regelverksendringer prioriteres og utredes s\u00e5 snart som mulig, uttaler H\u00e5kon M\u00f8ller i Nordland fylkes trafikksikkerhetsutvalg.<br \/>\n  <strong>Foto:<\/strong> Arkiv \/  \/ Nordland fylkeskommune<\/p>\n<p>Han medgir at det er komplisert, ettersom det henger sammen med internasjonale f\u00f8rerkortregler, men mener man ikke kan sitte stille og se p\u00e5 at s\u00e5 trafikkfarlig adferd foreg\u00e5r uten at fors\u00f8k p\u00e5 \u00e5 ta n\u00f8dvendige grep.<\/p>\n<p>NFTU ber Samferdselsdepartementet og Statens vegvesen utrede og vurdere om man kan innf\u00f8re krav om dokumentert vinterkj\u00f8rekompetanse, for turister som leier bil i vinterhalv\u00e5ret, i definerte nordlige omr\u00e5der.<\/p>\n<p>\u2013 Det kan ogs\u00e5 v\u00e6re aktuelt med en obligatorisk sikkerhets- og informasjonsmodul ved utlevering av leiebil i vinterm\u00e5nedene. Og p\u00e5 et spr\u00e5k sj\u00e5f\u00f8ren forst\u00e5r, uttaler Ellingsen.<\/p>\n","protected":false},"excerpt":{"rendered":"\u2013 Mange turister kommer til Nordland og setter seg bak rattet helt uten kompetanse p\u00e5 \u00e5 kj\u00f8re p\u00e5&hellip;\n","protected":false},"author":2,"featured_media":113228,"comment_status":"","ping_status":"","sticky":false,"template":"","format":"standard","meta":{"footnotes":""},"categories":[5],"tags":[222,20,21,24,25,7811,15,19,22,23,13818,13819,17,18,13,30,687,1439,28,29,3760,14,16,3861,1899,26,27,3138],"class_list":{"0":"post-113227","1":"post","2":"type-post","3":"status-publish","4":"format-standard","5":"has-post-thumbnail","7":"category-overskrifter","8":"tag-bil","9":"tag-breaking-news","10":"tag-breakingnews","11":"tag-featured-news","12":"tag-featurednews","13":"tag-grete-ellingsen","14":"tag-headlines","15":"tag-hovedoppslag","16":"tag-latest-news","17":"tag-latestnews","18":"tag-leiebil","19":"tag-leiebiler","20":"tag-main-news","21":"tag-mainnews","22":"tag-news","23":"tag-no","24":"tag-nordland","25":"tag-nordland-fylkeskommune","26":"tag-norge","27":"tag-norway","28":"tag-nodetatene","29":"tag-nyheter","30":"tag-overskrifter","31":"tag-samferdselsdepartementet","32":"tag-statens-vegvesen","33":"tag-top-stories","34":"tag-topstories","35":"tag-turister"},"share_on_mastodon":{"url":"https:\/\/pubeurope.com\/@no\/115719599731681167","error":""},"_links":{"self":[{"href":"https:\/\/www.europesays.com\/no\/wp-json\/wp\/v2\/posts\/113227","targetHints":{"allow":["GET"]}}],"collection":[{"href":"https:\/\/www.europesays.com\/no\/wp-json\/wp\/v2\/posts"}],"about":[{"href":"https:\/\/www.europesays.com\/no\/wp-json\/wp\/v2\/types\/post"}],"author":[{"embeddable":true,"href":"https:\/\/www.europesays.com\/no\/wp-json\/wp\/v2\/users\/2"}],"replies":[{"embeddable":true,"href":"https:\/\/www.europesays.com\/no\/wp-json\/wp\/v2\/comments?post=113227"}],"version-history":[{"count":0,"href":"https:\/\/www.europesays.com\/no\/wp-json\/wp\/v2\/posts\/113227\/revisions"}],"wp:featuredmedia":[{"embeddable":true,"href":"https:\/\/www.europesays.com\/no\/wp-json\/wp\/v2\/media\/113228"}],"wp:attachment":[{"href":"https:\/\/www.europesays.com\/no\/wp-json\/wp\/v2\/media?parent=113227"}],"wp:term":[{"taxonomy":"category","embeddable":true,"href":"https:\/\/www.europesays.com\/no\/wp-json\/wp\/v2\/categories?post=113227"},{"taxonomy":"post_tag","embeddable":true,"href":"https:\/\/www.europesays.com\/no\/wp-json\/wp\/v2\/tags?post=113227"}],"curies":[{"name":"wp","href":"https:\/\/api.w.org\/{rel}","templated":true}]}}