{"id":113257,"date":"2025-12-14T20:26:09","date_gmt":"2025-12-14T20:26:09","guid":{"rendered":"https:\/\/www.europesays.com\/no\/113257\/"},"modified":"2025-12-14T20:26:09","modified_gmt":"2025-12-14T20:26:09","slug":"inderoy-ulykker-og-hendelser-etterforsker-dodsfall-i-inderoy-person-pagrepet","status":"publish","type":"post","link":"https:\/\/www.europesays.com\/no\/113257\/","title":{"rendered":"Inder\u00f8y, Ulykker og hendelser | Etterforsker d\u00f8dsfall i Inder\u00f8y \u2013 person p\u00e5grepet"},"content":{"rendered":"\n<p>Politiet ble kl. 17.20 s\u00f8ndag ettermiddag varslet om det de beskriver som et uventet d\u00f8dsfall i Inder\u00f8y kommune. <\/p>\n<p>\u2013 Politiet har gjort unders\u00f8kelser p\u00e5 stedet. P\u00e5 bakgrunn av disse unders\u00f8kelsene er en person p\u00e5grepet og siktet for \u00e5 ha hensatt en annen person i hjelpel\u00f8s tilstand, opplyser operasjonsleder Svein Helgetun i Tr\u00f8ndelag politidistrikt. <\/p>\n<p>\u2013 Politiet vil gj\u00f8re flere unders\u00f8kelser utover kvelden, legger han til.<\/p>\n<p>Politiadvokat Christian Spets, jourhavende jurist i Tr\u00f8ndelag politidistrikt, forteller at de forel\u00f8pig er tilbakeholdne med informasjonen.<\/p>\n<p>\u2013 Politiet rykket ut da vi fikk melding om et uventet d\u00f8dsfall. Det ble gjort unders\u00f8kelser p\u00e5 stedet, sier han.<\/p>\n<p>\u2013 En person p\u00e5 stedet ble p\u00e5grepet og siktes for hensettelse i hjelpesl\u00f8s tilstand, legger han til.<\/p>\n<p>Politiet gj\u00f8r videre unders\u00f8kelser p\u00e5 stedet s\u00f8ndag kveld.<\/p>\n<p>\u2013 Hva ligger i at det er et uventet d\u00f8dsfall?<\/p>\n<p>\u2013 Et ventet d\u00f8dsfall er n\u00e5r noen gjerne er sv\u00e6rt syk og det er ventet at de skal d\u00f8, enten av alderdom eller sykdom eller andre \u00e5rsaker. Det er ikke tilfellet her, sier han.<\/p>\n<p>\u2013 Var det andre personer enn avd\u00f8de og den p\u00e5grepne p\u00e5 adressen?<\/p>\n<p>\u2013 Det kan jeg ikke kommentere, sier Spets.<\/p>\n<p>Saken oppdateres.<\/p>\n","protected":false},"excerpt":{"rendered":"Politiet ble kl. 17.20 s\u00f8ndag ettermiddag varslet om det de beskriver som et uventet d\u00f8dsfall i Inder\u00f8y kommune.&hellip;\n","protected":false},"author":2,"featured_media":113258,"comment_status":"","ping_status":"","sticky":false,"template":"","format":"standard","meta":{"footnotes":""},"categories":[10],"tags":[9062,36,20,21,24,25,15,9061,22,23,13,30,28,29,14,16,782,1510,26,27,941],"class_list":{"0":"post-113257","1":"post","2":"type-post","3":"status-publish","4":"format-standard","5":"has-post-thumbnail","7":"category-norge","8":"tag-ta-in","9":"tag-art","10":"tag-breaking-news","11":"tag-breakingnews","12":"tag-featured-news","13":"tag-featurednews","14":"tag-headlines","15":"tag-inderoy","16":"tag-latest-news","17":"tag-latestnews","18":"tag-news","19":"tag-no","20":"tag-norge","21":"tag-norway","22":"tag-nyheter","23":"tag-overskrifter","24":"tag-politiloggen","25":"tag-story","26":"tag-top-stories","27":"tag-topstories","28":"tag-ulykker-og-hendelser"},"share_on_mastodon":{"url":"https:\/\/pubeurope.com\/@no\/115719804323062152","error":""},"_links":{"self":[{"href":"https:\/\/www.europesays.com\/no\/wp-json\/wp\/v2\/posts\/113257","targetHints":{"allow":["GET"]}}],"collection":[{"href":"https:\/\/www.europesays.com\/no\/wp-json\/wp\/v2\/posts"}],"about":[{"href":"https:\/\/www.europesays.com\/no\/wp-json\/wp\/v2\/types\/post"}],"author":[{"embeddable":true,"href":"https:\/\/www.europesays.com\/no\/wp-json\/wp\/v2\/users\/2"}],"replies":[{"embeddable":true,"href":"https:\/\/www.europesays.com\/no\/wp-json\/wp\/v2\/comments?post=113257"}],"version-history":[{"count":0,"href":"https:\/\/www.europesays.com\/no\/wp-json\/wp\/v2\/posts\/113257\/revisions"}],"wp:featuredmedia":[{"embeddable":true,"href":"https:\/\/www.europesays.com\/no\/wp-json\/wp\/v2\/media\/113258"}],"wp:attachment":[{"href":"https:\/\/www.europesays.com\/no\/wp-json\/wp\/v2\/media?parent=113257"}],"wp:term":[{"taxonomy":"category","embeddable":true,"href":"https:\/\/www.europesays.com\/no\/wp-json\/wp\/v2\/categories?post=113257"},{"taxonomy":"post_tag","embeddable":true,"href":"https:\/\/www.europesays.com\/no\/wp-json\/wp\/v2\/tags?post=113257"}],"curies":[{"name":"wp","href":"https:\/\/api.w.org\/{rel}","templated":true}]}}