{"id":113269,"date":"2025-12-14T20:46:08","date_gmt":"2025-12-14T20:46:08","guid":{"rendered":"https:\/\/www.europesays.com\/no\/113269\/"},"modified":"2025-12-14T20:46:08","modified_gmt":"2025-12-14T20:46:08","slug":"jonas-gahr-store-ukraina-store-til-ukraina-samtaler-i-berlin","status":"publish","type":"post","link":"https:\/\/www.europesays.com\/no\/113269\/","title":{"rendered":"Jonas Gahr St\u00f8re, Ukraina | St\u00f8re til Ukraina-samtaler i Berlin"},"content":{"rendered":"\n<p>\u2013 Jeg kan bekrefte at statsminister Jonas Gahr St\u00f8re er invitert til og vil delta mandag kveld i en arbeidsmiddag i Berlin. Tema vil v\u00e6re arbeidet videre mot en v\u00e5penhvile og varig fred i Ukraina, sier statssekret\u00e6r Kristoffer Thoner (Ap) i en melding til NTB s\u00f8ndag kveld.<\/p>\n<p>Det er forel\u00f8pig ikke bekreftet hvem St\u00f8re skal m\u00f8te og hvem som skal delta i arbeidsmiddagen. Ukrainas president Volodymyr Zelenskyj befinner seg allerede i Berlin, der han s\u00f8ndag hadde samtaler med den amerikanske utsendingen Steve Witkoff og Donald Trumps svigers\u00f8nn Jared Kushner.<\/p>\n<p>Ukraina-forhandlingene fortsetter i Berlin mandag etter at partene snakket sammen i n\u00e6rmere fem timer, skriver internasjonale nyhetsbyr\u00e5er.<\/p>\n<p>\u2013 De har ordnet det slik at samtalene fortsetter i morgen, sier Zelenskyj-r\u00e5dgiver Dmytro Lyvtvyn til AFP.<\/p>\n<p><b>Les ogs\u00e5: <a class=\"simple-relation related-teaser article--c-eRUmMG article--c-eRUmMG-fZoQSp-design-nettavisen article--c-eRUmMG-gwthdJ-cv\" href=\"https:\/\/www.nettavisen.no\/frykter-putin-vil-utnytte-usas-forslag-apenbar-fallgruve\/s\/5-95-2779756\" rel=\"nofollow noopener\" target=\"_blank\">Frykter Putin vil utnytte USAs forslag: \u2013 \u00c5penbar fallgruve<\/a><\/b><\/p>\n<p>Det er ogs\u00e5 planlagt at Tysklands forbundskansler Friedrich Merz og Zelenskyj skal m\u00f8te andre europeiske regjeringssjefer mandag kveld. Blant dem er Frankrikes president Emmanuel Macron og Storbritannias statsminister Keir Starmer, samt lederne for EU og Nato.<\/p>\n<p>I forkant av s\u00f8ndagens samtaler sa Zelenskyj at Ukraina er villig til \u00e5 ofre h\u00e5pet om Nato-medlemskap for sikkerhetsgarantier fra USA og EU.<\/p>\n<p>\u2013 Helt fra start har Ukrainas \u00f8nske v\u00e6rt \u00e5 bli med i Nato. Det er en ekte sikkerhetsgaranti. Enkelte partnere fra USA og Europa har ikke st\u00f8ttet oss i den retningen, sa Zelenskyj i en melding til journalister gjengitt av nyhetsbyr\u00e5et Reuters.<\/p>\n","protected":false},"excerpt":{"rendered":"\u2013 Jeg kan bekrefte at statsminister Jonas Gahr St\u00f8re er invitert til og vil delta mandag kveld i&hellip;\n","protected":false},"author":2,"featured_media":113270,"comment_status":"","ping_status":"","sticky":false,"template":"","format":"standard","meta":{"footnotes":""},"categories":[12],"tags":[20,21,24,25,15,22,23,13,30,28,29,14,16,26,27,42,43,44,45],"class_list":{"0":"post-113269","1":"post","2":"type-post","3":"status-publish","4":"format-standard","5":"has-post-thumbnail","7":"category-verden","8":"tag-breaking-news","9":"tag-breakingnews","10":"tag-featured-news","11":"tag-featurednews","12":"tag-headlines","13":"tag-latest-news","14":"tag-latestnews","15":"tag-news","16":"tag-no","17":"tag-norge","18":"tag-norway","19":"tag-nyheter","20":"tag-overskrifter","21":"tag-top-stories","22":"tag-topstories","23":"tag-verden","24":"tag-world","25":"tag-world-news","26":"tag-worldnews"},"share_on_mastodon":{"url":"https:\/\/pubeurope.com\/@no\/115719883038886404","error":""},"_links":{"self":[{"href":"https:\/\/www.europesays.com\/no\/wp-json\/wp\/v2\/posts\/113269","targetHints":{"allow":["GET"]}}],"collection":[{"href":"https:\/\/www.europesays.com\/no\/wp-json\/wp\/v2\/posts"}],"about":[{"href":"https:\/\/www.europesays.com\/no\/wp-json\/wp\/v2\/types\/post"}],"author":[{"embeddable":true,"href":"https:\/\/www.europesays.com\/no\/wp-json\/wp\/v2\/users\/2"}],"replies":[{"embeddable":true,"href":"https:\/\/www.europesays.com\/no\/wp-json\/wp\/v2\/comments?post=113269"}],"version-history":[{"count":0,"href":"https:\/\/www.europesays.com\/no\/wp-json\/wp\/v2\/posts\/113269\/revisions"}],"wp:featuredmedia":[{"embeddable":true,"href":"https:\/\/www.europesays.com\/no\/wp-json\/wp\/v2\/media\/113270"}],"wp:attachment":[{"href":"https:\/\/www.europesays.com\/no\/wp-json\/wp\/v2\/media?parent=113269"}],"wp:term":[{"taxonomy":"category","embeddable":true,"href":"https:\/\/www.europesays.com\/no\/wp-json\/wp\/v2\/categories?post=113269"},{"taxonomy":"post_tag","embeddable":true,"href":"https:\/\/www.europesays.com\/no\/wp-json\/wp\/v2\/tags?post=113269"}],"curies":[{"name":"wp","href":"https:\/\/api.w.org\/{rel}","templated":true}]}}