{"id":113273,"date":"2025-12-14T20:48:14","date_gmt":"2025-12-14T20:48:14","guid":{"rendered":"https:\/\/www.europesays.com\/no\/113273\/"},"modified":"2025-12-14T20:48:14","modified_gmt":"2025-12-14T20:48:14","slug":"grane-hattfjelldal-linea-om-stromsituasjonen-ta-gjerne-julebaksten-og-lad-elbilen-pa-sondag-kan-bli-mer-krevende-til-uka","status":"publish","type":"post","link":"https:\/\/www.europesays.com\/no\/113273\/","title":{"rendered":"Grane, Hattfjelldal | Linea om str\u00f8msituasjonen: \u2013 Ta gjerne julebaksten og lad elbilen p\u00e5 s\u00f8ndag, kan bli mer krevende til uka"},"content":{"rendered":"\n<p>\u2013 Det er rimelig god spenning i hele omr\u00e5det n\u00e5 og det er mulig \u00e5 bruke str\u00f8m med m\u00e5tehold, sier Frode Dorp som er leder for kommunikasjon i Linea.<\/p>\n<p>S\u00f8ndag gikk det ut ei melding fra Linea med informasjon om status:<\/p>\n<p>\u2013 Har du ikke f\u00e5tt vasket kl\u00e6r, gjort julebaksten eller ladet elbilen, anbefaler vi \u00e5 gj\u00f8re dette i dag \u2013 men ikke samtidig. Blir lyset svakere, er dette tegn p\u00e5 at lavere spenning. Dersom spenningen blir sv\u00e6rt lav, anbefaler vi \u00e5 s\u00e5 av maskiner med motor, for eksempel vaskemaskin.<\/p>\n<p><b>Like etter at Helgelendingen publiserte denne saken kom det melding om str\u00f8mbrudd p\u00e5 Trofors:<\/b><\/p>\n<p>  <a href=\"https:\/\/www.helg.no\/5-24-1123388\" class=\"related-teaser default-story-teaser article--c-eRUmMG article--c-eRUmMG-jKCPdD-design-default article--c-eRUmMG-kpKLOW-cv\" rel=\"nofollow noopener\" target=\"_blank\"><\/p>\n<p>\n            Les ogs\u00e5<\/p>\n<p>              N\u00e6r 1.000 husstander uten str\u00f8m p\u00e5 Trofors\n        <\/p>\n<p>  <\/a><\/p>\n<p>Frode Dorp roser innbyggerne for \u00e5 ha fulgt oppfordringen om mindre forbruk.<\/p>\n<p>\u2013 Informasjonen om at det er en p\u00e5g\u00e5ende vanskelig situasjon har n\u00e5dd fram. Noen har kanskje v\u00e6rt mer forsiktig enn n\u00f8dvendig, og n\u00e5 i helga er det rom for \u00e5 bruke litt mer.<\/p>\n<p>Men dersom lyset blir svakere er det en indikasjon p\u00e5 at spenninga er lav.<\/p>\n<p>\u2013 Da er det greit \u00e5 sl\u00e5 av for eksempel vaskemaskinen.<\/p>\n<p>Arbor i Hattfjelldal har stanset produksjonen for \u00e5 avlaste nettet.<\/p>\n<p>\u2013 Vi m\u00e5 se hvordan vi kan hjelpe Arbor dersom noe av produksjonen blir tatt opp igjen til uka. Det vil p\u00e5virke str\u00f8mkapasiteten.<\/p>\n<p>Linea har tett dialog med Statnett som skal t\u00f8mme trafostasjonen p\u00e5 Trofors for olje for \u00e5 finne \u00e5rsaken til feilen som oppsto sist onsdag.. Reparasjonsarbeidet p\u00e5g\u00e5r gjennom helga, og m\u00e5let er f\u00e5 transformatoren tilbake i drift innen neste uke.<\/p>\n<p>  <a href=\"https:\/\/www.helg.no\/5-24-1122580\" class=\"related-teaser has-image default-story-teaser article--c-eRUmMG article--c-eRUmMG-jKCPdD-design-default\" rel=\"nofollow noopener\" target=\"_blank\"><\/p>\n<p>    <img decoding=\"async\" loading=\"lazy\"  src=\"https:\/\/www.europesays.com\/no\/wp-content\/uploads\/2025\/12\/1765745292_170_IMG_4415.JPG\" alt=\"\" class=\"brick-c-cFOWSL\" style=\"\"\/><\/p>\n<p>\n            Les ogs\u00e5<\/p>\n<p>              Bekrefter feil i transformator: \u2013 Kan ikke koples inn igjen\n        <\/p>\n<p>  <\/a><\/p>\n<p>  <a href=\"https:\/\/www.helg.no\/5-24-1121765\" class=\"related-teaser has-image default-story-teaser article--c-eRUmMG article--c-eRUmMG-jKCPdD-design-default\" rel=\"nofollow noopener\" target=\"_blank\"><\/p>\n<p>    <img decoding=\"async\" loading=\"lazy\"  src=\"https:\/\/www.europesays.com\/no\/wp-content\/uploads\/2025\/12\/1765745292_899_IMG_4422.jpeg\" alt=\"\" class=\"brick-c-cFOWSL\" style=\"\"\/><\/p>\n<p>\n            Les ogs\u00e5<\/p>\n<p>              Str\u00f8mbruddet: Setter offentlige bygg i Grane p\u00e5 sparebluss\n        <\/p>\n<p>  <\/a><\/p>\n<p>  <a href=\"https:\/\/www.helg.no\/5-24-1121677\" class=\"related-teaser has-image default-story-teaser article--c-eRUmMG article--c-eRUmMG-jKCPdD-design-default\" rel=\"nofollow noopener\" target=\"_blank\"><\/p>\n<p>    <img decoding=\"async\" loading=\"lazy\"  src=\"https:\/\/www.europesays.com\/no\/wp-content\/uploads\/2025\/12\/1765485432_229_96b3c67d-f234-453a-a952-a4f8e1df5f32.jpg\" alt=\"\" class=\"brick-c-cFOWSL\" style=\"\"\/><\/p>\n<p>\n            Les ogs\u00e5<\/p>\n<p>              Rammet av str\u00f8mbruddet, men holder koken p\u00e5 gammelm\u00e5ten: \u2013 Kommer langt med lommelykt\n        <\/p>\n<p>  <\/a><\/p>\n","protected":false},"excerpt":{"rendered":"\u2013 Det er rimelig god spenning i hele omr\u00e5det n\u00e5 og det er mulig \u00e5 bruke str\u00f8m med&hellip;\n","protected":false},"author":2,"featured_media":110698,"comment_status":"","ping_status":"","sticky":false,"template":"","format":"standard","meta":{"footnotes":""},"categories":[5],"tags":[36,20,21,24,25,2450,197,15,19,22,23,17,18,62,13,30,28,29,14,16,1510,26,27],"class_list":{"0":"post-113273","1":"post","2":"type-post","3":"status-publish","4":"format-standard","5":"has-post-thumbnail","7":"category-overskrifter","8":"tag-art","9":"tag-breaking-news","10":"tag-breakingnews","11":"tag-featured-news","12":"tag-featurednews","13":"tag-grane","14":"tag-hattfjelldal","15":"tag-headlines","16":"tag-hovedoppslag","17":"tag-latest-news","18":"tag-latestnews","19":"tag-main-news","20":"tag-mainnews","21":"tag-naeringsliv","22":"tag-news","23":"tag-no","24":"tag-norge","25":"tag-norway","26":"tag-nyheter","27":"tag-overskrifter","28":"tag-story","29":"tag-top-stories","30":"tag-topstories"},"share_on_mastodon":{"url":"https:\/\/pubeurope.com\/@no\/115719891019232979","error":""},"_links":{"self":[{"href":"https:\/\/www.europesays.com\/no\/wp-json\/wp\/v2\/posts\/113273","targetHints":{"allow":["GET"]}}],"collection":[{"href":"https:\/\/www.europesays.com\/no\/wp-json\/wp\/v2\/posts"}],"about":[{"href":"https:\/\/www.europesays.com\/no\/wp-json\/wp\/v2\/types\/post"}],"author":[{"embeddable":true,"href":"https:\/\/www.europesays.com\/no\/wp-json\/wp\/v2\/users\/2"}],"replies":[{"embeddable":true,"href":"https:\/\/www.europesays.com\/no\/wp-json\/wp\/v2\/comments?post=113273"}],"version-history":[{"count":0,"href":"https:\/\/www.europesays.com\/no\/wp-json\/wp\/v2\/posts\/113273\/revisions"}],"wp:featuredmedia":[{"embeddable":true,"href":"https:\/\/www.europesays.com\/no\/wp-json\/wp\/v2\/media\/110698"}],"wp:attachment":[{"href":"https:\/\/www.europesays.com\/no\/wp-json\/wp\/v2\/media?parent=113273"}],"wp:term":[{"taxonomy":"category","embeddable":true,"href":"https:\/\/www.europesays.com\/no\/wp-json\/wp\/v2\/categories?post=113273"},{"taxonomy":"post_tag","embeddable":true,"href":"https:\/\/www.europesays.com\/no\/wp-json\/wp\/v2\/tags?post=113273"}],"curies":[{"name":"wp","href":"https:\/\/api.w.org\/{rel}","templated":true}]}}