{"id":113278,"date":"2025-12-14T20:54:22","date_gmt":"2025-12-14T20:54:22","guid":{"rendered":"https:\/\/www.europesays.com\/no\/113278\/"},"modified":"2025-12-14T20:54:22","modified_gmt":"2025-12-14T20:54:22","slug":"karmoy-trafikkulykke-karmoy-syklende-barn-pakjort-av-bil-til-sykehus-for-sjekk","status":"publish","type":"post","link":"https:\/\/www.europesays.com\/no\/113278\/","title":{"rendered":"Karm\u00f8y, Trafikkulykke | Karm\u00f8y: Syklende barn p\u00e5kj\u00f8rt av bil \u2013 til sykehus for sjekk"},"content":{"rendered":"\n<p><b>KARM\u00d8Y: <\/b>Klokken 14.52 s\u00f8ndag meldte politiet om en trafikkulykke p\u00e5 Vea.<\/p>\n<p>Et syklende barn med hjelm ble p\u00e5kj\u00f8rt av en bil, og i den f\u00f8rste meldingen fra politiet opplyste de at barnet ble tatt vare p\u00e5 i ambulansen p\u00e5 stedet og at barnet virket OK.<\/p>\n<p>Sammenst\u00f8t i front<\/p>\n<p>Meldingen om ulykken kom via bilisten som skal ha kj\u00f8rt p\u00e5 barnet.<\/p>\n<p><b>\u2013 Fartsgrensen p\u00e5 stedet er 40 km\/t. og hendelsen skal ha skjedd som et sammenst\u00f8t i front, opplyste Steinar Knudsen, som er operasjonsleder i S\u00f8r-Vest politidistrikt.<\/b><\/p>\n<p>Politiet fortalte at de etterforsket p\u00e5 stedet, og veien straks skulle \u00e5pnes for ferdsel igjen i 15-tiden s\u00f8ndag.<\/p>\n<p>Kj\u00f8rt til sykehus for sjekk<\/p>\n<p>Klokken 15.41 opplyste operasjonslederen at barnet er kj\u00f8rt til sykehus for sjekk, og at barnets mor er varslet.<\/p>\n<p><b>\u2013 Mindre skader p\u00e5 kj\u00f8ret\u00f8yet, opplyste Knudsen.<\/b><\/p>\n<p>Bilf\u00f8reren er en kvinne. <\/p>\n<p>Politiet oppretter sak.<\/p>\n","protected":false},"excerpt":{"rendered":"KARM\u00d8Y: Klokken 14.52 s\u00f8ndag meldte politiet om en trafikkulykke p\u00e5 Vea. Et syklende barn med hjelm ble p\u00e5kj\u00f8rt&hellip;\n","protected":false},"author":2,"featured_media":23205,"comment_status":"","ping_status":"","sticky":false,"template":"","format":"standard","meta":{"footnotes":""},"categories":[10],"tags":[36,20,21,24,25,15,1761,22,23,13,30,28,29,14,16,1510,26,27,666,13821],"class_list":{"0":"post-113278","1":"post","2":"type-post","3":"status-publish","4":"format-standard","5":"has-post-thumbnail","7":"category-norge","8":"tag-art","9":"tag-breaking-news","10":"tag-breakingnews","11":"tag-featured-news","12":"tag-featurednews","13":"tag-headlines","14":"tag-karmoy","15":"tag-latest-news","16":"tag-latestnews","17":"tag-news","18":"tag-no","19":"tag-norge","20":"tag-norway","21":"tag-nyheter","22":"tag-overskrifter","23":"tag-story","24":"tag-top-stories","25":"tag-topstories","26":"tag-trafikkulykke","27":"tag-vea"},"share_on_mastodon":{"url":"https:\/\/pubeurope.com\/@no\/115719914556654463","error":""},"_links":{"self":[{"href":"https:\/\/www.europesays.com\/no\/wp-json\/wp\/v2\/posts\/113278","targetHints":{"allow":["GET"]}}],"collection":[{"href":"https:\/\/www.europesays.com\/no\/wp-json\/wp\/v2\/posts"}],"about":[{"href":"https:\/\/www.europesays.com\/no\/wp-json\/wp\/v2\/types\/post"}],"author":[{"embeddable":true,"href":"https:\/\/www.europesays.com\/no\/wp-json\/wp\/v2\/users\/2"}],"replies":[{"embeddable":true,"href":"https:\/\/www.europesays.com\/no\/wp-json\/wp\/v2\/comments?post=113278"}],"version-history":[{"count":0,"href":"https:\/\/www.europesays.com\/no\/wp-json\/wp\/v2\/posts\/113278\/revisions"}],"wp:featuredmedia":[{"embeddable":true,"href":"https:\/\/www.europesays.com\/no\/wp-json\/wp\/v2\/media\/23205"}],"wp:attachment":[{"href":"https:\/\/www.europesays.com\/no\/wp-json\/wp\/v2\/media?parent=113278"}],"wp:term":[{"taxonomy":"category","embeddable":true,"href":"https:\/\/www.europesays.com\/no\/wp-json\/wp\/v2\/categories?post=113278"},{"taxonomy":"post_tag","embeddable":true,"href":"https:\/\/www.europesays.com\/no\/wp-json\/wp\/v2\/tags?post=113278"}],"curies":[{"name":"wp","href":"https:\/\/api.w.org\/{rel}","templated":true}]}}