{"id":113279,"date":"2025-12-14T20:55:32","date_gmt":"2025-12-14T20:55:32","guid":{"rendered":"https:\/\/www.europesays.com\/no\/113279\/"},"modified":"2025-12-14T20:55:32","modified_gmt":"2025-12-14T20:55:32","slug":"kambodsja-stenger-alle-grenseoverganger-til-thailand","status":"publish","type":"post","link":"https:\/\/www.europesays.com\/no\/113279\/","title":{"rendered":"Kambodsja stenger alle grenseoverganger til Thailand"},"content":{"rendered":"\n<p class=\"_lead_o9xde_2 _lead_xtcu6_50 layout-component text-serif-m layout-normal text-serif-l layout-component layout-wide layout-padded _wide_17hqh_1 layout-padded\">Kampene mellom Kambodsja og Thailand fortsetter tross Donald Trumps p\u00e5stander om v\u00e5penhvile. L\u00f8rdag stenger Kambodsja alle grenseovergangene til nabolandet. <\/p>\n<p><img alt=\"TILFLUKT: Internt fordrevne s\u00f8ker tilflukt i et evakueringssenter ved Chang International Circuit i Buriram-provinsen i Thailand. Foto: LILLIAN SUWANRUMPHA \/ AFP \/ NTB\" class=\"_image_qp4xg_65 layout-component layout-wide\" data-fullscreen- data-track-element-type=\"Article image fullscreen\" data-track-name=\"ImageFullscreen\" fetchpriority=\"high\" decoding=\"sync\" loading=\"eager\" height=\"3671\" itemprop=\"image\"  src=\"https:\/\/www.europesays.com\/no\/wp-content\/uploads\/2025\/12\/0ce82166-aa47-4faf-80c0-db515d952c7c\"  style=\"object-position:0% 0%\" width=\"5506\"\/>TILFLUKT: Internt fordrevne s\u00f8ker tilflukt i et evakueringssenter ved Chang International Circuit i Buriram-provinsen i Thailand. Foto: LILLIAN SUWANRUMPHA \/ AFP \/ NTB<\/p>\n<ul aria-hidden=\"true\" class=\"_images_ntbth_112\">\n<li><a class=\"_link_ntbth_117\" href=\"https:\/\/www.vg.no\/forfatter\/anne-sofie-roennfeldt\" style=\"z-index:2\" title=\"Anne Sofie R\u00f8nnfeldt\" rel=\"nofollow noopener\" target=\"_blank\"><img alt=\"Bilde av Anne Sofie R\u00f8nnfeldt\" class=\"_image_ntbth_93\" fetchpriority=\"low\" loading=\"lazy\" decoding=\"async\" itemprop=\"image\"  src=\"https:\/\/www.europesays.com\/no\/wp-content\/uploads\/2025\/12\/1765745730_427_4634311d-064a-4086-be75-18a6e8a88835\"  width=\"480\"\/><\/a><\/li>\n<li><a class=\"_link_ntbth_117\" href=\"https:\/\/www.vg.no\/forfatter\/ntb\" style=\"z-index:1\" title=\"NTB\" rel=\"nofollow noopener\" target=\"_blank\"><img alt=\"Bilde av NTB\" class=\"_image_ntbth_93\" fetchpriority=\"low\" loading=\"lazy\" decoding=\"async\" itemprop=\"image\"  src=\"https:\/\/www.europesays.com\/no\/wp-content\/uploads\/2025\/12\/1765745731_899_c33980b0-5d07-4027-84a1-813f90a7c8d6\"  width=\"480\"\/><\/a><\/li>\n<\/ul>\n<p> Oppdatert l\u00f8rdag 13. desember kl. 16:17     <\/p>\n<p class=\"_paragraph_o9xde_4 _paragraph_xtcu6_10 layout-component text-serif-m layout-normal text-serif-m layout-padded\"><a href=\"https:\/\/www.vg.no\/tag\/kambodsja?utm_source=vg-article&amp;utm_medium=auto-tagger&amp;utm_campaign=K8v966\" class=\"_link_o9xde_39\" rel=\"nofollow noopener\" target=\"_blank\">Kambodsja<\/a> stenger alle grenseoverganger til Thailand langs den over 800 kilometer lange grensen, opplyser det kambodsjanske innenriksdepartementet l\u00f8rdag.<\/p>\n<p class=\"_paragraph_o9xde_4 _paragraph_xtcu6_10 layout-component text-serif-m layout-normal text-serif-m layout-padded\">Fredag meldte USAs president Donald Trump at han hadde snakket med b\u00e5de Thailands statsminister Anutin Charnvirakul og Kambodsjas statsminister Hun Manet. <\/p>\n<p class=\"_paragraph_o9xde_4 _paragraph_xtcu6_10 layout-component text-serif-m layout-normal text-serif-m layout-padded\">Den amerikanske presidenten hevdet at de to hadde g\u00e5tt med p\u00e5 \u00e5 stanse alle angrep samme kveld.<\/p>\n<p class=\"_paragraph_o9xde_4 _paragraph_xtcu6_10 layout-component text-serif-m layout-normal text-serif-m layout-padded\">\u2013 De har blitt enige om \u00e5 AVSLUTTE alle angrep i kveld, og g\u00e5 tilbake til den originale fredsavtale laget av meg og dem, skrev han i et innlegg p\u00e5 sin egen sosiale medier-plattform, Truth Social.<\/p>\n<p><img decoding=\"async\" alt=\"Bilde av Donald Trump\" class=\"_image_ygndg_42\" height=\"27\" itemprop=\"image\" loading=\"lazy\"  src=\"https:\/\/www.europesays.com\/no\/wp-content\/uploads\/2025\/12\/5e8d2d44-f046-426c-8bb4-1167fccc99e2\"  width=\"40\"\/><strong class=\"_name_ygndg_51 title-serif-xs\">Donald Trump<\/strong><\/p>\n<p class=\"_paragraph_o9xde_4 text-sans-m _description_ygndg_56\">USAs president<\/p>\n<p class=\"_paragraph_o9xde_4 _paragraph_xtcu6_10 layout-component text-serif-m layout-normal text-serif-m layout-padded\">\u2013 Begge land er klare for FRED og fortsatt handel med USA. Det er min \u00e6re \u00e5 jobbe med Anutin og Hun i \u00e5 l\u00f8se det som kunne ha utviklet seg til en st\u00f8rre krig mellom to ellers fantastiske og fremgangsrike land.<\/p>\n<p class=\"_paragraph_o9xde_4 _paragraph_xtcu6_10 layout-component text-serif-m layout-normal text-serif-m layout-padded\">Likevel fortsetter kampene \u00e5 rase for sjette dag p\u00e5 rad. <\/p>\n<p class=\"_paragraph_o9xde_4 _paragraph_xtcu6_10 layout-component text-serif-m layout-normal text-serif-m layout-padded\"><strong class=\"_strong_o9xde_25\">Her gjennomf\u00f8rer Thailand luftangrep i Kambodsja bare timer etter at USA hadde formidlet en v\u00e5penhvile:<\/strong><\/p>\n<p>   Langvarig konflikt<\/p>\n<p class=\"_paragraph_o9xde_4 _paragraph_xtcu6_10 layout-component text-serif-m layout-normal text-serif-m layout-padded\">Thailands forsvarsdepartement opplyser at ytterligere fire thailandske soldater er drept i Chong An Ma-omr\u00e5det.<\/p>\n<p class=\"_paragraph_o9xde_4 _paragraph_xtcu6_10 layout-component text-serif-m layout-normal text-serif-m layout-padded\">Grensestriden mellom Thailand og Kambodsja er en langvarig konflikt, og blusser opp med jevne mellomrom.<\/p>\n<p class=\"_paragraph_o9xde_4 _paragraph_xtcu6_10 layout-component text-serif-m layout-normal text-serif-m layout-padded\">Tidligere i \u00e5r gjennomf\u00f8rte thailandske F-16-fly flere luftangrep mot milit\u00e6re m\u00e5l i Kambodsja, og Kambodsja skj\u00f8t raketter mot Thailand. <\/p>\n<p class=\"_paragraph_o9xde_4 _paragraph_xtcu6_10 layout-component text-serif-m layout-normal text-serif-m layout-padded\">Begge landene anklagde hverandre for \u00e5 ha startet den nye b\u00f8lgen med angrep.<\/p>\n<p class=\"_paragraph_o9xde_4 _paragraph_xtcu6_10 layout-component text-serif-m layout-normal text-serif-m layout-padded\">B\u00e5de sivile og soldater ble drept p\u00e5 begge sider. <\/p>\n<p class=\"_paragraph_o9xde_4 _paragraph_xtcu6_10 layout-component text-serif-m layout-normal text-serif-m layout-padded\">I oktober ble det inng\u00e5tt en v\u00e5penhvileavtale, som be signert p\u00e5 Asean-m\u00f8tet i Malaysia. <\/p>\n<p class=\"_paragraph_o9xde_4 _paragraph_xtcu6_10 layout-component text-serif-m layout-normal text-serif-m layout-padded\">Trump og Malaysias statsminister Anwar Ibrahim var med \u00e5 utforme avtalen.<\/p>\n<p><img alt=\"V\u00c5PENHVILE: En v\u00e5penhvile mellom Thailand og Kambodsja ble signert 26. oktober, under oppsyn fra Trump.  Foto: ANDREW CABALLERO-REYNOLDS \/ AFP \/ NTB\" class=\"_image_qp4xg_65 layout-component layout-normal\" data-fullscreen- data-track-element-type=\"Article image fullscreen\" data-track-name=\"ImageFullscreen\" decoding=\"async\" loading=\"lazy\" height=\"4588\" itemprop=\"image\"  src=\"https:\/\/www.europesays.com\/no\/wp-content\/uploads\/2025\/12\/98c7ccf2-6ceb-4fed-a0a5-ab9b6211fbf8\"  style=\"object-position:0% 0%\" width=\"6881\"\/>V\u00c5PENHVILE: En v\u00e5penhvile mellom Thailand og Kambodsja ble signert 26. oktober, under oppsyn fra Trump.  Foto: ANDREW CABALLERO-REYNOLDS \/ AFP \/ NTB<\/p>\n<p class=\"_paragraph_o9xde_4 _paragraph_xtcu6_10 layout-component text-serif-m layout-normal text-serif-m layout-padded\">N\u00e5 anklager begge land hverandre for \u00e5 ha brutt denne avtalen. <\/p>\n<p class=\"_paragraph_o9xde_4 _paragraph_xtcu6_10 layout-component text-serif-m layout-normal text-serif-m layout-padded\">Thailand har lagt frem det de mener er bevis for at kambodsjanske soldater har plassert ut landminer langs grensen, som har f\u00f8rt til at syv thailandske soldater har mistet lemmer. <\/p>\n<p class=\"_paragraph_o9xde_4 _paragraph_xtcu6_10 layout-component text-serif-m layout-normal text-serif-m layout-padded\">Kambodsja hevder landminene stammer fra borgerkrigen p\u00e5 80-tallet.<\/p>\n<p class=\"_paragraph_o9xde_4 _paragraph_xtcu6_10 layout-component text-serif-m layout-normal text-serif-m layout-padded\">Thailands statsminister sier at en v\u00e5penhvile kun vil v\u00e6re mulig etter at Kambodsja har trukket tilbake sine styrker og fjernet alle landminer, melder <a href=\"https:\/\/www.bbc.com\/news\/articles\/cd0kkyx3vvxo\" class=\"_link_o9xde_39\" rel=\"nofollow noopener\" target=\"_blank\">BBC<\/a>. <\/p>\n<p class=\"_paragraph_o9xde_4 _paragraph_xtcu6_10 layout-component text-serif-m layout-normal text-serif-m layout-padded\">\u00abThailand vil fortsette \u00e5 utf\u00f8re milit\u00e6re handlinger til vi f\u00f8ler det ikke er noen skade eller trusler mot v\u00e5rt land eller v\u00e5rt folk\u00bb, skriver han p\u00e5 sosiale medier. <\/p>\n<p><img alt=\"FORTSETTER ANGREP: Thailands statsminister Anutin Charnvirakul.  Foto: ROYAL THAI GOVERNMENT \/ HANDOUT \/ EPA \/ NTB\" class=\"_image_qp4xg_65 layout-component layout-normal\" data-fullscreen- data-track-element-type=\"Article image fullscreen\" data-track-name=\"ImageFullscreen\" decoding=\"async\" loading=\"lazy\" height=\"1717\" itemprop=\"image\"  src=\"https:\/\/www.europesays.com\/no\/wp-content\/uploads\/2025\/12\/83aa852a-9d5e-4518-a5de-fbd5229c2878\"  style=\"object-position:0% 0%\" width=\"2483\"\/>FORTSETTER ANGREP: Thailands statsminister Anutin Charnvirakul.  Foto: ROYAL THAI GOVERNMENT \/ HANDOUT \/ EPA \/ NTB<\/p>\n<p class=\"_paragraph_o9xde_4 _paragraph_xtcu6_10 layout-component text-serif-m layout-normal text-serif-m layout-padded\">Kambodsja sier p\u00e5 sin side at de forsvarer sin suverenitet. <\/p>\n<p class=\"_paragraph_o9xde_4 _paragraph_xtcu6_10 layout-component text-serif-m layout-normal text-serif-m layout-padded\">If\u00f8lge forsvarsdepartementet i Kambodsja har thailandske jagerfly bombet hoteller og broer, og thailandske myndigheter rapporterer at flere sivile har blitt skadet i rakettangrep fra Kambodsja.<\/p>\n<p class=\"_paragraph_o9xde_4 _paragraph_xtcu6_10 layout-component text-serif-m layout-normal text-serif-m layout-padded\">If\u00f8lge BBC har minst 21 personer blitt drept i den siste eskaleringen. <\/p>\n","protected":false},"excerpt":{"rendered":"Kampene mellom Kambodsja og Thailand fortsetter tross Donald Trumps p\u00e5stander om v\u00e5penhvile. L\u00f8rdag stenger Kambodsja alle grenseovergangene til&hellip;\n","protected":false},"author":2,"featured_media":113280,"comment_status":"","ping_status":"","sticky":false,"template":"","format":"standard","meta":{"footnotes":""},"categories":[5],"tags":[20,21,24,25,15,19,3549,22,23,17,18,13,30,28,29,14,16,745,26,27],"class_list":{"0":"post-113279","1":"post","2":"type-post","3":"status-publish","4":"format-standard","5":"has-post-thumbnail","7":"category-overskrifter","8":"tag-breaking-news","9":"tag-breakingnews","10":"tag-featured-news","11":"tag-featurednews","12":"tag-headlines","13":"tag-hovedoppslag","14":"tag-kambodsja","15":"tag-latest-news","16":"tag-latestnews","17":"tag-main-news","18":"tag-mainnews","19":"tag-news","20":"tag-no","21":"tag-norge","22":"tag-norway","23":"tag-nyheter","24":"tag-overskrifter","25":"tag-thailand","26":"tag-top-stories","27":"tag-topstories"},"share_on_mastodon":{"url":"https:\/\/pubeurope.com\/@no\/115719918549772471","error":""},"_links":{"self":[{"href":"https:\/\/www.europesays.com\/no\/wp-json\/wp\/v2\/posts\/113279","targetHints":{"allow":["GET"]}}],"collection":[{"href":"https:\/\/www.europesays.com\/no\/wp-json\/wp\/v2\/posts"}],"about":[{"href":"https:\/\/www.europesays.com\/no\/wp-json\/wp\/v2\/types\/post"}],"author":[{"embeddable":true,"href":"https:\/\/www.europesays.com\/no\/wp-json\/wp\/v2\/users\/2"}],"replies":[{"embeddable":true,"href":"https:\/\/www.europesays.com\/no\/wp-json\/wp\/v2\/comments?post=113279"}],"version-history":[{"count":0,"href":"https:\/\/www.europesays.com\/no\/wp-json\/wp\/v2\/posts\/113279\/revisions"}],"wp:featuredmedia":[{"embeddable":true,"href":"https:\/\/www.europesays.com\/no\/wp-json\/wp\/v2\/media\/113280"}],"wp:attachment":[{"href":"https:\/\/www.europesays.com\/no\/wp-json\/wp\/v2\/media?parent=113279"}],"wp:term":[{"taxonomy":"category","embeddable":true,"href":"https:\/\/www.europesays.com\/no\/wp-json\/wp\/v2\/categories?post=113279"},{"taxonomy":"post_tag","embeddable":true,"href":"https:\/\/www.europesays.com\/no\/wp-json\/wp\/v2\/tags?post=113279"}],"curies":[{"name":"wp","href":"https:\/\/api.w.org\/{rel}","templated":true}]}}