{"id":113292,"date":"2025-12-14T21:10:20","date_gmt":"2025-12-14T21:10:20","guid":{"rendered":"https:\/\/www.europesays.com\/no\/113292\/"},"modified":"2025-12-14T21:10:20","modified_gmt":"2025-12-14T21:10:20","slug":"sport-handball-best-i-verden-er-sa-stolt","status":"publish","type":"post","link":"https:\/\/www.europesays.com\/no\/113292\/","title":{"rendered":"Sport, H\u00e5ndball | Best i verden: \u2013 Er s\u00e5 stolt!"},"content":{"rendered":"\n<p>Tittelen ble sikret i en intens VM-finale mot Tyskland.<\/p>\n<p>Norge har feid over all motstand i dette VM, men fikk virkelig kamp til d\u00f8ren av tyskerne i Rotterdam.<\/p>\n<p>Lagene fulgte hverandre tett gjennom hele kampen, og det var ikke f\u00f8r Malin Aune sendte Norge foran med tre m\u00e5l to minutter f\u00f8r slutt at man kunne begynne \u00e5 senke skuldrene.<\/p>\n<p>Da sluttsignalet gikk etter 60 minutter sto det 23-20 p\u00e5 tavlen og de norske jentene kunne slippe jubelen l\u00f8s.<\/p>\n<p><b>\u2013 N\u00e5 har jeg det veldig bra, men fy flate s\u00e5 vi slet i dag. Det er deilig at vi klarer \u00e5 dra det i land. Jeg er s\u00e5 stolt av jentene, sier Stine Skogrand til BA.\u00a0<\/b><\/p>\n<p>   <img decoding=\"async\" width=\"3688\" height=\"2459\" fetchpriority=\"low\"  loading=\"lazy\"  src=\"https:\/\/www.europesays.com\/no\/wp-content\/uploads\/2025\/12\/T-IK31B9O7k+%281%29.jpg\" alt=\"Rotterdam, Nederland 20251214. &#10;H\u00e5ndballjentene feirer VM-seieren under finalen i h\u00e5ndball-VM for kvinner mellom Tyskland og Norge i Ahoy Arena.&#10;Foto: Beate Oma Dahle \/ NTB\" class=\"brick-c-cFOWSL\" style=\"--brick-image-ratio: 3688 \/ 2459;\"\/><\/p>\n<p>      Stine Skogrand vant sin syvende tittel med Norge s\u00f8ndag.<br \/>\n      Foto: Beate Oma Dahle\n    <\/p>\n<p>  Sterke\u00a0tyskere<\/p>\n<p>Tyskland gikk rett i strupen p\u00e5 Norge og ledet i perioder gjennom 1. omgang. De s\u00e5 ogs\u00e5 ut til \u00e5 f\u00e5 med seg ledelsen til pause, men Norge utlignet til 11-11 sekunder f\u00f8r sluttsignalet gikk.<\/p>\n<p>I starten av 2. omgang s\u00e5 det ut som de norske spillerne hadde f\u00e5tt summet seg noe og de ordnet seg en trem\u00e5lsluke. Da Henny Reistad, som sto uten m\u00e5l til pause, satte ballen i m\u00e5l og \u00f8kte ledelsen til fire, kunne nok finalen fort v\u00e6rt avgjort, men m\u00e5let hennes ble underkjent.<\/p>\n<p>Da skjedde det som fort kan skje i h\u00e5ndball. Momentum snudde, og tyskerne var plutselig tilbake p\u00e5 17-17.<\/p>\n<p>Bergenser p\u00e5 All Star-laget<\/p>\n<p>Det ble en intens og nervepirrende avslutning, men den norske seiersmaskinen gjorde akkurat nok, godt hjulpet av 45 \u00e5r gamle Katrine Lunde mellom stengene. Superveteranen leverte flere sv\u00e6rt viktige redninger og kunne i sin landskamp nummer 388 juble for sitt 13. mesterskapsgull.<\/p>\n<p>De bergenske representantene Stine Skogrand og Emilie Hovden fikk begge spilletid, men slet med \u00e5 markere seg. Hovden bommet p\u00e5 sine tre fors\u00f8k fra kanten, men ble likevel bel\u00f8nnet med en plass p\u00e5 VMs All Star-lag som beste h\u00f8yrekant.\u00a0<\/p>\n<p>   <img decoding=\"async\" width=\"4687\" height=\"3124\" fetchpriority=\"low\"  loading=\"lazy\"  src=\"https:\/\/www.europesays.com\/no\/wp-content\/uploads\/2025\/12\/2_VZ5Qxhg6c_2.jpg\" alt=\"Rotterdam, Nederland 20251214. &#10;Norges Emilie Margrethe Hovden med et skudd mot Tysklands m\u00e5lvakt Katharina Filter under finalen i h\u00e5ndball-VM for kvinner mellom Tyskland og Norge i Ahoy Arena.&#10;Foto: Beate Oma Dahle \/ NTB\" class=\"brick-c-cFOWSL\" style=\"--brick-image-ratio: 4687 \/ 3124;\"\/><\/p>\n<p>      Det var nok ikke prestasjonen i VM-finalen som fikk Emilie Hovden inn p\u00e5 All Star-laget. Her bommer bergenseren p\u00e5 det ene av sine tre fors\u00f8k mot Tyskland.<br \/>\n      Foto: Beate Oma Dahle\n    <\/p>\n<p><b>\u2013 Jeg f\u00f8ler jeg har hatt en god turnering, selv om jeg ikke traff helt i finalen. Det er en anerkjennelse \u00e5 v\u00e6re p\u00e5 turneringens lag, og det m\u00e5 jeg ta med meg, smiler Hovden.\u00a0<\/b><\/p>\n<p>Henny Reistad ble turneringens beste spiller og toppscorer med 55 m\u00e5l.<\/p>\n<p>Stine Skogrand sikret sitt syvende mesterskapsgull med Norge. Hun har fire EM-gull, ett OL-gull fra lekene i Paris i 2024 og to VM-gull. Hovden har to EM- og to VM-gull. Fana-jenten ble vraket til OL-troppen i fjor sommer.<\/p>\n<p><b>Norge er n\u00e5 regjerende EM-, VM- og OL-mester. <\/b><\/p>\n","protected":false},"excerpt":{"rendered":"Tittelen ble sikret i en intens VM-finale mot Tyskland. Norge har feid over all motstand i dette VM,&hellip;\n","protected":false},"author":2,"featured_media":113293,"comment_status":"","ping_status":"","sticky":false,"template":"","format":"standard","meta":{"footnotes":""},"categories":[59],"tags":[36,105,5927,30,28,29,83,82,1510],"class_list":{"0":"post-113292","1":"post","2":"type-post","3":"status-publish","4":"format-standard","5":"has-post-thumbnail","7":"category-sport","8":"tag-art","9":"tag-handball","10":"tag-handballjentene","11":"tag-no","12":"tag-norge","13":"tag-norway","14":"tag-sport","15":"tag-sports","16":"tag-story"},"share_on_mastodon":{"url":"https:\/\/pubeurope.com\/@no\/115719977584051120","error":""},"_links":{"self":[{"href":"https:\/\/www.europesays.com\/no\/wp-json\/wp\/v2\/posts\/113292","targetHints":{"allow":["GET"]}}],"collection":[{"href":"https:\/\/www.europesays.com\/no\/wp-json\/wp\/v2\/posts"}],"about":[{"href":"https:\/\/www.europesays.com\/no\/wp-json\/wp\/v2\/types\/post"}],"author":[{"embeddable":true,"href":"https:\/\/www.europesays.com\/no\/wp-json\/wp\/v2\/users\/2"}],"replies":[{"embeddable":true,"href":"https:\/\/www.europesays.com\/no\/wp-json\/wp\/v2\/comments?post=113292"}],"version-history":[{"count":0,"href":"https:\/\/www.europesays.com\/no\/wp-json\/wp\/v2\/posts\/113292\/revisions"}],"wp:featuredmedia":[{"embeddable":true,"href":"https:\/\/www.europesays.com\/no\/wp-json\/wp\/v2\/media\/113293"}],"wp:attachment":[{"href":"https:\/\/www.europesays.com\/no\/wp-json\/wp\/v2\/media?parent=113292"}],"wp:term":[{"taxonomy":"category","embeddable":true,"href":"https:\/\/www.europesays.com\/no\/wp-json\/wp\/v2\/categories?post=113292"},{"taxonomy":"post_tag","embeddable":true,"href":"https:\/\/www.europesays.com\/no\/wp-json\/wp\/v2\/tags?post=113292"}],"curies":[{"name":"wp","href":"https:\/\/api.w.org\/{rel}","templated":true}]}}