{"id":113310,"date":"2025-12-14T21:36:09","date_gmt":"2025-12-14T21:36:09","guid":{"rendered":"https:\/\/www.europesays.com\/no\/113310\/"},"modified":"2025-12-14T21:36:09","modified_gmt":"2025-12-14T21:36:09","slug":"donald-trump-usa-eks-toppdiplomat-andras-simonyi-usa-er-ikke-i-ferd-med-a-falle-fra-hverandre","status":"publish","type":"post","link":"https:\/\/www.europesays.com\/no\/113310\/","title":{"rendered":"Donald Trump, USA | Eks-toppdiplomat Andr\u00e1s Simonyi: \u2013 USA er ikke i ferd med \u00e5 falle fra hverandre"},"content":{"rendered":"\n<p>Amerikansk-ungarske Andr\u00e1s Simonyi beskrives som \u00aben av de mest fascinerende skikkelsene i moderne diplomati\u00bb. Han er tidligere ambassad\u00f8r, strateg, rockegitarist og kulturell brobygger.<\/p>\n<p>Han har ogs\u00e5 v\u00e6rt vitne til flere av de mest avgj\u00f8rende globale maktskiftene de siste fire ti\u00e5rene.<\/p>\n<p>Simonyi deler sitt syn p\u00e5 Donald Trumps USA i \u00ab<a rel=\"Follow nofollow noopener\" href=\"https:\/\/open.spotify.com\/episode\/0LjBfrGE7nLq8lHtuEEAB6\" target=\"_blank\">Optimisten, pessimisten og realisten<\/a>\u00bb, som er en norsk podkast av tidligere toppdiplomat K\u00e5re Aas og serieskaper Gjermund Stenberg Eriksen.<\/p>\n<p>Simonyi, som n\u00e5 bor i USA, forteller ogs\u00e5 en humoristisk anekdote om Jonas Gahr St\u00f8re.<\/p>\n<p><b>Les ogs\u00e5: <a class=\"simple-relation related-teaser article--c-eRUmMG article--c-eRUmMG-fZoQSp-design-nettavisen article--c-eRUmMG-gwthdJ-cv\" href=\"https:\/\/www.nettavisen.no\/storbank-med-marerittmelding-for-donald-trump\/s\/5-95-2777941\" rel=\"nofollow noopener\" target=\"_blank\">Storbank med marerittmelding for Donald Trump<\/a><\/b><\/p>\n<p>St\u00f8re-anekdote<\/p>\n<p>Aas, som kjenner Simonyi fra sin lange karriere i diplomatiet, sp\u00f8r den amerikansk-ungarske strategen hva som egentlig skjer i Washington og hvorfor det er s\u00e5 vanskelig \u00e5 forholde seg til Trump og hans administrasjon.<\/p>\n<p>Han sp\u00f8r ogs\u00e5 hva USA f\u00e5r ut av dette i forhold til Europa.<\/p>\n<p>\u2013 For mange \u00e5r siden redigerte du (Aas red.anm.) og jeg en bok som het \u00ab<a rel=\"Follow nofollow noopener\" href=\"https:\/\/www.jstor.org\/stable\/10.7864\/j.ctt1w6tdph\" target=\"_blank\">Nordic Ways<\/a>\u00bb. En av forfatterne var Jonas Gahr St\u00f8re, din n\u00e5v\u00e6rende statsminister, sier Simonyi i podkasten.<\/p>\n<p>\u2013 Og etter din anbefaling dro jeg for \u00e5 m\u00f8te ham. Jeg husker at under samtalen \u2013 dette var i januar 2016 \u2013 sa jeg til ham: \u00abJeg vet egentlig ikke hva resultatet av valget blir, men det er fort gjort at Donald Trump blir den republikanske kandidaten og at han blir USAs president\u00bb, sier Simonyi.<\/p>\n<p><b>\u2013 St\u00f8re, som ikke visste at jeg forst\u00e5r ganske mye norsk, snudde seg mot assistenten sin og sa: \u00abDenne fyren er gal\u00bb, sier han humoristisk.<\/b><\/p>\n<p><b>Les ogs\u00e5: <a class=\"simple-relation related-teaser article--c-eRUmMG article--c-eRUmMG-fZoQSp-design-nettavisen article--c-eRUmMG-gwthdJ-cv\" href=\"https:\/\/www.nettavisen.no\/nei-flertallet-vokser-pa-ny-eu-maling\/s\/5-95-2777151\" rel=\"nofollow noopener\" target=\"_blank\">Nei-flertallet vokser p\u00e5 ny EU-m\u00e5ling<\/a><\/b><\/p>\n<p>Simonyi vokste nemlig opp i Danmark og hadde ogs\u00e5 en tante som var en norsk oversetter.<\/p>\n<p>\u2013 Jeg vil bare nevne dette, fordi han ikke var den eneste som tenkte slik. Europeere ble tatt p\u00e5 sengen, men jeg mener ikke at USA og amerikanerne ble fullstendig tatt p\u00e5 sengen, sier han.<\/p>\n<p>   <img decoding=\"async\" width=\"1377\" height=\"1837\" fetchpriority=\"low\"  loading=\"lazy\"  src=\"https:\/\/www.europesays.com\/no\/wp-content\/uploads\/2025\/12\/Simonyi4x3.jpg\" alt=\"\" class=\"brick-c-cFOWSL\" style=\"--brick-image-ratio: 1377 \/ 1837;\"\/><\/p>\n<p>      TIDLIGERE TOPPDIPLOMAT: Andr\u00e1s Simonyi er en tidligere ungarsk ambassad\u00f8r som n\u00e5 bor og arbeider i Washington, D.C.<br \/>\n      Foto: Atlantic Council\n    <\/p>\n<p>Simonyi viser til valg\u00e5ret 2016 da Trump f\u00f8rst ble Republikanerens presidentkandidat, og deretter vant i presidentvalget mot Demokratenes kandidat Hillary Clinton. Den gang var St\u00f8re opposisjonsleder og Ap-leder.<\/p>\n<p>\u2013 Jeg sier dette som bakgrunn, for jeg tror at misforst\u00e5elsen starter her: Donald Trump er selvf\u00f8lgelig en komplisert person. Han er \u00e5rsaken til mye, men han er ikke \u00e5rsaken til noe som skjer i USA. Han er symptomet. Der m\u00e5 vi begynne, sier han.<\/p>\n<p>            Andr\u00e1s Simonyi <\/p>\n<ul>\n<li>Andr\u00e1s Simonyi er en tidligere ungarsk ambassad\u00f8r som n\u00e5 bor og arbeider i Washington, DC. <\/li>\n<li>Han har v\u00e6rt Ungarns ambassad\u00f8r til USA (2002\u20132007) og den f\u00f8rste permanente representanten til NATO etter Ungarns medlemskap.<\/li>\n<li> Simonyi har ogs\u00e5 ledet Center for Transatlantic Relations ved Johns Hopkins University og arbeider n\u00e5 ved George Washington University. <\/li>\n<li>Han er utdannet transport\u00f8konom med doktorgrad i internasjonale relasjoner, og hans fagomr\u00e5der inkluderer transatlantiske relasjoner, energi og de nordiske landene. <\/li>\n<li>Han publiserer jevnlig i blant annet The Hill og The Huffington Post.<\/li>\n<\/ul>\n<p>Kilde: <a href=\"https:\/\/www.atlanticcouncil.org\/expert\/andras-simonyi\/\" target=\"_self\" rel=\"Follow nofollow noopener\">Atlantic Council<\/a><\/p>\n<p>  \u2013 Ikke i ferd med \u00e5 falle fra hverandre<\/p>\n<p>Simonyi sier videre i podkasten at USA er det eneste landet i den vestlige verden som ikke har noen andre \u00e5 se til for \u00e5 f\u00e5 pekepinner om hvilken vei landet skal g\u00e5, og at landet m\u00e5 finne seg selv p\u00e5 nytt. Han p\u00e5peker at europeerne har alltid sett til USA for \u00e5 f\u00e5 pekepinn om hvilken retning de skal ta.<\/p>\n<p>\u2013 N\u00e5 har dette n\u00e5 har endret seg, sier han.<\/p>\n<p>Han avviser ogs\u00e5 p\u00e5stander om at USA er p\u00e5 vei mot et totalit\u00e6rt styre.<\/p>\n<p>\u2013 Jeg tror ikke USA er i ferd med \u00e5 falle fra hverandre, og det er definitivt ikke p\u00e5 vei mot totalitarisme. Men sannheten er: Donald Trump tester grensene for demokratiet. S\u00e5 langt har de demokratiske institusjonene holdt seg ganske godt, hevder Simonyi.<\/p>\n","protected":false},"excerpt":{"rendered":"Amerikansk-ungarske Andr\u00e1s Simonyi beskrives som \u00aben av de mest fascinerende skikkelsene i moderne diplomati\u00bb. Han er tidligere ambassad\u00f8r,&hellip;\n","protected":false},"author":2,"featured_media":113311,"comment_status":"","ping_status":"","sticky":false,"template":"","format":"standard","meta":{"footnotes":""},"categories":[12],"tags":[20,21,24,25,15,22,23,13,30,28,29,14,16,26,27,42,43,44,45],"class_list":{"0":"post-113310","1":"post","2":"type-post","3":"status-publish","4":"format-standard","5":"has-post-thumbnail","7":"category-verden","8":"tag-breaking-news","9":"tag-breakingnews","10":"tag-featured-news","11":"tag-featurednews","12":"tag-headlines","13":"tag-latest-news","14":"tag-latestnews","15":"tag-news","16":"tag-no","17":"tag-norge","18":"tag-norway","19":"tag-nyheter","20":"tag-overskrifter","21":"tag-top-stories","22":"tag-topstories","23":"tag-verden","24":"tag-world","25":"tag-world-news","26":"tag-worldnews"},"share_on_mastodon":{"url":"https:\/\/pubeurope.com\/@no\/115720079764889107","error":""},"_links":{"self":[{"href":"https:\/\/www.europesays.com\/no\/wp-json\/wp\/v2\/posts\/113310","targetHints":{"allow":["GET"]}}],"collection":[{"href":"https:\/\/www.europesays.com\/no\/wp-json\/wp\/v2\/posts"}],"about":[{"href":"https:\/\/www.europesays.com\/no\/wp-json\/wp\/v2\/types\/post"}],"author":[{"embeddable":true,"href":"https:\/\/www.europesays.com\/no\/wp-json\/wp\/v2\/users\/2"}],"replies":[{"embeddable":true,"href":"https:\/\/www.europesays.com\/no\/wp-json\/wp\/v2\/comments?post=113310"}],"version-history":[{"count":0,"href":"https:\/\/www.europesays.com\/no\/wp-json\/wp\/v2\/posts\/113310\/revisions"}],"wp:featuredmedia":[{"embeddable":true,"href":"https:\/\/www.europesays.com\/no\/wp-json\/wp\/v2\/media\/113311"}],"wp:attachment":[{"href":"https:\/\/www.europesays.com\/no\/wp-json\/wp\/v2\/media?parent=113310"}],"wp:term":[{"taxonomy":"category","embeddable":true,"href":"https:\/\/www.europesays.com\/no\/wp-json\/wp\/v2\/categories?post=113310"},{"taxonomy":"post_tag","embeddable":true,"href":"https:\/\/www.europesays.com\/no\/wp-json\/wp\/v2\/tags?post=113310"}],"curies":[{"name":"wp","href":"https:\/\/api.w.org\/{rel}","templated":true}]}}