{"id":113318,"date":"2025-12-14T21:40:10","date_gmt":"2025-12-14T21:40:10","guid":{"rendered":"https:\/\/www.europesays.com\/no\/113318\/"},"modified":"2025-12-14T21:40:10","modified_gmt":"2025-12-14T21:40:10","slug":"kristoffer-joner-treffer-tidsanden-pa-filmens-premiere","status":"publish","type":"post","link":"https:\/\/www.europesays.com\/no\/113318\/","title":{"rendered":"Kristoffer Joner treffer tids\u00e5nden p\u00e5 filmens premiere"},"content":{"rendered":"<p>        <img loading=\"lazy\" decoding=\"async\" src=\"https:\/\/www.europesays.com\/no\/wp-content\/uploads\/2025\/12\/83902421.webp\" width=\"579\" height=\"828\" title=\"ROCKA&#10;OG KUL, STOR&#10;FAVORITT og SUPERSEXY\" alt=\"\" class=\"\" style=\"--aspect-ratio-image: 0.70; \"\/><\/p>\n<p>Kristoffer Joner (53)\u00a0<\/p>\n<p>Kjent fra \u00abB\u00f8lgen\u00bb\u00a0<\/p>\n<p>Antrekk: Ukjent\u00a0<\/p>\n<p>Kristoffer har sin helt egen stil, og<br \/>\njeg vet absolutt ikke om det var planlagt, men han traff tids\u00e5nden perfekt n\u00e5 som smale jeans \u2013 dessverre \u2013 har gjort comeback. Litt<br \/>\nflaks kanskje, men uttrykket f\u00e5r en<br \/>\nrocka og kul edge. Jeg elsker at<br \/>\nnorske menn faktisk gj\u00f8r en innsats<br \/>\nn\u00e5r de f\u00f8rst skal p\u00e5 den r\u00f8de l\u00f8per.<\/p>\n<p>Pia Tjelta (27)\u00a0<\/p>\n<p>Kjent fra \u00abLykkeland\u00bb\u00a0<\/p>\n<p>Antrekk: Kjole fra Pia Tjelta<\/p>\n<p>\u00a0Pia er som alltid i en klasse for seg<br \/>\nselv, og sammen med datteren er<br \/>\nhun blant kveldens aller best kledde. Denne kjolen sitter perfekt, og<br \/>\nhun viser nok en gang hvorfor hun<br \/>\nhar blitt k\u00e5ret til \u00e5rets best kledde<br \/>\nkvinne. Dette er internasjonal gjennomslagskraft p\u00e5 h\u00f8yt niv\u00e5, og uten<br \/>\ntvil en av kveldens store favoritter.<\/p>\n<p>Tarek Zayat (27)<\/p>\n<p>\u00a0Kjent fra \u00abShorta\u00bb\u00a0<\/p>\n<p>Antrekk: Ukjent\u00a0<\/p>\n<p>Tarek er en skikkelig kjekkas, og denne dressen er rett og slett supersexy<br \/>\np\u00e5 ham. Den sitter som et skudd, snittet er n\u00f8ye gjennomtenkt, buksen<br \/>\nligger h\u00f8yt og markerer midjen, og<br \/>\nskjorten er akkurat passe oppkneppet<br \/>\ntil \u00e5 v\u00e6re elegant sexy uten \u00e5 bikke<br \/>\nover. Han har et enormt spillerom stilistisk, og jeg h\u00e5per virkelig vi ser mer<br \/>\nav ham p\u00e5 den r\u00f8de l\u00f8peren.<\/p>\n","protected":false},"excerpt":{"rendered":"Kristoffer Joner (53)\u00a0 Kjent fra \u00abB\u00f8lgen\u00bb\u00a0 Antrekk: Ukjent\u00a0 Kristoffer har sin helt egen stil, og jeg vet absolutt&hellip;\n","protected":false},"author":2,"featured_media":113319,"comment_status":"","ping_status":"","sticky":false,"template":"","format":"standard","meta":{"footnotes":""},"categories":[58],"tags":[4104,71,479,5543,30,28,29,1650,10188,72],"class_list":{"0":"post-113318","1":"post","2":"type-post","3":"status-publish","4":"format-standard","5":"has-post-thumbnail","7":"category-underholdning","8":"tag-eksklusivt","9":"tag-entertainment","10":"tag-kjendis","11":"tag-kristoffer-joner","12":"tag-no","13":"tag-norge","14":"tag-norway","15":"tag-pia-tjelta","16":"tag-tarek-zayat","17":"tag-underholdning"},"share_on_mastodon":{"url":"https:\/\/pubeurope.com\/@no\/115720095186088128","error":""},"_links":{"self":[{"href":"https:\/\/www.europesays.com\/no\/wp-json\/wp\/v2\/posts\/113318","targetHints":{"allow":["GET"]}}],"collection":[{"href":"https:\/\/www.europesays.com\/no\/wp-json\/wp\/v2\/posts"}],"about":[{"href":"https:\/\/www.europesays.com\/no\/wp-json\/wp\/v2\/types\/post"}],"author":[{"embeddable":true,"href":"https:\/\/www.europesays.com\/no\/wp-json\/wp\/v2\/users\/2"}],"replies":[{"embeddable":true,"href":"https:\/\/www.europesays.com\/no\/wp-json\/wp\/v2\/comments?post=113318"}],"version-history":[{"count":0,"href":"https:\/\/www.europesays.com\/no\/wp-json\/wp\/v2\/posts\/113318\/revisions"}],"wp:featuredmedia":[{"embeddable":true,"href":"https:\/\/www.europesays.com\/no\/wp-json\/wp\/v2\/media\/113319"}],"wp:attachment":[{"href":"https:\/\/www.europesays.com\/no\/wp-json\/wp\/v2\/media?parent=113318"}],"wp:term":[{"taxonomy":"category","embeddable":true,"href":"https:\/\/www.europesays.com\/no\/wp-json\/wp\/v2\/categories?post=113318"},{"taxonomy":"post_tag","embeddable":true,"href":"https:\/\/www.europesays.com\/no\/wp-json\/wp\/v2\/tags?post=113318"}],"curies":[{"name":"wp","href":"https:\/\/api.w.org\/{rel}","templated":true}]}}