{"id":113328,"date":"2025-12-14T21:53:18","date_gmt":"2025-12-14T21:53:18","guid":{"rendered":"https:\/\/www.europesays.com\/no\/113328\/"},"modified":"2025-12-14T21:53:18","modified_gmt":"2025-12-14T21:53:18","slug":"skandalose-reaksjoner-etter-danby-chois-exit-fra-skal-vi-danse","status":"publish","type":"post","link":"https:\/\/www.europesays.com\/no\/113328\/","title":{"rendered":"Skandal\u00f8se reaksjoner etter Danby Chois exit fra \u00abSkal vi danse\u00bb"},"content":{"rendered":"<p>L\u00f8rdag 13. desember var det <a href=\"https:\/\/www.dagbladet.no\/kjendis\/kan-bli-livsfarlig\/83980333\" rel=\"nofollow noopener\" target=\"_blank\">semifinale i\u00a0\u00abSkal vi danse\u00bb<\/a>, og det skulle avgj\u00f8res hvilke tre deltakere som f\u00e5r danse i finalen. Det som opprinnelig var 13 deltakere har uke etter uke minket, og i \u00e5rets siste danseduell var det <a href=\"https:\/\/www.dagbladet.no\/kjendis\/ute-av-skal-vi-danse-1\/83980734\" rel=\"nofollow noopener\" target=\"_blank\">Tiril Eckhoff (35) og Danby Choi (32)<\/a> som m\u00e5tte knive om den tredje finalebilletten.<\/p>\n<p>        <img loading=\"lazy\" decoding=\"async\" src=\"https:\/\/www.europesays.com\/no\/wp-content\/uploads\/2025\/12\/1765749190_818_83983414.webp\" width=\"686\" height=\"460\" title=\"TAKKET FOR SEG: Danby Choi og Norunn Ringvoll m\u00e5tte forlate dansekonkurransen i semifinalen. Foto: Thomas Andersen \/ TV 2\" alt=\"\" class=\"\" style=\"--aspect-ratio-image: 1.49; \"\/><\/p>\n<p>\n        TAKKET FOR SEG: Danby Choi og Norunn Ringvoll m\u00e5tte forlate dansekonkurransen i semifinalen. Foto: Thomas Andersen \/ TV 2\n    <\/p>\n<p>Den endte opp i hendene p\u00e5 Eckhoff.<\/p>\n<p>At det ble utfallet av danseduellen er det ikke alle som er like forn\u00f8yd med, og flere g\u00e5r n\u00e5 hardt ut mot programmet.<\/p>\n<p>        T\u00c5RER: Danby Chor r\u00f8k ut av \u00abSkal vi danse\u00bb. Dansepartner Norunn Ringvoll tok til t\u00e5rene etter sjokkexiten. Video: Karolina Grace Rusov-Hansen \/ Sanne Holt.<\/p>\n<p>&#8211; Prosjektet lider\t<\/p>\n<p>TV-veteran Oddvar Stenstr\u00f8m (79) er blant de som har tatt til sosiale medier for \u00e5 dele sine tanker.<\/p>\n<p>\u00abDet er noe g\u00e6rent n\u00e5r konkurransens beste danser blir sl\u00e5tt ut av en som er langt d\u00e5rligere. Og det har skjedd gang p\u00e5 gang. Tiril havner i duell og vinner alltid n\u00e5r det bare er seerne og ikke dommerne som bestemmer. Den tidligere skiskytter-stjerna er fortsatt megapopul\u00e6r i Norge. Da er konkurrentene sjansel\u00f8se selv n\u00e5r de er langt bedre dansere\u00bb, skriver han i et innlegg p\u00e5 Facebook.\u00a0<\/p>\n<p>        <img loading=\"lazy\" decoding=\"async\" src=\"https:\/\/www.europesays.com\/no\/wp-content\/uploads\/2025\/12\/1765749192_802_83983111.webp\" width=\"686\" height=\"783\" title=\"Foto: Skjermdump Facebook\" alt=\"\" class=\"\" style=\"--aspect-ratio-image: 0.88; \"\/><\/p>\n<p>\n        Foto: Skjermdump Facebook\n    <\/p>\n<p>\u00abHvis hensikten med &#8216;Skal vi danse&#8217; er \u00e5 k\u00e5re den som er best til \u00e5 danse, s\u00e5 m\u00e5 TV 2 endre reglene. Danby har i flere uker v\u00e6rt den desidert beste. At han ikke er i finalen er skandal\u00f8st\u00bb, raser han videre.<\/p>\n<p class=\"italic m-italic\" data-lab-italic=\"italic\">Dagbladet har v\u00e6rt i kontakt med Oddvar Stenstr\u00f8m, som ikke har noe \u00e5 legge til utover Facebook-innlegget.<\/p>\n<p>        TABBE: Det gikk ikke helt som planlagt for dommer Merete Lingj\u00e6rde da hun skulle si navnet p\u00e5 en av danserne under kveldens \u00abSkal vi danse\u00bb. Dette sier hun etter glippen. Video: Bilder fra TV 2 \/ Karolina Grace Rusov-Hansen \/ Sanne Holt.<\/p>\n<p>En annen som har delt sin frustasjon er forfatter Unni Lindell (68). P\u00e5 <a href=\"https:\/\/www.instagram.com\/p\/DSOFHS5CNQ_\/?img_index=1\" rel=\"nofollow noopener\" target=\"_blank\">Instagram<\/a>\u00a0har TV 2 postet et innlegg med sm\u00e5 glimt fra semifinalen, og i bildeteksten lagt ved sp\u00f8rsm\u00e5let\u00a0\u00abHvem synes du leverte best dans i kveld?\u00bb. Det er i det kommentarfeltet Lindell har delt sin mening.<\/p>\n<p>\u00abDanby var best (&#8230;) De beste m\u00e5 videre\u00bb.\u00a0<\/p>\n<p>        <img loading=\"lazy\" decoding=\"async\" src=\"https:\/\/www.europesays.com\/no\/wp-content\/uploads\/2025\/12\/1765749193_778_83983392.webp\" width=\"686\" height=\"460\" title=\"FEIL: Unni Lindell mener det er feil at Danby Choi r\u00f8k ut til fordel for Tiril Eckhoff. Foto: J\u00f8rn H.Moen \/ Dagbladet\" alt=\"\" class=\"\" style=\"--aspect-ratio-image: 1.49; \"\/><\/p>\n<p>\n        FEIL: Unni Lindell mener det er feil at Danby Choi r\u00f8k ut til fordel for Tiril Eckhoff. Foto: J\u00f8rn H.Moen \/ Dagbladet\n    <\/p>\n<p>\u00abOg n\u00e5r skisytteren fortsatt er med blir det feil. Hun er s\u00f8t, men dans, nei. Danby, Viggo og Tale skulle st\u00e5tt i finalen. Prosjektet lider under at de beste ikke kommer lengst. Danby var best. Musikk i hvert fiber i kroppen. Men takk for dansen, Danby. En glede \u00e5 f\u00f8lge deg\u00bb, skriver Lindell.<\/p>\n<p>    \u00abSkal vi danse\u00bb-dommernes poenggivning i semifinalen<\/p>\n<p class=\"font-weight-bold m-font-weight-bold\" data-lab-font_weight=\"font-weight-bold\">Nadya Khamitskaya<\/p>\n<p>Tiril Eckhoff: 9 + 8<\/p>\n<p>Viggo Venn: 10 + 8<\/p>\n<p>Tale Torjussen: 10 + 9<\/p>\n<p>Danby Choi: 10 + 9<\/p>\n<p>= 73<\/p>\n<p class=\"font-weight-bold m-font-weight-bold\" data-lab-font_weight=\"font-weight-bold\">Jan Thomas<\/p>\n<p>Tiril Eckhoff: 9 + 10<\/p>\n<p>Viggo Venn: 10 + 10<\/p>\n<p>Tale Torjussen: 10 + 10<\/p>\n<p>Danby Choi: 10 + 10<\/p>\n<p>= 79<\/p>\n<p class=\"font-weight-bold m-font-weight-bold\" data-lab-font_weight=\"font-weight-bold\">Merete M\u00f8rk Lingj\u00e6rde<\/p>\n<p>Tiril Eckhoff: 9 + 9<\/p>\n<p>Viggo Venn: 10 + 10<\/p>\n<p>Tale Torjussen: 10 + 10<\/p>\n<p>Danby Choi: 10 + 10<\/p>\n<p>= 78<\/p>\n<p class=\"font-weight-bold m-font-weight-bold\" data-lab-font_weight=\"font-weight-bold\">Cengiz Al<\/p>\n<p>Tiril Eckhoff: 9 + 10<\/p>\n<p>Viggo Venn: 10 + 10<\/p>\n<p>Tale Torjussen: 10 + 10<\/p>\n<p>Danby Choi: 10 + 10<\/p>\n<p>= 79<\/p>\n<p>      Vis mer<br \/>\n      Vis mindre<\/p>\n<p class=\"italic m-italic\" data-lab-italic=\"italic\">Les hvordan poenggivningen i \u00abSkal vi danse\u00bb fungerer lenger ned i saken.<\/p>\n<p>P\u00e5 sosiale medier koker det i kommentarfeltene, og det virker som at det er det flere som er enige med TV-veteranen og forfatteren. Flere peker p\u00e5 at de mener Choi har levert bedre enn Eckhoff, og at det er feil at det var han som r\u00f8k.<\/p>\n<p>    <a itemprop=\"url\" href=\"https:\/\/www.dagbladet.no\/kjendis\/roper-skade\/83981224\" rel=\"nofollow noopener\" target=\"_blank\"><\/p>\n<p>        <img loading=\"lazy\" decoding=\"async\" src=\"https:\/\/www.europesays.com\/no\/wp-content\/uploads\/2025\/12\/1765749193_930_83981237.webp\" width=\"980\" height=\"441\" title=\"R\u00f8per skade\" alt=\"\" class=\"lazyload\" style=\"--aspect-ratio-image: 2.22; \"\/><\/p>\n<p>        R\u00f8per skade<\/p>\n<p>    <\/a><\/p>\n<p>Dagbladets uoffisielle telling l\u00f8rdag kveld kunne vise at Choi har f\u00e5tt 72 poeng mer enn Eckhoff gjennom de totalt elleve programmene denne h\u00f8sten.<\/p>\n<p>        \u00abSKAL VI DANSE\u00bb: Proffdanser Santino Mirenna p\u00e5dro seg en skade etter en ulykke under kveldens generalpr\u00f8ve. Video: Instagram: @tirileckhoff \/ Reporter: Karolina Grace Rusov-Hansen \/ Sanne Holt.<\/p>\n<p>Dommernes resultatliste fra l\u00f8rdag kveld viser at det ble delt ut mange h\u00f8ye poeng, men at det var Tale Torjussen (20) og Antonio Careri (27) og Danby Choi og Norunn Ringvoll (24) som fikk flest. Ett poeng bak var Viggo Venn (36) og Rikke Lund (29), mens Tiril Eckhoff og Santino Mirenna (31) var fem poeng bak dem igjen.<\/p>\n<p>        <img loading=\"lazy\" decoding=\"async\" src=\"https:\/\/www.europesays.com\/no\/wp-content\/uploads\/2025\/12\/1765749195_895_83983278.webp\" width=\"980\" height=\"559\" title=\"Foto: Skjermdump TV 2\" alt=\"\" class=\"\" style=\"--aspect-ratio-image: 1.75; \"\/><\/p>\n<p>\n        Foto: Skjermdump TV 2\n    <\/p>\n<p>&#8211; Jeg var sjokkskadd\t<\/p>\n<p>Gjennom sesongen har Choi i samtlige program f\u00e5tt h\u00f8yere karakterer av dommerne enn sin duellant, og har lenge blitt sp\u00e5dd \u00e5 skulle st\u00e5 i en finale. Dermed kom det som en overraskelse p\u00e5 mange, ogs\u00e5 p\u00e5 Eckhoff, at det ikke skulle bli slik.<\/p>\n<p>\u00a0Dagbladet var til stede under sendingen av semifinalen, og tok en prat med Eckhoff etter at finalebilletten var sikret.\u00a0<\/p>\n<p>        <img loading=\"lazy\" decoding=\"async\" src=\"https:\/\/www.europesays.com\/no\/wp-content\/uploads\/2025\/12\/1765749196_125_83983402.webp\" width=\"686\" height=\"460\" title=\"FINALISTENE: Antonio Careri, Tale Torjussen, Rikke Lund, Viggo Venn, Tiril Eckhoff og Santino Mirenna blir \u00e5 se i finalen 20. desember. Foto: Thomas Andersen \/ TV 2\" alt=\"\" class=\"\" style=\"--aspect-ratio-image: 1.49; \"\/><\/p>\n<p>\n        FINALISTENE: Antonio Careri, Tale Torjussen, Rikke Lund, Viggo Venn, Tiril Eckhoff og Santino Mirenna blir \u00e5 se i finalen 20. desember. Foto: Thomas Andersen \/ TV 2\n    <\/p>\n<p>&#8211; Jeg skj\u00f8nner det ikke. Det er ganske vilt, sa en tydelig overveldet Eckhoff.<\/p>\n<p class=\"italic m-italic\" data-lab-italic=\"italic\">&#8211; Hva tenkte du da de ropte opp deg som vinneren av duellen?<\/p>\n<p>        BUNNPUNKT: Semifinalist Tiril Eckhoff avsl\u00f8rer t\u00e5rev\u00e5tt sammenbrudd, og hva som fikk henne til \u00e5 kjefte p\u00e5 dansepartneren Santino Mirenna. Reporter: Sanne Holt. Video: \u00abSkal vi danse\u00bb\/ TV 2\/ Sanne Holt\/ R\u00f8d L\u00f8per<\/p>\n<p>&#8211; Jeg tror ikke jeg tenkte s\u00e5 mye, egentlig. Santino skrek, og jeg var sjokkskadd ved siden av. Det var ikke en enkel duell.<\/p>\n<p>    <a itemprop=\"url\" href=\"https:\/\/www.dagbladet.no\/kjendis\/kan-bli-livsfarlig\/83980333\" rel=\"nofollow noopener\" target=\"_blank\"><\/p>\n<p>        <img loading=\"lazy\" decoding=\"async\" src=\"https:\/\/www.europesays.com\/no\/wp-content\/uploads\/2025\/12\/1765749197_6_83981072.webp\" width=\"980\" height=\"441\" title=\"- Kan bli livsfarlig\" alt=\"\" class=\"lazyload\" style=\"--aspect-ratio-image: 2.22; \"\/><\/p>\n<p>        &#8211; Kan bli livsfarlig<\/p>\n<p>    <\/a><\/p>\n<p>Dette er den andre danseduellen duoen har kjempet seg videre fra. I kvartfinalen <a href=\"https:\/\/www.dagbladet.no\/kjendis\/grat-meg-i-sovn\/83953947\" rel=\"nofollow noopener\" target=\"_blank\">slo de ut Carina Dahl (40) og Ole Thomas Hansen (26)<\/a>.<\/p>\n<p>Til tross for at de havnet nederst p\u00e5 dommernes resultatliste ogs\u00e5 denne l\u00f8rdagen, var det med h\u00f8yere poengsum enn de har hatt tidligere.<\/p>\n<p>        <img loading=\"lazy\" decoding=\"async\" src=\"https:\/\/www.europesays.com\/no\/wp-content\/uploads\/2025\/12\/1765749197_271_83983404.webp\" width=\"686\" height=\"460\" title=\"FAVORITT: Carina Dahl og Ole Thomas Hansen var ogs\u00e5 en duo mange hadde sett for seg at skulle ta seg til finalen. I kvartfinalen ble de sl\u00e5tt ut. Foto: Jesper Malthus-Andersen \/ TV 2\" alt=\"\" class=\"\" style=\"--aspect-ratio-image: 1.49; \"\/><\/p>\n<p>\n        FAVORITT: Carina Dahl og Ole Thomas Hansen var ogs\u00e5 en duo mange hadde sett for seg at skulle ta seg til finalen. I kvartfinalen ble de sl\u00e5tt ut. Foto: Jesper Malthus-Andersen \/ TV 2\n    <\/p>\n<p>&#8211; Jeg synes at vi har lagd show, og s\u00e5 er det litt digg \u00e5 se at de der hjemme setter pris p\u00e5 det.<\/p>\n<p>&#8211; Det er kanskje en av de fordelene du har n\u00e5r du driver med en idrett som heter skiskyting, at det er samme folkene som ser p\u00e5 kveldsprogrammer som dette, og at det er de som stemmer. Jeg vet ikke. Men jeg er jo heldig s\u00e5nn sett.<\/p>\n<p>        \u00abSKAL VI DANSE\u00bb: Danby Choi har tatt i bruk et ekstra hjelpemiddel i dansen. Video: \u00abSkal vi danse\u00bb\/TV 2, R\u00f8d L\u00f8per\/Thea Hope\/Nora Skavhaug<\/p>\n<p>Slik regnes poengene\t<\/p>\n<p>Dagbladet har v\u00e6rt i kontakt med TV 2 om poenggivningen i dansekonkurransen, og de forklarer det slik:<\/p>\n<p>Fram til duellen teller dommerpoeng og seerstemmer 50\/50. M\u00e5ten det gj\u00f8res p\u00e5 er at den deltakeren med flest dommerpoeng i semifinalen fikk fire poeng. Den med nest mest fikk tre poeng, og videre med to og ett poeng. Likt er det med seerstemmer.\u00a0<\/p>\n<p>        <img loading=\"lazy\" decoding=\"async\" src=\"https:\/\/www.europesays.com\/no\/wp-content\/uploads\/2025\/12\/1765749198_666_83983405.webp\" width=\"686\" height=\"460\" title=\"LITT MAKT: Dommerpanelet, best\u00e5ende av Nadya Khamitskaya, Jan Thomas, Merete M\u00f8rk Lingj\u00e6rde og Cengiz Al m\u00e5 dele makta med seerne. Foto: Thomas Andersen \/ TV 2\" alt=\"\" class=\"\" style=\"--aspect-ratio-image: 1.49; \"\/><\/p>\n<p>\n        LITT MAKT: Dommerpanelet, best\u00e5ende av Nadya Khamitskaya, Jan Thomas, Merete M\u00f8rk Lingj\u00e6rde og Cengiz Al m\u00e5 dele makta med seerne. Foto: Thomas Andersen \/ TV 2\n    <\/p>\n<p>Det vil si at Choi, sammen med Torjussen, fikk fire poeng fra dommerne. Dersom han var den deltakeren med f\u00e6rrest seerstemmer, hadde han til sammen f\u00e5tt fem poeng. Eckhoff, som fikk f\u00e6rrest dommerpoeng, kunne med flest seerstemmer ogs\u00e5 endt opp med fem poeng.<\/p>\n<p>        TATT P\u00c5 FERSKEN: Hva befinner seg under Skal vi danse-dommernes bord? Jan Thomas har svaret. Reporter: Nora Skavhaug \/ Foto: Danny Son To \/ R\u00f8d L\u00f8per <\/p>\n<p>Dersom to deltakere ender opp med like mange poeng, er det seerstemmene som blir avgj\u00f8rende.<\/p>\n<p>I duellen nullstilles imidlertid poengene fra tidligere, og det er seerne som alene avgj\u00f8r hvem som g\u00e5r videre, og hvem som ryker ut.<\/p>\n<p class=\"italic m-italic\" data-lab-italic=\"italic\">Dagbladet har fors\u00f8kt Danby Choi for en kommentar, men har forel\u00f8pig ikke lykkes.<\/p>\n<p><script async src=\"\/\/www.instagram.com\/embed.js\"><\/script><\/p>\n","protected":false},"excerpt":{"rendered":"L\u00f8rdag 13. desember var det semifinale i\u00a0\u00abSkal vi danse\u00bb, og det skulle avgj\u00f8res hvilke tre deltakere som f\u00e5r&hellip;\n","protected":false},"author":2,"featured_media":113329,"comment_status":"","ping_status":"","sticky":false,"template":"","format":"standard","meta":{"footnotes":""},"categories":[5],"tags":[20,21,2288,2077,24,25,15,19,479,22,23,17,18,13,30,28,13725,29,14,13823,7926,16,8977,2280,2287,26,27,5981],"class_list":{"0":"post-113328","1":"post","2":"type-post","3":"status-publish","4":"format-standard","5":"has-post-thumbnail","7":"category-overskrifter","8":"tag-breaking-news","9":"tag-breakingnews","10":"tag-carina-dahl","11":"tag-danby-choi","12":"tag-featured-news","13":"tag-featurednews","14":"tag-headlines","15":"tag-hovedoppslag","16":"tag-kjendis","17":"tag-latest-news","18":"tag-latestnews","19":"tag-main-news","20":"tag-mainnews","21":"tag-news","22":"tag-no","23":"tag-norge","24":"tag-norunn-ringvoll","25":"tag-norway","26":"tag-nyheter","27":"tag-oddvar-stenstrom","28":"tag-ole-thomas-hansen","29":"tag-overskrifter","30":"tag-santino-mirenna","31":"tag-skal-vi-danse","32":"tag-tiril-eckhoff","33":"tag-top-stories","34":"tag-topstories","35":"tag-unni-lindell"},"share_on_mastodon":{"url":"https:\/\/pubeurope.com\/@no\/115720146691564856","error":""},"_links":{"self":[{"href":"https:\/\/www.europesays.com\/no\/wp-json\/wp\/v2\/posts\/113328","targetHints":{"allow":["GET"]}}],"collection":[{"href":"https:\/\/www.europesays.com\/no\/wp-json\/wp\/v2\/posts"}],"about":[{"href":"https:\/\/www.europesays.com\/no\/wp-json\/wp\/v2\/types\/post"}],"author":[{"embeddable":true,"href":"https:\/\/www.europesays.com\/no\/wp-json\/wp\/v2\/users\/2"}],"replies":[{"embeddable":true,"href":"https:\/\/www.europesays.com\/no\/wp-json\/wp\/v2\/comments?post=113328"}],"version-history":[{"count":0,"href":"https:\/\/www.europesays.com\/no\/wp-json\/wp\/v2\/posts\/113328\/revisions"}],"wp:featuredmedia":[{"embeddable":true,"href":"https:\/\/www.europesays.com\/no\/wp-json\/wp\/v2\/media\/113329"}],"wp:attachment":[{"href":"https:\/\/www.europesays.com\/no\/wp-json\/wp\/v2\/media?parent=113328"}],"wp:term":[{"taxonomy":"category","embeddable":true,"href":"https:\/\/www.europesays.com\/no\/wp-json\/wp\/v2\/categories?post=113328"},{"taxonomy":"post_tag","embeddable":true,"href":"https:\/\/www.europesays.com\/no\/wp-json\/wp\/v2\/tags?post=113328"}],"curies":[{"name":"wp","href":"https:\/\/api.w.org\/{rel}","templated":true}]}}