{"id":113338,"date":"2025-12-14T22:14:07","date_gmt":"2025-12-14T22:14:07","guid":{"rendered":"https:\/\/www.europesays.com\/no\/113338\/"},"modified":"2025-12-14T22:14:07","modified_gmt":"2025-12-14T22:14:07","slug":"trafikk-riksvei-4-atv-er-sladdet-pa-rv-4","status":"publish","type":"post","link":"https:\/\/www.europesays.com\/no\/113338\/","title":{"rendered":"Trafikk, Riksvei 4 | ATV-er sladdet p\u00e5 rv. 4"},"content":{"rendered":"\n<p>S\u00f8ndag kveld mottok politiet melding om flere ATV-er som kj\u00f8rte uforsvarlig p\u00e5 riksvei 4 fra Biri og retning Gj\u00f8vik. If\u00f8lge operasjonsleder P\u00e5l Gjestvang skal den uforsvarlige kj\u00f8ringen blant annet ha best\u00e5tt av sladding i veibanen. <\/p>\n<p>Kj\u00f8ringen skal ha f\u00f8rt til at det oppsto farlige situasjoner. <\/p>\n<p>Ved CC Gj\u00f8vik ble tre ATV-er stanset. Gjestvang opplyser at alle kj\u00f8ret\u00f8yene ble avskiltet, da det er mistenkt at de g\u00e5r fortere enn lovlig. I tillegg blir f\u00f8rerne anmeldt for forholdet. Saken etterforskes videre. <\/p>\n","protected":false},"excerpt":{"rendered":"S\u00f8ndag kveld mottok politiet melding om flere ATV-er som kj\u00f8rte uforsvarlig p\u00e5 riksvei 4 fra Biri og retning&hellip;\n","protected":false},"author":2,"featured_media":4217,"comment_status":"","ping_status":"","sticky":false,"template":"","format":"standard","meta":{"footnotes":""},"categories":[10],"tags":[36,20,21,24,25,1088,15,22,23,13,30,28,29,14,16,13827,1510,26,27,224],"class_list":{"0":"post-113338","1":"post","2":"type-post","3":"status-publish","4":"format-standard","5":"has-post-thumbnail","7":"category-norge","8":"tag-art","9":"tag-breaking-news","10":"tag-breakingnews","11":"tag-featured-news","12":"tag-featurednews","13":"tag-gjovik","14":"tag-headlines","15":"tag-latest-news","16":"tag-latestnews","17":"tag-news","18":"tag-no","19":"tag-norge","20":"tag-norway","21":"tag-nyheter","22":"tag-overskrifter","23":"tag-riksvei-4","24":"tag-story","25":"tag-top-stories","26":"tag-topstories","27":"tag-trafikk"},"share_on_mastodon":{"url":"https:\/\/pubeurope.com\/@no\/115720228913688146","error":""},"_links":{"self":[{"href":"https:\/\/www.europesays.com\/no\/wp-json\/wp\/v2\/posts\/113338","targetHints":{"allow":["GET"]}}],"collection":[{"href":"https:\/\/www.europesays.com\/no\/wp-json\/wp\/v2\/posts"}],"about":[{"href":"https:\/\/www.europesays.com\/no\/wp-json\/wp\/v2\/types\/post"}],"author":[{"embeddable":true,"href":"https:\/\/www.europesays.com\/no\/wp-json\/wp\/v2\/users\/2"}],"replies":[{"embeddable":true,"href":"https:\/\/www.europesays.com\/no\/wp-json\/wp\/v2\/comments?post=113338"}],"version-history":[{"count":0,"href":"https:\/\/www.europesays.com\/no\/wp-json\/wp\/v2\/posts\/113338\/revisions"}],"wp:featuredmedia":[{"embeddable":true,"href":"https:\/\/www.europesays.com\/no\/wp-json\/wp\/v2\/media\/4217"}],"wp:attachment":[{"href":"https:\/\/www.europesays.com\/no\/wp-json\/wp\/v2\/media?parent=113338"}],"wp:term":[{"taxonomy":"category","embeddable":true,"href":"https:\/\/www.europesays.com\/no\/wp-json\/wp\/v2\/categories?post=113338"},{"taxonomy":"post_tag","embeddable":true,"href":"https:\/\/www.europesays.com\/no\/wp-json\/wp\/v2\/tags?post=113338"}],"curies":[{"name":"wp","href":"https:\/\/api.w.org\/{rel}","templated":true}]}}