{"id":113341,"date":"2025-12-14T22:22:11","date_gmt":"2025-12-14T22:22:11","guid":{"rendered":"https:\/\/www.europesays.com\/no\/113341\/"},"modified":"2025-12-14T22:22:11","modified_gmt":"2025-12-14T22:22:11","slug":"brannvesen-rana-driver-etterslukking-i-omsorgsboligene-etter-melding-om-roykutvikling-det-er-helt-udramatisk","status":"publish","type":"post","link":"https:\/\/www.europesays.com\/no\/113341\/","title":{"rendered":"Brannvesen, Rana | Driver etterslukking i omsorgsboligene etter melding om r\u00f8ykutvikling: \u2013 Det er helt udramatisk"},"content":{"rendered":"\n<p>Mannskap fra Rana brannvesen rykket s\u00f8ndag kveld ut til i omsorgsboligene p\u00e5 Gruben etter tips om r\u00f8ykutvikling p\u00e5 branntomta.<\/p>\n<p>\u2013 Ja, vi fikk melding om r\u00f8ykutvikling og har v\u00e6rt og sjekket, opplyser innsatsleder Bj\u00f8rn R\u00e5de til Rana Blad ved 21:40-tiden s\u00f8ndag kveld.<\/p>\n<p>Han estimerer at personell dro til omr\u00e5det i 19:00 \u2013 19:30-tiden og han understreker at det er kontroll p\u00e5 situasjonen.<\/p>\n<p>\u2013 Det er helt udramatisk og vi har vakthold der gjennom natten. Det blir b\u00e5de brannbil og folk der, sier R\u00e5de.<\/p>\n<p>Brannen i omsorgsboligene p\u00e5 Gruben fredag kveld fikk et meget tragisk utfall. Et ungt liv gikk tapt. Rana kommune satte krisestab fredag kveld for \u00e5 h\u00e5ndtere hendelsen og konsekvensene av den.<\/p>\n<p>Omsorgsboligen er et bygg best\u00e5ende av to deler. I den ene delen bodde det fem ungdommer, i den andre delen 20 eldre og yngre beboere. I tillegg til dette var det fem ansatte som var p\u00e5 jobb da det begynte \u00e5 brenne fredag kveld.<\/p>\n<p><b>Les ogs\u00e5: <\/b><\/p>\n<p>  <a href=\"https:\/\/www.ranablad.no\/5-42-1533390\" class=\"related-teaser default-story-teaser article--c-eRUmMG article--c-eRUmMG-jKCPdD-design-default article--c-eRUmMG-kpKLOW-cv\" rel=\"nofollow noopener\" target=\"_blank\"><\/p>\n<p>\n            Les ogs\u00e5<\/p>\n<p>              Vil takke alle som har stilt opp for de som ble rammet av brannen: \u2013 Viser hvordan vi som lokalsamfunn st\u00e5r sammen n\u00e5r en slik tragisk hendelse skjer\n        <\/p>\n<p>  <\/a><\/p>\n<p>  <a href=\"https:\/\/www.ranablad.no\/5-42-1533370\" class=\"related-teaser default-story-teaser article--c-eRUmMG article--c-eRUmMG-jKCPdD-design-default article--c-eRUmMG-kpKLOW-cv\" rel=\"nofollow noopener\" target=\"_blank\"><\/p>\n<p>\n            Les ogs\u00e5<\/p>\n<p>              \u00c5pner skolen for samlingsstund etter den tragiske brannen: \u2013 Det blir anledning til \u00e5 tenne lys og snakke sammen\n        <\/p>\n<p>  <\/a><\/p>\n<p>  <a href=\"https:\/\/www.ranablad.no\/5-42-1532808\" class=\"related-teaser has-image default-story-teaser article--c-eRUmMG article--c-eRUmMG-jKCPdD-design-default\" rel=\"nofollow noopener\" target=\"_blank\"><\/p>\n<p>    <img decoding=\"async\" loading=\"lazy\"  src=\"https:\/\/www.europesays.com\/no\/wp-content\/uploads\/2025\/12\/1765719789_814_DSC_6606.jpg\" alt=\"\" class=\"brick-c-cFOWSL\" style=\"\"\/><\/p>\n<p>\n            Les ogs\u00e5<\/p>\n<p>              Rana kommune gj\u00f8r klar korttidsavdeling for ber\u00f8rte beboere &#8211; skal gjennomf\u00f8re informasjonsm\u00f8te i ettermiddag. \u2013 Hendelsen er dypt tragisk\n        <\/p>\n<p>  <\/a><\/p>\n","protected":false},"excerpt":{"rendered":"Mannskap fra Rana brannvesen rykket s\u00f8ndag kveld ut til i omsorgsboligene p\u00e5 Gruben etter tips om r\u00f8ykutvikling p\u00e5&hellip;\n","protected":false},"author":2,"featured_media":5826,"comment_status":"","ping_status":"","sticky":false,"template":"","format":"standard","meta":{"footnotes":""},"categories":[10],"tags":[36,1672,20,21,24,25,11557,15,22,23,13,30,28,29,14,6710,16,1360,1510,26,27],"class_list":{"0":"post-113341","1":"post","2":"type-post","3":"status-publish","4":"format-standard","5":"has-post-thumbnail","7":"category-norge","8":"tag-art","9":"tag-brannvesen","10":"tag-breaking-news","11":"tag-breakingnews","12":"tag-featured-news","13":"tag-featurednews","14":"tag-gruben","15":"tag-headlines","16":"tag-latest-news","17":"tag-latestnews","18":"tag-news","19":"tag-no","20":"tag-norge","21":"tag-norway","22":"tag-nyheter","23":"tag-omsorgsboliger","24":"tag-overskrifter","25":"tag-rana","26":"tag-story","27":"tag-top-stories","28":"tag-topstories"},"share_on_mastodon":{"url":"https:\/\/pubeurope.com\/@no\/115720260679424854","error":""},"_links":{"self":[{"href":"https:\/\/www.europesays.com\/no\/wp-json\/wp\/v2\/posts\/113341","targetHints":{"allow":["GET"]}}],"collection":[{"href":"https:\/\/www.europesays.com\/no\/wp-json\/wp\/v2\/posts"}],"about":[{"href":"https:\/\/www.europesays.com\/no\/wp-json\/wp\/v2\/types\/post"}],"author":[{"embeddable":true,"href":"https:\/\/www.europesays.com\/no\/wp-json\/wp\/v2\/users\/2"}],"replies":[{"embeddable":true,"href":"https:\/\/www.europesays.com\/no\/wp-json\/wp\/v2\/comments?post=113341"}],"version-history":[{"count":0,"href":"https:\/\/www.europesays.com\/no\/wp-json\/wp\/v2\/posts\/113341\/revisions"}],"wp:featuredmedia":[{"embeddable":true,"href":"https:\/\/www.europesays.com\/no\/wp-json\/wp\/v2\/media\/5826"}],"wp:attachment":[{"href":"https:\/\/www.europesays.com\/no\/wp-json\/wp\/v2\/media?parent=113341"}],"wp:term":[{"taxonomy":"category","embeddable":true,"href":"https:\/\/www.europesays.com\/no\/wp-json\/wp\/v2\/categories?post=113341"},{"taxonomy":"post_tag","embeddable":true,"href":"https:\/\/www.europesays.com\/no\/wp-json\/wp\/v2\/tags?post=113341"}],"curies":[{"name":"wp","href":"https:\/\/api.w.org\/{rel}","templated":true}]}}