{"id":113349,"date":"2025-12-14T22:38:18","date_gmt":"2025-12-14T22:38:18","guid":{"rendered":"https:\/\/www.europesays.com\/no\/113349\/"},"modified":"2025-12-14T22:38:18","modified_gmt":"2025-12-14T22:38:18","slug":"stig-andre-berge-og-rosell-utne-berge-om-hotellet","status":"publish","type":"post","link":"https:\/\/www.europesays.com\/no\/113349\/","title":{"rendered":"Stig Andr\u00e9 Berge og Rosell Utne Berge om Hotellet"},"content":{"rendered":"<p class=\"kicker \" style=\"\">Hotellet<\/p>\n<p>  Rosell forteller hvorfor hun er stolt av ektemannen.<\/p>\n<p>\n    HOTELLET: Det n\u00e6rmer seg finale i Hotellet, og Stig og Rosell er veldig lystne p\u00e5 \u00e5 komme til finalen. Foto: TV 2\n  <\/p>\n<p>Neste uke er det finale i \u00abHotellet\u00bb, og kampen om \u00e5 f\u00e5 bli<br \/>\ntilspisser seg. Det er fire par igjen, og ett par m\u00e5 forlate konkurransen i<br \/>\ndagens episode.<\/p>\n<p class=\"font-weight-bold m-font-weight-bold italic m-italic\" data-lab-font_weight=\"font-weight-bold\" data-lab-italic=\"italic\">OBS: Spoiler for dagens episode.<\/p>\n<p>Dagens konkurranse g\u00e5r ut p\u00e5 at parene, som n\u00e5 best\u00e5r av<br \/>\nNiklas og Benjamin, Emilie og Michael, Ingeborg og Annette og Stig Andr\u00e9 og<br \/>\nRosell, skal svare p\u00e5 sp\u00f8rsm\u00e5l om deltakerne som er igjen. Om parene svarer det<br \/>\nsamme, f\u00e5r de poeng.<\/p>\n<p>Paret som vinner konkurransen er Stig Andr\u00e9 Berge og Rosell<br \/>\nUtne Berge.<\/p>\n<p>&#8211; Det var veldig deilig \u00e5 vinne den konkurransen. Jeg synes<br \/>\njo det burde v\u00e6re s\u00e5nn at kj\u00e6resteparene kjenner hverandre godt, sier Rosell<br \/>\ntil KK.<\/p>\n<p>Paret har v\u00e6rt sammen i 14 \u00e5r. De giftet seg i 2017, og<br \/>\nhar to barn sammen.<\/p>\n<p>    <a itemprop=\"url\" href=\"https:\/\/www.kk.no\/samliv\/psykolog-advarer-jeg-har-ofte-sett-utroskap-starte-pa-denne-maten\/74169553\" rel=\"nofollow noopener\" target=\"_blank\"><\/p>\n<p>        <img loading=\"lazy\" decoding=\"async\" src=\"https:\/\/www.europesays.com\/no\/wp-content\/uploads\/2025\/12\/1765751892_21_80678071.webp\" width=\"980\" height=\"441\" title=\"Psykolog advarer: - Jeg har ofte sett utroskap starte p\u00e5 denne m\u00e5ten\" alt=\"\" class=\"lazyload\" style=\"--aspect-ratio-image: 2.22; \"\/><\/p>\n<p>        Psykolog advarer: &#8211; Jeg har ofte sett utroskap starte p\u00e5 denne m\u00e5ten<\/p>\n<p>    <\/a><\/p>\n<p>Blir forbanna\t<\/p>\n<p>Under konkurransen f\u00f8r kveldens seremoni er det Niklas og<br \/>\nBenjamin som f\u00e5r makten til \u00e5 bestemme hvilket par som f\u00e5r d\u00e5rligst plassering inn<br \/>\nmot seremonien, og valget faller p\u00e5 Stig og Rosell. Da blir Stig fly forbanna.<\/p>\n<p>&#8211; Man er i en boble, og velger \u00e5 stole p\u00e5 folk. Vi trodde at<br \/>\nNiklas og Benjamin ville redde oss fremfor Ingeborg og Annette, s\u00e5 vi ble<br \/>\nganske overrasket, sier Rosell, f\u00f8r hun legger til:<\/p>\n<p class=\"font-weight-bold m-font-weight-bold\" data-lab-font_weight=\"font-weight-bold\">&#8211; Men jeg synes det er veldig sexy at Stig ser ifra.<\/p>\n<p>Stig er vanligvis en veldig konfliktsky type, if\u00f8lge Rosell.<\/p>\n<p>&#8211; Jeg syntes det var veldig artig at han sa ifra og begynte<br \/>\n\u00e5 krangle. Jeg tenker at man m\u00e5 st\u00e5 opp for seg selv, og si det man mener. Jeg<br \/>\ner jo s\u00e5nn hele tiden \u2013 enten det er p\u00e5 tv, privat eller p\u00e5 jobb, ler hun.<\/p>\n<p>        <img loading=\"lazy\" decoding=\"async\" src=\"https:\/\/www.europesays.com\/no\/wp-content\/uploads\/2025\/12\/83978125.webp\" width=\"686\" height=\"440\" title=\"Foto: Vegard Breie\" alt=\"\" class=\"\" style=\"--aspect-ratio-image: 1.56; \"\/><\/p>\n<p>\n        Foto: Vegard Breie\n    <\/p>\n<p>    <a itemprop=\"url\" href=\"https:\/\/www.kk.no\/underholdning\/livet-mitt-ble-bra-igjen-i-det-sekundet-jeg-sa-henne-1\/83966196\" rel=\"nofollow noopener\" target=\"_blank\"><\/p>\n<p>        <img loading=\"lazy\" decoding=\"async\" src=\"https:\/\/www.europesays.com\/no\/wp-content\/uploads\/2025\/12\/83660934.webp\" width=\"980\" height=\"441\" title=\"- Livet mitt ble bra igjen i det sekundet jeg s\u00e5 henne\" alt=\"\" class=\"lazyload\" style=\"--aspect-ratio-image: 2.22; \"\/><\/p>\n<p>        &#8211; Livet mitt ble bra igjen i det sekundet jeg s\u00e5 henne<\/p>\n<p>    <\/a><\/p>\n<p>F\u00f8lelsesladd<\/p>\n<p>Under seremonien valgte Ingeborg og Annette \u00e5 sende hjem<br \/>\nEmilie og Michael. Det ble en emosjonell avskjed, og det falt noen t\u00e5rer hos Stig.<\/p>\n<p class=\"font-weight-bold m-font-weight-bold\" data-lab-font_weight=\"font-weight-bold\">&#8211; Vi ble veldig glade i Emilie og Michael \u2013 det kommer ikke frem p\u00e5 tv hvor<br \/>\nn\u00e6rme vi var. Det sto mellom dem og oss, og vi er s\u00e5 klart glade for at vi fikk<br \/>\nbli, men det var dritkjipt at det ble dem. Stig er en f\u00f8lelsesperson, s\u00e5 da kom<br \/>\ndet noen f\u00f8lelser. Jeg synes det er kjempefint at man kan vise f\u00f8lelser, enten<br \/>\nman er sint eller lei seg. Det st\u00e5r respekt av at Stig t\u00f8r \u00e5 vise f\u00f8lelser,<br \/>\nsier Rosell.<\/p>\n<p>    <a itemprop=\"url\" href=\"https:\/\/www.kk.no\/underholdning\/disse-ordene-fra-kona-ble-vendepunktet-for-stig-andr\/80235279\" rel=\"nofollow noopener\" target=\"_blank\"><\/p>\n<p>        <img loading=\"lazy\" decoding=\"async\" src=\"https:\/\/www.europesays.com\/no\/wp-content\/uploads\/2025\/12\/80237405.webp\" width=\"980\" height=\"441\" title=\"Disse ordene fra kona ble vendepunktet for Stig-Andr\u00e9\" alt=\"\" class=\"lazyload\" style=\"--aspect-ratio-image: 2.22; \"\/><\/p>\n<p>        Disse ordene fra kona ble vendepunktet for Stig-Andr\u00e9<\/p>\n<p>    <\/a><\/p>\n<p>F\u00f8rste reality<\/p>\n<p>Stig har v\u00e6rt med p\u00e5 ulike reality-konspeter tidligere, men<br \/>\nfor Rosell var det en helt ny opplevelse. <\/p>\n<p>&#8211; Det artigste var konkurransene. Jeg er et<br \/>\nkonkurransemenneske og trives best med det. Og s\u00e5 var det spennende \u00e5 bygge nye<br \/>\nrelasjoner \u2013 vi kjente ikke noe s\u00e6rlig til folk fra f\u00f8r, men vi er begge<br \/>\nsosiale mennesker, s\u00e5 det gikk veldig fint.<\/p>\n<p>Rosell forteller at de hadde det veldig g\u00f8y sammen da<br \/>\nkameraene ikke var til stede.\u00a0<\/p>\n<p>&#8211; Vi hadde en veldig artig tone med Ingeborg og Annette \u2013 de<br \/>\ner helt fantastiske. De har akkurat samme humor som meg, s\u00e5 de gikk rett inn i<br \/>\nhjertet mitt. <\/p>\n<p>    <a itemprop=\"url\" href=\"https:\/\/www.kk.no\/underholdning\/dette-er-de-nye-spillet-deltakerne\/83959341\" rel=\"nofollow noopener\" target=\"_blank\"><\/p>\n<p>        <img loading=\"lazy\" decoding=\"async\" src=\"https:\/\/www.europesays.com\/no\/wp-content\/uploads\/2025\/12\/1765751898_99_83959438.webp\" width=\"980\" height=\"441\" title=\"Dette er de nye Spillet-deltakerne\" alt=\"\" class=\"lazyload\" style=\"--aspect-ratio-image: 2.22; \"\/><\/p>\n<p>        Dette er de nye Spillet-deltakerne<\/p>\n<p>    <\/a><\/p>\n<p>\u00a0Samkj\u00f8rte<\/p>\n<p class=\"italic m-italic\" data-lab-italic=\"italic\">&#8211; Hva var deres st\u00f8rste styrke som par?<\/p>\n<p>&#8211; At vi kjenner hverandre s\u00e5 ekstremt godt. Det var veldig<br \/>\nfint \u00e5 kunen debriefe, lufte tanker og f\u00f8lelser, og legge en plan for hvordan<br \/>\nvi skulle spille. Vi er veldg samkj\u00f8rte p\u00e5 det meste, s\u00e5 jeg synes det gikk<br \/>\noverraskende bra \u00e5 konkurrere med Stig. Det kan jo g\u00e5 en kule varmt, og det<br \/>\nskjedde noen ganger, men vi krangler og s\u00e5 g\u00e5r det fort over, sier Rosell.<\/p>\n<p>S\u00e5nn er det p\u00e5 hjemmebane ogs\u00e5.<\/p>\n<p>&#8211; Ja. Det er ikke ofte vi krangler, men vi har en regel om<br \/>\nat vi aldri skal legge oss sinte. Vi m\u00e5 si unnskyld og ordne opp f\u00f8r vi skal<br \/>\nlegge oss.<\/p>\n<p class=\"italic m-italic\" data-lab-italic=\"italic\">&#8211; Hva er ditt beste minne?<\/p>\n<p>&#8211; Da vi fikk kj\u00f8re Porsche! Da var jeg i mitt ess, og<br \/>\nstorkoste meg. Da \u00e9n i paret skulle kj\u00f8re, var det ingen tvil om at det ble<br \/>\nmeg. Jeg tror helt \u00e6rlig ikke at Stig hadde kj\u00f8rt noe fortere enn meg \u2013 akkurat<br \/>\nder er han litt puslete, ler hun.<\/p>\n","protected":false},"excerpt":{"rendered":"Hotellet Rosell forteller hvorfor hun er stolt av ektemannen. HOTELLET: Det n\u00e6rmer seg finale i Hotellet, og Stig&hellip;\n","protected":false},"author":2,"featured_media":113350,"comment_status":"","ping_status":"","sticky":false,"template":"","format":"standard","meta":{"footnotes":""},"categories":[5],"tags":[20,21,24,25,15,19,22,23,17,18,13,30,28,29,14,16,7124,7128,26,27,72],"class_list":{"0":"post-113349","1":"post","2":"type-post","3":"status-publish","4":"format-standard","5":"has-post-thumbnail","7":"category-overskrifter","8":"tag-breaking-news","9":"tag-breakingnews","10":"tag-featured-news","11":"tag-featurednews","12":"tag-headlines","13":"tag-hovedoppslag","14":"tag-latest-news","15":"tag-latestnews","16":"tag-main-news","17":"tag-mainnews","18":"tag-news","19":"tag-no","20":"tag-norge","21":"tag-norway","22":"tag-nyheter","23":"tag-overskrifter","24":"tag-rosell-utne","25":"tag-stig-andre-berge","26":"tag-top-stories","27":"tag-topstories","28":"tag-underholdning"},"share_on_mastodon":{"url":"https:\/\/pubeurope.com\/@no\/115720323534052474","error":""},"_links":{"self":[{"href":"https:\/\/www.europesays.com\/no\/wp-json\/wp\/v2\/posts\/113349","targetHints":{"allow":["GET"]}}],"collection":[{"href":"https:\/\/www.europesays.com\/no\/wp-json\/wp\/v2\/posts"}],"about":[{"href":"https:\/\/www.europesays.com\/no\/wp-json\/wp\/v2\/types\/post"}],"author":[{"embeddable":true,"href":"https:\/\/www.europesays.com\/no\/wp-json\/wp\/v2\/users\/2"}],"replies":[{"embeddable":true,"href":"https:\/\/www.europesays.com\/no\/wp-json\/wp\/v2\/comments?post=113349"}],"version-history":[{"count":0,"href":"https:\/\/www.europesays.com\/no\/wp-json\/wp\/v2\/posts\/113349\/revisions"}],"wp:featuredmedia":[{"embeddable":true,"href":"https:\/\/www.europesays.com\/no\/wp-json\/wp\/v2\/media\/113350"}],"wp:attachment":[{"href":"https:\/\/www.europesays.com\/no\/wp-json\/wp\/v2\/media?parent=113349"}],"wp:term":[{"taxonomy":"category","embeddable":true,"href":"https:\/\/www.europesays.com\/no\/wp-json\/wp\/v2\/categories?post=113349"},{"taxonomy":"post_tag","embeddable":true,"href":"https:\/\/www.europesays.com\/no\/wp-json\/wp\/v2\/tags?post=113349"}],"curies":[{"name":"wp","href":"https:\/\/api.w.org\/{rel}","templated":true}]}}