{"id":113354,"date":"2025-12-14T22:52:13","date_gmt":"2025-12-14T22:52:13","guid":{"rendered":"https:\/\/www.europesays.com\/no\/113354\/"},"modified":"2025-12-14T22:52:13","modified_gmt":"2025-12-14T22:52:13","slug":"mdg-topp-margit-23-etter-sydney-terroren-vi-er-preget","status":"publish","type":"post","link":"https:\/\/www.europesays.com\/no\/113354\/","title":{"rendered":"MDG-topp Margit (23) etter Sydney-terroren: \u2013 Vi er preget"},"content":{"rendered":"\n<p class=\"_lead_o9xde_2 _lead_xtcu6_50 layout-component text-serif-m layout-normal text-serif-l layout-component layout-wide layout-padded _wide_17hqh_1 layout-padded\">\u2013 Mange f\u00f8ler p\u00e5 en utrygghet n\u00e5, sier Margit Bye. MDG-lederen i Oslo har j\u00f8disk far og kommer med en klar oppfordring etter angrepet i Sydney.<\/p>\n<p><img alt=\" Foto: Espen Rasmussen \/ VG\" class=\"_image_qp4xg_65 layout-component layout-wide\" data-fullscreen- data-track-element-type=\"Article image fullscreen\" data-track-name=\"ImageFullscreen\" fetchpriority=\"high\" decoding=\"sync\" loading=\"eager\" height=\"6174\" itemprop=\"image\"  src=\"https:\/\/www.europesays.com\/no\/wp-content\/uploads\/2025\/12\/fd50cc21-11ff-4eff-bd2f-d83a34da032c\"  style=\"object-position:0% 0%\" width=\"6174\"\/> Foto: Espen Rasmussen \/ VG<\/p>\n<ul aria-hidden=\"true\" class=\"_images_ntbth_112\">\n<li><a class=\"_link_ntbth_117\" href=\"https:\/\/www.vg.no\/forfatter\/espen-rasmussen-2\" style=\"z-index:1\" title=\"Espen Rasmussen\" rel=\"nofollow noopener\" target=\"_blank\"><img alt=\"Bilde av Espen Rasmussen\" class=\"_image_ntbth_93\" fetchpriority=\"low\" loading=\"lazy\" decoding=\"async\" itemprop=\"image\"  src=\"https:\/\/www.europesays.com\/no\/wp-content\/uploads\/2025\/12\/1765752730_950_9e07ea87-bca1-4760-986f-5788e43af739\"  width=\"480\"\/><\/a><\/li>\n<\/ul>\n<p> Oppdatert s\u00f8ndag 14. desember kl. 22:52    <\/p>\n<ul class=\"_list_o9xde_3 _list_64s2r_85 _unordered_o9xde_106 text-sans-m\">\n<li class=\"_item_o9xde_30\">MDG-leder Margit Bye forteller om hvordan det j\u00f8diske samfunnet i Norge reagerer p\u00e5 terroren i Sydney.<\/li>\n<li class=\"_item_o9xde_30\">16 personer, inkludert en av skytterne, ble drept og 29 skadet i angrepet p\u00e5 Bondi Beach.<\/li>\n<li class=\"_item_o9xde_30\">Bye og andre j\u00f8der i Norge f\u00f8ler \u00f8kt utrygghet.<\/li>\n<li class=\"_item_o9xde_30\">Australias statsminister kaller angrepet en antisemittisk terrorhandling.<\/li>\n<\/ul>\n<p>Vis mer <\/p>\n<p class=\"_paragraph_o9xde_4 _paragraph_xtcu6_10 layout-component text-serif-m layout-normal text-serif-m layout-padded\">\u2013 Jeg tror mange j\u00f8der f\u00f8ler at dette like gjerne kunne ha skjedd i Norge eller et land like ved oss, sier Margit Bye (23) til VG. <\/p>\n<p class=\"_paragraph_o9xde_4 _paragraph_xtcu6_10 layout-component text-serif-m layout-normal text-serif-m layout-padded\">Minst<a href=\"https:\/\/www.vg.no\/nyheter\/i\/bOKr23\/meldt-om-skyting-ved-bondi-beach-i-sydney\" data-track-element-type=\"Link\" data-track-id=\"link:bOKr23\" class=\"_link_o9xde_39\" rel=\"nofollow noopener\" target=\"_blank\"> 16 personer, inkludert en skytter, er bekreftet d\u00f8de <\/a>og minst 29 har f\u00e5tt behandling p\u00e5 sykehus etter terrorangrepet mot j\u00f8der p\u00e5 Bondi Beach i Sydney s\u00f8ndag. <\/p>\n<p><img alt=\"Flere australske medier har navngitt helten som stoppet den ene terroristen i Sydney: Tobarnsfaren Ahmed al Ahmed (43).  Foto: Agenzia Fotogramma \/ ipa-agency.net \/ Pa Photos \/ NTB\" class=\"_image_qp4xg_65 layout-component layout-normal\" data-fullscreen- data-track-element-type=\"Article image fullscreen\" data-track-name=\"ImageFullscreen\" decoding=\"async\" loading=\"lazy\" height=\"2793\" itemprop=\"image\"  src=\"https:\/\/www.europesays.com\/no\/wp-content\/uploads\/2025\/12\/516fecc9-5d17-439a-8de5-664c88afe715\"  style=\"object-position:0% 0%\" width=\"3722\"\/>Flere australske medier har navngitt helten som stoppet den ene terroristen i Sydney: Tobarnsfaren Ahmed al Ahmed (43).  Foto: Agenzia Fotogramma \/ ipa-agency.net \/ Pa Photos \/ NTB<\/p>\n<p class=\"_paragraph_o9xde_4 _paragraph_xtcu6_10 layout-component text-serif-m layout-normal text-serif-m layout-padded\">Politiet etterforsker masseskytingen som et m\u00e5lrettet terrorangrep mot den j\u00f8diske befolkningen. Over tusen mennesker var p\u00e5 stranden for \u00e5 feire inngangen til den j\u00f8diske h\u00f8ytiden HanukkaHanukkaEn j\u00f8disk h\u00f8ytid som feirer gjeninnvielsen av det andre tempelet i Jerusalem og mirakelet med oljelampen som brant i \u00e5tte dager..<\/p>\n<p> F\u00f8ler seg stort sett trygg<\/p>\n<p class=\"_paragraph_o9xde_4 _paragraph_xtcu6_10 layout-component text-serif-m layout-normal text-serif-m layout-padded\">Hennes inntrykk er at mange j\u00f8der i Norge f\u00f8ler seg utrygge, selv om frykt er en individuell ting.<\/p>\n<p class=\"_paragraph_o9xde_4 _paragraph_xtcu6_10 layout-component text-serif-m layout-normal text-serif-m layout-padded\">\u2013 Jeg f\u00f8ler meg stort sett trygg i Norge. Men n\u00e5r slike voldsomme angrep skjer, blir det en p\u00e5minnelse for meg om at det finnes folk der ute blant oss med ekstreme holdninger mot j\u00f8der, sier hun. <\/p>\n<p class=\"_paragraph_o9xde_4 _paragraph_xtcu6_10 layout-component text-serif-m layout-normal text-serif-m layout-padded\"><a href=\"https:\/\/www.vg.no\/tag\/australia?utm_source=vg-article&amp;utm_medium=auto-tagger&amp;utm_campaign=rrLRe0\" class=\"_link_o9xde_39\" rel=\"nofollow noopener\" target=\"_blank\">Australias<\/a> statsminister Anthony Albanese uttalte etter angrepet at dette er en ond handling preget av antisemittisme og terror, som har rammet hjertet av nasjonen deres.<\/p>\n<p><img decoding=\"async\" alt=\"Bilde av Anthony Albanese\" class=\"_image_ygndg_42\" height=\"60\" itemprop=\"image\" loading=\"lazy\"  src=\"https:\/\/www.europesays.com\/no\/wp-content\/uploads\/2025\/12\/6c5d81f3-4c79-4718-8df1-8d18006d2fec\"  width=\"40\"\/><strong class=\"_name_ygndg_51 title-serif-xs\">Anthony Albanese<\/strong><\/p>\n<p class=\"_paragraph_o9xde_4 text-sans-m _description_ygndg_56\">Statsminister Australia<\/p>\n<p class=\"_paragraph_o9xde_4 _paragraph_xtcu6_10 layout-component text-serif-m layout-normal text-serif-m layout-padded\">\u2013 Dette her var et m\u00e5lrettet angrep mot j\u00f8diske australiere p\u00e5 Hanukkas f\u00f8rste dag, som burde v\u00e6re en gledens dag, en feiring av tro, sier statsminister Albanese.<\/p>\n<p> H\u00f8y beredskap<\/p>\n<p class=\"_paragraph_o9xde_4 _paragraph_xtcu6_10 layout-component text-serif-m layout-normal text-serif-m layout-padded\">Bye er preget etter den voldsomme nyheten om terroraksjonen i Syndey:<\/p>\n<p class=\"_paragraph_o9xde_4 _paragraph_xtcu6_10 layout-component text-serif-m layout-normal text-serif-m layout-padded\">\u2013 J\u00f8der i hele Norge er preget n\u00e5. Det er allerede d\u00f8gnkontinuerlig vakthold rundt synagogen her i Oslo, og n\u00e5r vi har st\u00f8rre arrangementer handler mye om sikkerhet. <\/p>\n<p class=\"_paragraph_o9xde_4 _paragraph_xtcu6_10 layout-component text-serif-m layout-normal text-serif-m layout-padded\"><strong class=\"_strong_o9xde_25\">\u2013 N\u00e5r mange j\u00f8der skjuler davidsstjernendavidsstjernenDavidsstjernen er et symbol som ofte assosieres med j\u00f8dedommen og best\u00e5r av en sekskantet stjerne. n\u00e5r de skal ta bussen eller g\u00e5 p\u00e5 butikken, er det et uttrykk for at mange j\u00f8der dessverre f\u00f8ler p\u00e5 frykt, sier hun.<\/strong><\/p>\n<p class=\"_paragraph_o9xde_4 _paragraph_xtcu6_10 layout-component text-serif-m layout-normal text-serif-m layout-padded\">Bye, som har j\u00f8disk bakgrunn med en far som er j\u00f8disk, har g\u00e5tt ut i sosiale medier en rekke ganger mot antisemittismeantisemittismeAntisemittisme er fordommer, hat eller diskriminering mot j\u00f8der som en etnisk eller religi\u00f8s gruppe.. Hun har ogs\u00e5 vist solidaritet med palestinere p\u00e5 Gazastripen.<\/p>\n<p class=\"_paragraph_o9xde_4 _paragraph_xtcu6_10 layout-component text-serif-m layout-normal text-serif-m layout-padded\">S\u00f8ndag la politikeren ut et innlegg p\u00e5 Facebook, der hun skriver om viktigheten av \u00e5 alltid irettesette antij\u00f8diske holdninger og stereotypier.<\/p>\n<p class=\"_paragraph_o9xde_4 _paragraph_xtcu6_10 layout-component text-serif-m layout-normal text-serif-m layout-padded\"><strong class=\"_strong_o9xde_25\">\u00abOgs\u00e5 i en verden der det er stadig vanskeligere \u00e5 ytre seg om antisemittisme uten \u00e5 bli tatt til inntekt for holdninger du ikke har, og der antisemittisme har blitt voldsomt politisert\u00bb, skriver hun.<\/strong><\/p>\n<p class=\"_paragraph_o9xde_4 _paragraph_xtcu6_10 layout-component text-serif-m layout-normal text-serif-m layout-padded\">\u2013 Jeg merker at folk vegrer seg for \u00e5 snakke om antisemittisme, fordi det er som \u00e5 hoppe inn i verdens st\u00f8rste vepsebol, utdyper hun til VG. <\/p>\n<p class=\"_paragraph_o9xde_4 _paragraph_xtcu6_10 layout-component text-serif-m layout-normal text-serif-m layout-padded\">\u2013 Uansett hvor mange forbehold man tar, g\u00e5r det ikke an \u00e5 ytre seg uten at folk tolker deg i verste mening, sier hun. <\/p>\n<p><img alt=\"Foto: Espen Rasmussen \/ VG\" class=\"_image_qp4xg_65 layout-component layout-normal\" data-fullscreen- data-track-element-type=\"Article image fullscreen\" data-track-name=\"ImageFullscreen\" decoding=\"async\" loading=\"lazy\" height=\"5001\" itemprop=\"image\"  src=\"https:\/\/www.europesays.com\/no\/wp-content\/uploads\/2025\/12\/5e2443f6-591b-4e91-909e-b258e7868096\"  style=\"object-position:0% 0%\" width=\"4999\"\/>Foto: Espen Rasmussen \/ VG Betent konflikt<\/p>\n<p class=\"_paragraph_o9xde_4 _paragraph_xtcu6_10 layout-component text-serif-m layout-normal text-serif-m layout-padded\">Hun kjenner selv at hun har en h\u00f8y terskel for \u00e5 ytre seg om temaet, spesielt p\u00e5 sosiale medier:<\/p>\n<p class=\"_paragraph_o9xde_4 _paragraph_xtcu6_10 layout-component text-serif-m layout-normal text-serif-m layout-padded\"><strong class=\"_strong_o9xde_25\">\u2013 Enkelte ganger skulle jeg \u00f8nske jeg hadde holdt min bakgrunn mer skjult. S\u00e5 er det andre ganger jeg er glad for at jeg er \u00e5pen om det \u2013 fordi det er viktig, sier hun.<\/strong><\/p>\n<p class=\"_paragraph_o9xde_4 _paragraph_xtcu6_10 layout-component text-serif-m layout-normal text-serif-m layout-padded\">Hun mener at holdninger blant folk skaper handlinger. Og at Israels krigf\u00f8ring i Gaza f\u00f8rer til en \u00f8kning i antisemittiske holdninger. <\/p>\n<p class=\"_paragraph_o9xde_4 _paragraph_xtcu6_10 layout-component text-serif-m layout-normal text-serif-m layout-padded\">\u2013 Den konflikten er s\u00e5 betent at f\u00e6rre t\u00f8r snakke ut om antisemittisme. Det gj\u00f8r det vanskeligere \u00e5 bekjempe de holdningene som ligger bak antisemittiske angrep.<\/p>\n<p><img alt=\"Folk samles til minne om ofrene etter terroraksjonen i Sydney utenfor den australske h\u00f8ykommisjonen (ambassade) i sentrale London.   Foto: James Manning \/ Pa Photos \/ NTB\" class=\"_image_qp4xg_65 layout-component layout-normal\" data-fullscreen- data-track-element-type=\"Article image fullscreen\" data-track-name=\"ImageFullscreen\" decoding=\"async\" loading=\"lazy\" height=\"3272\" itemprop=\"image\"  src=\"https:\/\/www.europesays.com\/no\/wp-content\/uploads\/2025\/12\/be7e017c-8451-4e3e-9529-0390ec2570f6\"  style=\"object-position:0% 0%\" width=\"4363\"\/>Folk samles til minne om ofrene etter terroraksjonen i Sydney utenfor den australske h\u00f8ykommisjonen (ambassade) i sentrale London.   Foto: James Manning \/ Pa Photos \/ NTB<\/p>\n<p class=\"_paragraph_o9xde_4 _paragraph_xtcu6_10 layout-component text-serif-m layout-normal text-serif-m layout-padded\">Bye skal selv markere Hanukka, som starter s\u00f8ndag. <\/p>\n<p class=\"_paragraph_o9xde_4 _paragraph_xtcu6_10 layout-component text-serif-m layout-normal text-serif-m layout-padded\">\u2013 Den handler om \u00e5 tenne nytt lys for hver dag. S\u00e5 jeg tenker vi tenner lys n\u00e5 i det som er en m\u00f8rk tid for mange j\u00f8der, sier hun f\u00f8r hun kommer med et tankekors:<\/p>\n<p class=\"_paragraph_o9xde_4 _paragraph_xtcu6_10 layout-component text-serif-m layout-normal text-serif-m layout-padded\">\u2013 Frykt kan gj\u00f8re s\u00e5 mye med folk. Jeg er ogs\u00e5 bekymret for at den frykten mange j\u00f8der har skal f\u00f8re til mer polarisering og fordommer. Det er viktig at de som sitter med denne frykten ikke stenger totalt ned og tenker at alle er ute etter oss.<\/p>\n<p class=\"_paragraph_o9xde_4 _paragraph_xtcu6_10 layout-component text-serif-m layout-normal text-serif-m layout-padded\">\u2013 Og s\u00e5 er det avgj\u00f8rende at vi som samfunn n\u00e5 tar vare p\u00e5 hverandre og st\u00e5r opp mot alle former for rasisme og antisemittisme, avslutter hun. <\/p>\n","protected":false},"excerpt":{"rendered":"\u2013 Mange f\u00f8ler p\u00e5 en utrygghet n\u00e5, sier Margit Bye. MDG-lederen i Oslo har j\u00f8disk far og kommer&hellip;\n","protected":false},"author":2,"featured_media":113355,"comment_status":"","ping_status":"","sticky":false,"template":"","format":"standard","meta":{"footnotes":""},"categories":[5],"tags":[47,20,21,24,25,15,19,6753,394,22,23,17,18,13,30,28,29,14,636,16,3686,26,27],"class_list":{"0":"post-113354","1":"post","2":"type-post","3":"status-publish","4":"format-standard","5":"has-post-thumbnail","7":"category-overskrifter","8":"tag-australia","9":"tag-breaking-news","10":"tag-breakingnews","11":"tag-featured-news","12":"tag-featurednews","13":"tag-headlines","14":"tag-hovedoppslag","15":"tag-jodedom","16":"tag-konflikt","17":"tag-latest-news","18":"tag-latestnews","19":"tag-main-news","20":"tag-mainnews","21":"tag-news","22":"tag-no","23":"tag-norge","24":"tag-norway","25":"tag-nyheter","26":"tag-oslo","27":"tag-overskrifter","28":"tag-terror","29":"tag-top-stories","30":"tag-topstories"},"share_on_mastodon":{"url":"https:\/\/pubeurope.com\/@no\/115720378814256435","error":""},"_links":{"self":[{"href":"https:\/\/www.europesays.com\/no\/wp-json\/wp\/v2\/posts\/113354","targetHints":{"allow":["GET"]}}],"collection":[{"href":"https:\/\/www.europesays.com\/no\/wp-json\/wp\/v2\/posts"}],"about":[{"href":"https:\/\/www.europesays.com\/no\/wp-json\/wp\/v2\/types\/post"}],"author":[{"embeddable":true,"href":"https:\/\/www.europesays.com\/no\/wp-json\/wp\/v2\/users\/2"}],"replies":[{"embeddable":true,"href":"https:\/\/www.europesays.com\/no\/wp-json\/wp\/v2\/comments?post=113354"}],"version-history":[{"count":0,"href":"https:\/\/www.europesays.com\/no\/wp-json\/wp\/v2\/posts\/113354\/revisions"}],"wp:featuredmedia":[{"embeddable":true,"href":"https:\/\/www.europesays.com\/no\/wp-json\/wp\/v2\/media\/113355"}],"wp:attachment":[{"href":"https:\/\/www.europesays.com\/no\/wp-json\/wp\/v2\/media?parent=113354"}],"wp:term":[{"taxonomy":"category","embeddable":true,"href":"https:\/\/www.europesays.com\/no\/wp-json\/wp\/v2\/categories?post=113354"},{"taxonomy":"post_tag","embeddable":true,"href":"https:\/\/www.europesays.com\/no\/wp-json\/wp\/v2\/tags?post=113354"}],"curies":[{"name":"wp","href":"https:\/\/api.w.org\/{rel}","templated":true}]}}