{"id":113360,"date":"2025-12-14T23:34:10","date_gmt":"2025-12-14T23:34:10","guid":{"rendered":"https:\/\/www.europesays.com\/no\/113360\/"},"modified":"2025-12-14T23:34:10","modified_gmt":"2025-12-14T23:34:10","slug":"kvinne-i-60-arene-funnet-dod-mann-pagrepet-vg","status":"publish","type":"post","link":"https:\/\/www.europesays.com\/no\/113360\/","title":{"rendered":"Kvinne i 60-\u00e5rene funnet d\u00f8d &#8211; mann p\u00e5grepet &#8211; VG"},"content":{"rendered":"<ol>\n<li><a href=\"https:\/\/news.google.com\/rss\/articles\/CBMigwFBVV95cUxPMGNMMk1Bd0ExRVBGeEpqWFlFaHFDMlBLTHBfVTU5elUyUXZxTC05QmJfRGIzbGkzZlBhZXFIaF9naHVjMVB6TTFYYTE4OE0xYTB0NlJyWGhkUlRKY0FqSk1wb1MzblRDTlgtcXhVTy12aHNNSV9nMG9lZHVhekR3cFp5aw?oc=5\" target=\"_blank\" rel=\"nofollow noopener\">Kvinne i 60-\u00e5rene funnet d\u00f8d &#8211; mann p\u00e5grepet<\/a>&nbsp;&nbsp;VG<\/li>\n<li><a href=\"https:\/\/news.google.com\/rss\/articles\/CBMiowFBVV95cUxPckdUcE9HbE9kVjBhdlhWYnJRZDlYcC1Wc0FmZXpqbE42WTFOcjBXZUFidl9DZ3FzT3BHcS1FakIwcmRvQWNzV2lyc3BueVE2UVh1OHdDM0FRZnJMT1ltM0pkM0xab0VMNktoNGRtSk0yMmc4RDZ3WFBGbGFWWDFDSUhQOG44eC1NbWE2RHA0eXFtTERacWFFZ05wUTYtQzFYajVv?oc=5\" target=\"_blank\" rel=\"nofollow noopener\">En person p\u00e5grepet etter funn av d\u00f8d person<\/a>&nbsp;&nbsp;adressa.no<\/li>\n<li><a href=\"https:\/\/news.google.com\/rss\/articles\/CBMiogFBVV95cUxOQXJrY1lDVEpDM3BLUEY5QjhfNnVSYmFsWTYwYnVLYWh6WDZ3aXVPYUI1TGozaTU0WDFuYUktc25ibGNBWHZGUE9uQy1haUI1ZUpaNnRhb0hYT0lJVjdSdGMtLVpNUlIxZjJMYnVwR0N0R0lwcUdSXzFGZnhlcjRKT1V1Y2l2LVV1UnRxRzYzeUJCdjhzdExtQTZQbXk1Zi1VMFE?oc=5\" target=\"_blank\" rel=\"nofollow noopener\">En person p\u00e5grepet etter funn av d\u00f8d person i Tr\u00f8ndelag<\/a>&nbsp;&nbsp;Aftenposten<\/li>\n<li><a href=\"https:\/\/news.google.com\/rss\/articles\/CBMiigFBVV95cUxQSWxwX1h5RXozdU5razJTREw3aWxtZnRtVUFVRno1OVBNbmg2YlJhMnI2UGVYRGJOV2xUdjJUaTB3S0E0RTZsVnNCbzdlQ0g4NC04YUlKTUVITk5fdUVhdUZaaHhCU1U0OHgzMjVhbzYycDdpWE9vZ3RtX0FTS3Q1bC1JSGFXeFR3enc?oc=5\" target=\"_blank\" rel=\"nofollow noopener\">Inder\u00f8y, Ulykker og hendelser | Kvinne i 60-\u00e5rene funnet d\u00f8d \u2013 mann i 50-\u00e5rene p\u00e5grepet<\/a>&nbsp;&nbsp;Tr\u00f8nder-Avisa<\/li>\n<li><a href=\"https:\/\/news.google.com\/rss\/articles\/CBMiiwFBVV95cUxPT2JIRVR1SXZkanBWcXJsaTVnRkx3dFpjRGkwNWMzZWVmcXRYbFRGY0JFX3lBZXg1LVR0T0x4VUtGWnlSOUdhWG1ZNWZsbUFTWUd5SnRzYU5LaEVsNHpvVzRQaWh2VU82Q2sxNzk1Uzh6M1ZvZ1hreVpTbWtCOWhhMjE0R1VKaGZ6UnpN?oc=5\" target=\"_blank\" rel=\"nofollow noopener\">Etter\u00adforsker d\u00f8dsfall \u2013 person p\u00e5grepet<\/a>&nbsp;&nbsp;steinkjer24.no<\/li>\n<\/ol>\n","protected":false},"excerpt":{"rendered":"Kvinne i 60-\u00e5rene funnet d\u00f8d &#8211; mann p\u00e5grepet&nbsp;&nbsp;VG En person p\u00e5grepet etter funn av d\u00f8d person&nbsp;&nbsp;adressa.no En person&hellip;\n","protected":false},"author":2,"featured_media":113361,"comment_status":"","ping_status":"","sticky":false,"template":"","format":"standard","meta":{"footnotes":""},"categories":[5],"tags":[31,20,21,24,25,15,19,22,23,17,18,13,30,28,29,14,16,26,27],"class_list":{"0":"post-113360","1":"post","2":"type-post","3":"status-publish","4":"format-standard","5":"has-post-thumbnail","7":"category-overskrifter","8":"tag-breaking","9":"tag-breaking-news","10":"tag-breakingnews","11":"tag-featured-news","12":"tag-featurednews","13":"tag-headlines","14":"tag-hovedoppslag","15":"tag-latest-news","16":"tag-latestnews","17":"tag-main-news","18":"tag-mainnews","19":"tag-news","20":"tag-no","21":"tag-norge","22":"tag-norway","23":"tag-nyheter","24":"tag-overskrifter","25":"tag-top-stories","26":"tag-topstories"},"share_on_mastodon":{"url":"https:\/\/pubeurope.com\/@no\/115720543476636451","error":""},"_links":{"self":[{"href":"https:\/\/www.europesays.com\/no\/wp-json\/wp\/v2\/posts\/113360","targetHints":{"allow":["GET"]}}],"collection":[{"href":"https:\/\/www.europesays.com\/no\/wp-json\/wp\/v2\/posts"}],"about":[{"href":"https:\/\/www.europesays.com\/no\/wp-json\/wp\/v2\/types\/post"}],"author":[{"embeddable":true,"href":"https:\/\/www.europesays.com\/no\/wp-json\/wp\/v2\/users\/2"}],"replies":[{"embeddable":true,"href":"https:\/\/www.europesays.com\/no\/wp-json\/wp\/v2\/comments?post=113360"}],"version-history":[{"count":0,"href":"https:\/\/www.europesays.com\/no\/wp-json\/wp\/v2\/posts\/113360\/revisions"}],"wp:featuredmedia":[{"embeddable":true,"href":"https:\/\/www.europesays.com\/no\/wp-json\/wp\/v2\/media\/113361"}],"wp:attachment":[{"href":"https:\/\/www.europesays.com\/no\/wp-json\/wp\/v2\/media?parent=113360"}],"wp:term":[{"taxonomy":"category","embeddable":true,"href":"https:\/\/www.europesays.com\/no\/wp-json\/wp\/v2\/categories?post=113360"},{"taxonomy":"post_tag","embeddable":true,"href":"https:\/\/www.europesays.com\/no\/wp-json\/wp\/v2\/tags?post=113360"}],"curies":[{"name":"wp","href":"https:\/\/api.w.org\/{rel}","templated":true}]}}