{"id":113369,"date":"2025-12-14T23:54:11","date_gmt":"2025-12-14T23:54:11","guid":{"rendered":"https:\/\/www.europesays.com\/no\/113369\/"},"modified":"2025-12-14T23:54:11","modified_gmt":"2025-12-14T23:54:11","slug":"tenaringsjenter-mistenkt-for-granatkasting","status":"publish","type":"post","link":"https:\/\/www.europesays.com\/no\/113369\/","title":{"rendered":"Ten\u00e5ringsjenter mistenkt for granatkasting"},"content":{"rendered":"<p class=\"kicker \" style=\"\">Sverige:<\/p>\n<p>  I l\u00f8pet av to d\u00f8gn gikk tre h\u00e5ndgranater av i G\u00f8teborg. N\u00e5 kobles hendelsene til Foxtrot.<\/p>\n<p>\n    FANGET P\u00c5 KAMERA: De tre mistenkte jentene ble fanget p\u00e5 dette overv\u00e5kningskameraet bare timer f\u00f8r en av granatkastingene. Foto: Svensk politi\n  <\/p>\n<p>4. og 6. september ble det kastet tre h\u00e5ndgranater mot to ulike hus i G\u00f8teborg-omr\u00e5det &#8211; hvorav \u00e9n av dem eksploderte.<\/p>\n<p>Politiet mener tre unge jenter st\u00e5r bak hendelsene, som skjedde i M\u00f6lndal og N\u00f6dlinge.\u00a0<\/p>\n<p>F\u00e5 timer f\u00f8r angrepet i N\u00f6dinge 6. september ble jentene fanget opp av et overv\u00e5kningskamera i n\u00e6rheten. En av dem &#8211; en 14 \u00e5r gammel jente &#8211; skal ha v\u00e6rt til stede under begge hendelsene,\u00a0skriver <a href=\"https:\/\/www.dagbladet.no\/nyheter\/tenaringsjenter-mistenkt-for-granatkasting\/83978934?[\u2026]905d7c4a8b3ef9f567813b404a8d91645c2fdf314dfee8af9862c3d24f0a\" rel=\"nofollow noopener\" target=\"_blank\">G\u00f8teborgs-Posten<\/a>.<\/p>\n<p>N\u00e5 er det tatt ut tiltale mot de to eldste jentene, som er 16 og 17 \u00e5r. Mot 14-\u00e5ringen er det tatt ut s\u00e5kalt \u00abbevistalan\u00bb, som inneb\u00e6rer at retten vurderer om vedkommende har beg\u00e5tt et lovbrudd &#8211; selv om de er under den kriminelle lavalder og derfor ikke kan id\u00f8mmes straff.\u00a0<\/p>\n<p>    <a itemprop=\"url\" href=\"https:\/\/www.dagbladet.no\/nyheter\/truet-pa-livet-av-foxtrot\/83908720\" rel=\"nofollow noopener\" target=\"_blank\"><\/p>\n<p>        <img loading=\"lazy\" decoding=\"async\" src=\"https:\/\/www.europesays.com\/no\/wp-content\/uploads\/2025\/12\/83909070.webp\" width=\"980\" height=\"441\" title=\"- Truet p\u00e5 livet av Foxtrot\" alt=\"\" class=\"lazyload\" style=\"--aspect-ratio-image: 2.22; \"\/><\/p>\n<p>        &#8211; Truet p\u00e5 livet av Foxtrot<\/p>\n<p>    <\/a><\/p>\n<p>Kobles til Foxtrot\t<\/p>\n<p>G\u00f8teborgs-Posten skriver at 14-\u00e5ringen f\u00f8rst nektet for \u00e5 ha v\u00e6rt involvert i saken. Seinere oppga hun \u00e5 ha tatt oppdraget fra noen med brukernavn \u00abSuper Mario\u00bb p\u00e5 den krypterte meldingsappen Signal.<\/p>\n<p>&#8211; Han ville at vi skulle kaste granater for penger. Han vil hevne seg. Det er p\u00e5 grunn av en gjengkrig, skal hun ha sagt i avh\u00f8r.<\/p>\n<p>P\u00e5 sp\u00f8rsm\u00e5l om hvem \u00abSuper Mario\u00bb er, svarte jenta at \u00abhan\u00bb er et medlem av den kjente kriminelle gjengen Foxtrot og at han befinner seg i utlandet.<\/p>\n<p>14-\u00e5ringen innr\u00f8mmet at hun l\u00e6rte seg \u00e5 h\u00e5ndtere h\u00e5ndgranater gjennom \u00e5 se p\u00e5 videoer.\u00a0<\/p>\n<p>        <img loading=\"lazy\" decoding=\"async\" src=\"https:\/\/www.europesays.com\/no\/wp-content\/uploads\/2025\/12\/83979233.webp\" width=\"980\" height=\"559\" title=\"UDETONERT: Granaten som ikke detonerte ble funnet i et blomsterbed. Foto: Svensk politi\" alt=\"\" class=\"\" style=\"--aspect-ratio-image: 1.75; \"\/><\/p>\n<p>\n        UDETONERT: Granaten som ikke detonerte ble funnet i et blomsterbed. Foto: Svensk politi\n    <\/p>\n<p>Skulle skremme\t<\/p>\n<p>Eksplosjonen i N\u00f6dinge, nord for G\u00f6teborg, skjedde ved en boligblokk. Beboerne ble evakuert mens bombegruppa unders\u00f8kte stedet, og fant en udetonert granat, skrev <a href=\"https:\/\/www.svt.se\/nyheter\/lokalt\/vast\/explosionslarm-i-nodinge-boende-inrymda\" rel=\"nofollow noopener\" target=\"_blank\">SVT<\/a>.<\/p>\n<p>En udetonert granat ble funnet i M\u00f6lndal to dager tidligere.<\/p>\n<p>14-\u00e5ringen og 16-\u00e5ringen skal ha snakket med oppdragsgiveren p\u00e5 telefonen etter den f\u00f8rste hendelsen, der granaten ikke gikk av.\u00a0<\/p>\n<p>&#8211; Mario var ikke sur. Han sa at han skulle sende noen andre som kunne f\u00e5 granaten til \u00e5 sprenge, sa 14-\u00e5ringen i avh\u00f8r.\u00a0<\/p>\n<p>Jentene skal ha tjent 45 000 svenske kroner for oppdragene. 16-\u00e5ringen og 17-\u00e5ringen har if\u00f8lge G\u00f6teborgs-Posten erkjent straffskyld for store deler av anklagene.\u00a0<\/p>\n<p>Politiet knytter hendelsene til et drapsfors\u00f8k i Gr\u00e4storp, nord for G\u00f6teborg. De mener at motivet kan v\u00e6re at et st\u00f8rre parti narkotika tilh\u00f8rende Foxtrot kan ha kommet p\u00e5 avveie.<\/p>\n<p>    <a itemprop=\"url\" href=\"https:\/\/www.dagbladet.no\/nyheter\/foxtrot-toppens-meldinger-om-norge\/83793951\" rel=\"nofollow noopener\" target=\"_blank\"><\/p>\n<p>        <img loading=\"lazy\" decoding=\"async\" src=\"https:\/\/www.europesays.com\/no\/wp-content\/uploads\/2025\/12\/83793928.webp\" width=\"980\" height=\"441\" title=\"Foxtrot-toppens meldinger om Norge\" alt=\"\" class=\"lazyload\" style=\"--aspect-ratio-image: 2.22; \"\/><\/p>\n<p>        Foxtrot-toppens meldinger om Norge<\/p>\n<p>    <\/a><\/p>\n<p>Granatangrep ogs\u00e5 i Norge\t<\/p>\n<p>P\u00e5 ett \u00e5r &#8211; fra oktober i fjor til oktober i \u00e5r &#8211; har det v\u00e6rt 195 eksplosjoner i Sverige, <a href=\"https:\/\/www.dagbladet.no\/nyheter\/advarer-kan-ikke-stoppes\/83774337\" rel=\"nofollow noopener\" target=\"_blank\">viser tall fra svensk politi<\/a>. Barn ned i tolv\u00e5rsalderen lokkes eller trues til \u00e5 beg\u00e5 drap og granatangrep p\u00e5 bestilling &#8211; p\u00e5 tvers av region- og landegrenser.<\/p>\n<p>Den siste tida har det ogs\u00e5 v\u00e6rt flere granatangrep i Norge:<\/p>\n<ul>\n<li class=\"lab-bodytext-line\">23. september ble det kastet en h\u00e5ndgranat mot en neglsalong i Pilestredet p\u00e5 Bislett i Oslo. Det ble ogs\u00e5 gjort funn av en udetonert granat like ved, som politiet foretok en kontrollet sprengning av. Ingen ble skadd.<\/li>\n<li class=\"lab-bodytext-line\">26. september mener politiet at det var planlagt et granatangrep i Sarpsborg. Dette ble imidlertid avverget.<\/li>\n<li class=\"lab-bodytext-line\">6. oktober ble det kastet en h\u00e5ndgranat mot en restaurant p\u00e5 Str\u00f8mmen. Det for\u00e5rsaket store materielle skader, men ingen personer ble skadd.<\/li>\n<\/ul>\n<p>Felles for disse sakene er det unge gutter som mistenkes for \u00e5 st\u00e5 bak. Politiet har tidligere uttalt at det er sannsunlig at de har handlet p\u00e5 bestilling fra andre &#8211; og at de har f\u00e5tt voldsoppdragene gjennom sosiale medier. Sakene knyttes til en p\u00e5g\u00e5ende konflikt som har koblinger til det svenske kriminelle nettverket Foxtrot.\u00a0<\/p>\n","protected":false},"excerpt":{"rendered":"Sverige: I l\u00f8pet av to d\u00f8gn gikk tre h\u00e5ndgranater av i G\u00f8teborg. N\u00e5 kobles hendelsene til Foxtrot. FANGET&hellip;\n","protected":false},"author":2,"featured_media":113370,"comment_status":"","ping_status":"","sticky":false,"template":"","format":"standard","meta":{"footnotes":""},"categories":[10],"tags":[20,21,24,25,15,2539,22,23,13,30,28,29,14,16,26,27],"class_list":{"0":"post-113369","1":"post","2":"type-post","3":"status-publish","4":"format-standard","5":"has-post-thumbnail","7":"category-norge","8":"tag-breaking-news","9":"tag-breakingnews","10":"tag-featured-news","11":"tag-featurednews","12":"tag-headlines","13":"tag-innenriks","14":"tag-latest-news","15":"tag-latestnews","16":"tag-news","17":"tag-no","18":"tag-norge","19":"tag-norway","20":"tag-nyheter","21":"tag-overskrifter","22":"tag-top-stories","23":"tag-topstories"},"share_on_mastodon":{"url":"https:\/\/pubeurope.com\/@no\/115720622489143573","error":""},"_links":{"self":[{"href":"https:\/\/www.europesays.com\/no\/wp-json\/wp\/v2\/posts\/113369","targetHints":{"allow":["GET"]}}],"collection":[{"href":"https:\/\/www.europesays.com\/no\/wp-json\/wp\/v2\/posts"}],"about":[{"href":"https:\/\/www.europesays.com\/no\/wp-json\/wp\/v2\/types\/post"}],"author":[{"embeddable":true,"href":"https:\/\/www.europesays.com\/no\/wp-json\/wp\/v2\/users\/2"}],"replies":[{"embeddable":true,"href":"https:\/\/www.europesays.com\/no\/wp-json\/wp\/v2\/comments?post=113369"}],"version-history":[{"count":0,"href":"https:\/\/www.europesays.com\/no\/wp-json\/wp\/v2\/posts\/113369\/revisions"}],"wp:featuredmedia":[{"embeddable":true,"href":"https:\/\/www.europesays.com\/no\/wp-json\/wp\/v2\/media\/113370"}],"wp:attachment":[{"href":"https:\/\/www.europesays.com\/no\/wp-json\/wp\/v2\/media?parent=113369"}],"wp:term":[{"taxonomy":"category","embeddable":true,"href":"https:\/\/www.europesays.com\/no\/wp-json\/wp\/v2\/categories?post=113369"},{"taxonomy":"post_tag","embeddable":true,"href":"https:\/\/www.europesays.com\/no\/wp-json\/wp\/v2\/tags?post=113369"}],"curies":[{"name":"wp","href":"https:\/\/api.w.org\/{rel}","templated":true}]}}