{"id":113375,"date":"2025-12-15T00:15:12","date_gmt":"2025-12-15T00:15:12","guid":{"rendered":"https:\/\/www.europesays.com\/no\/113375\/"},"modified":"2025-12-15T00:15:12","modified_gmt":"2025-12-15T00:15:12","slug":"skien-klosteroya-kjempegoy-at-solja-skal-selges-i-butikken-deres","status":"publish","type":"post","link":"https:\/\/www.europesays.com\/no\/113375\/","title":{"rendered":"Skien, Kloster\u00f8ya | &#8211; Kjempeg\u00f8y at s\u00f8lja skal selges i butikken deres"},"content":{"rendered":"\n<p>I et verksted p\u00e5 Hollenderiet fra 1907 har Huldreverket holdt til siden 2023. Da den 30 \u00e5r gamle familiebedriften Huldres\u00f8lv, grunnlagt av Elise Thiis-Evensen, ble avviklet startet Tonje H\u00f8gberg, Marit Lintrup og Lotte Lysa for seg selv p\u00e5 Kloster\u00f8ya. Juletreet som st\u00e5r i kroken er kortreist.<\/p>\n<p>   <img decoding=\"async\" width=\"4284\" height=\"5712\" fetchpriority=\"low\"  loading=\"lazy\"  src=\"https:\/\/www.europesays.com\/no\/wp-content\/uploads\/2025\/12\/hudrer.jpg\" alt=\"\" class=\"brick-c-cFOWSL\" style=\"--brick-image-ratio: 4284 \/ 5712;\"\/><\/p>\n<p>      VERKSTED: P\u00e5 Kloster\u00f8ya holder Huldreverket til.<\/p>\n<p>\u2013 Det er hentet fra Tonjes egen skog p\u00e5 Gjerpen, forteller Marit.<\/p>\n<p>Noen av tingene de lager blir snart pakker under treet.<\/p>\n<p>&#8211; God respons p\u00e5 ny ring<\/p>\n<p>Smykkedesignerne synes det er fint \u00e5 lage ting som gleder andre p\u00e5 julaften. Noe av det siste de har laget er Isrose-ring. Mye tyder p\u00e5 at s\u00f8lvringen med sten fra bergkrystall kommer til \u00e5 ligge under noen juletr\u00e6r i \u00e5r.<\/p>\n<p>\u2013 Vi har f\u00e5tt god respons p\u00e5 den, og vet at mange \u00f8nsker seg ringen til jul. Det er en stor eventyr-ring, som har blitt veldig godt mottat, forteller Tonje.<\/p>\n<p>   <img decoding=\"async\" width=\"1920\" height=\"1920\" fetchpriority=\"low\"  loading=\"lazy\"  src=\"https:\/\/www.europesays.com\/no\/wp-content\/uploads\/2025\/12\/isrose+ferdig+%282%29.JPG\" alt=\"\" class=\"brick-c-cFOWSL\" style=\"--brick-image-ratio: 1920 \/ 1920;\"\/><\/p>\n<p>      ISROSE: Denne nye ringen har Huldreverket f\u00e5tt god respons p\u00e5.<br \/>\n      Foto: Privat\n    <\/p>\n<p>I fjor designet de Halldis-s\u00f8lja, for \u00e5 hedre Halldis Moren Vesaas. Dikteren fra Vinje har gjort verden til et bedre sted med sine dikt om kj\u00e6rlighet og det \u00e5 v\u00e6re menneske og kvinne. Med tillatelse fra datteren til Halldis Moren Vesaas gjengir de den siste linjen i diktet \u00abLyset\u00bb p\u00e5 s\u00f8lja. \u00abKj\u00e6rleik gjer klok\u00bb. Diktet inspirerte Marit Lintrup til \u00e5 gi s\u00f8lja hjerteform. Hun mener s\u00f8lja fortjener \u00e5 vises fram hele \u00e5ret.<\/p>\n<p>\u2013 Den kan brukes til flere anledninger, og passer godt som brosje p\u00e5 en blazer, genser eller skjerf, foresl\u00e5r hun.<\/p>\n<p>   <img decoding=\"async\" width=\"3024\" height=\"4032\" fetchpriority=\"low\"  loading=\"lazy\"  src=\"https:\/\/www.europesays.com\/no\/wp-content\/uploads\/2025\/12\/s%C3%B8lje.jpg\" alt=\"\" class=\"brick-c-cFOWSL\" style=\"--brick-image-ratio: 3024 \/ 4032;\"\/><\/p>\n<p>For tiden b\u00e6rer Herborg Kr\u00e5kevik s\u00f8lja under konserten \u00abJuleroser\u00bb p\u00e5 Det Norske Teatret. Juleroser var det f\u00f8rste julehefte som ble utgitt i Norden, og ble for f\u00f8rste gang utgitt i 1881. I \u00e5r har hun f\u00e5tt med seg Solveig Kloppen og Frida \u00c5nnevik, samt sangere fra Birkelunden Mannskor og skuespillere fra Det Norske Teatret i Oslo. 21. desember er siste mulighet for \u00e5 oppleve det som skal v\u00e6re en stemningsfull time med musikk, kunst og litteratur. Blant de litter\u00e6re skikkelsene som l\u00f8ftes fram er Halldis Moren Vesaas.<\/p>\n<p>Skal selges i teatrets butikk<\/p>\n<p>Kjolen Herborg Kr\u00e5kevik har p\u00e5 seg p\u00e5 scenen er designet av kostymedesigner Unni Walstad p\u00e5 Det Norske Teatret, med utgangspunkt i p\u00e5begynt Hulda Garborg-prosjekt. Broderiene har f\u00e5tt nytt liv, og Halldis-s\u00f8lja ble prikken over i-en. Hulda Garborg var med p\u00e5 \u00e5 grunnlegge Det Norske Teatret, og Halldis Moren Vesaas var av de viktigste oversetterne p\u00e5 teateret.<\/p>\n<p>   <img decoding=\"async\" width=\"250\" height=\"373\" fetchpriority=\"low\"  loading=\"lazy\"  src=\"https:\/\/www.europesays.com\/no\/wp-content\/uploads\/2025\/12\/herborgkrakevik.jpg\" alt=\"\" class=\"brick-c-cFOWSL\" style=\"--brick-image-ratio: 250 \/ 373;\"\/><\/p>\n<p>      P\u00c5 SCENEN: Herborg Kr\u00e5kevik har p\u00e5 seg s\u00f8lja fra Huldreverket n\u00e5r hun st\u00e5r p\u00e5 scenen.<br \/>\n      Foto: Ole Herman Andersen\n    <\/p>\n<p>\u2013 De spurte om de kunne f\u00e5 selge s\u00f8lja i butikken p\u00e5 teateret ogs\u00e5. Det blir jo et utstillingsvindu for Huldreverket, s\u00e5 det synes vi er kjempeg\u00f8y, sier Tonje.<\/p>\n","protected":false},"excerpt":{"rendered":"I et verksted p\u00e5 Hollenderiet fra 1907 har Huldreverket holdt til siden 2023. Da den 30 \u00e5r gamle&hellip;\n","protected":false},"author":2,"featured_media":113376,"comment_status":"","ping_status":"","sticky":false,"template":"","format":"standard","meta":{"footnotes":""},"categories":[58],"tags":[36,13829,71,13828,62,30,28,29,393,10946,8910,1510,72],"class_list":{"0":"post-113375","1":"post","2":"type-post","3":"status-publish","4":"format-standard","5":"has-post-thumbnail","7":"category-underholdning","8":"tag-art","9":"tag-det-norske-teater","10":"tag-entertainment","11":"tag-klosteroya","12":"tag-naeringsliv","13":"tag-no","14":"tag-norge","15":"tag-norway","16":"tag-skien","17":"tag-smykker","18":"tag-solv","19":"tag-story","20":"tag-underholdning"},"share_on_mastodon":{"url":"https:\/\/pubeurope.com\/@no\/115720704906323109","error":""},"_links":{"self":[{"href":"https:\/\/www.europesays.com\/no\/wp-json\/wp\/v2\/posts\/113375","targetHints":{"allow":["GET"]}}],"collection":[{"href":"https:\/\/www.europesays.com\/no\/wp-json\/wp\/v2\/posts"}],"about":[{"href":"https:\/\/www.europesays.com\/no\/wp-json\/wp\/v2\/types\/post"}],"author":[{"embeddable":true,"href":"https:\/\/www.europesays.com\/no\/wp-json\/wp\/v2\/users\/2"}],"replies":[{"embeddable":true,"href":"https:\/\/www.europesays.com\/no\/wp-json\/wp\/v2\/comments?post=113375"}],"version-history":[{"count":0,"href":"https:\/\/www.europesays.com\/no\/wp-json\/wp\/v2\/posts\/113375\/revisions"}],"wp:featuredmedia":[{"embeddable":true,"href":"https:\/\/www.europesays.com\/no\/wp-json\/wp\/v2\/media\/113376"}],"wp:attachment":[{"href":"https:\/\/www.europesays.com\/no\/wp-json\/wp\/v2\/media?parent=113375"}],"wp:term":[{"taxonomy":"category","embeddable":true,"href":"https:\/\/www.europesays.com\/no\/wp-json\/wp\/v2\/categories?post=113375"},{"taxonomy":"post_tag","embeddable":true,"href":"https:\/\/www.europesays.com\/no\/wp-json\/wp\/v2\/tags?post=113375"}],"curies":[{"name":"wp","href":"https:\/\/api.w.org\/{rel}","templated":true}]}}