{"id":113424,"date":"2025-12-15T02:57:11","date_gmt":"2025-12-15T02:57:11","guid":{"rendered":"https:\/\/www.europesays.com\/no\/113424\/"},"modified":"2025-12-15T02:57:11","modified_gmt":"2025-12-15T02:57:11","slug":"steven-witkoff-og-jared-kushner-moter-ukrainas-president-og-europeiske-statsledere-i-berlin-mandag","status":"publish","type":"post","link":"https:\/\/www.europesays.com\/no\/113424\/","title":{"rendered":"Steven Witkoff og Jared Kushner m\u00f8ter Ukrainas president og europeiske statsledere i Berlin mandag."},"content":{"rendered":"\n<ul class=\"_list_o9xde_3 _list_64s2r_85 _unordered_o9xde_106 text-sans-m\">\n<li class=\"_item_o9xde_30\">Steve Witkoff og Jared Kushner m\u00f8ter Ukrainas president og europeiske statsledere i Berlin mandag.<\/li>\n<li class=\"_item_o9xde_30\">Ukraina har gitt sine innvendinger p\u00e5 Trumps fredsplan og krever kontroll over Zaporizjzja.<\/li>\n<li class=\"_item_o9xde_30\">USA vil avslutte krigen raskt og tilbyr sikkerhetsgarantier basert p\u00e5 Natos artikkel fem.<\/li>\n<li class=\"_item_o9xde_30\">EU vurderer \u00e5 bruke fryste russiske midler for \u00e5 st\u00f8tte Ukraina.<\/li>\n<\/ul>\n<p>Vis mer <\/p>\n<p class=\"_paragraph_o9xde_4 _paragraph_xtcu6_10 layout-component text-serif-m layout-normal text-serif-m layout-padded\">USAs president Donald Trump presser hardt, for \u00e5 lande en avtale mellom Ukraina og Russland f\u00f8r jul.<\/p>\n<p class=\"_paragraph_o9xde_4 _paragraph_xtcu6_10 layout-component text-serif-m layout-normal text-serif-m layout-padded\">Mandag reiser USAs spesialutsending <a href=\"https:\/\/www.vg.no\/tag\/steve-witkoff?utm_source=vg-article&amp;utm_medium=auto-tagger&amp;utm_campaign=pB6voW\" class=\"_link_o9xde_39\" rel=\"nofollow noopener\" target=\"_blank\">Steve Witkoff<\/a> til Berlin, for \u00e5 m\u00f8te Ukrainas president Volodymyr Zelenskyj og flere europeiske statsledere. <\/p>\n<p><img alt=\"Donald Trump.  Foto: PATRICK SMITH \/ AFP \/ NTB\" class=\"_image_qp4xg_65 layout-component layout-normal\" data-fullscreen- data-track-element-type=\"Article image fullscreen\" data-track-name=\"ImageFullscreen\" decoding=\"async\" loading=\"lazy\" height=\"4000\" itemprop=\"image\"  src=\"https:\/\/www.europesays.com\/no\/wp-content\/uploads\/2025\/12\/cd085cc4-4258-4b31-9e18-207f45dcc53a\"  style=\"object-position:0% 0%\" width=\"6000\"\/>Donald Trump.  Foto: PATRICK SMITH \/ AFP \/ NTB<\/p>\n<p class=\"_paragraph_o9xde_4 _paragraph_xtcu6_10 layout-component text-serif-m layout-normal text-serif-m layout-padded\">Trumps svigers\u00f8nn Jared Kushner deltar ogs\u00e5 i m\u00f8tet.<\/p>\n<p class=\"_paragraph_o9xde_4 _paragraph_xtcu6_10 layout-component text-serif-m layout-normal text-serif-m layout-padded\">M\u00e5let er \u00e5 fors\u00f8ke \u00e5 bli enige om den amerikanske fredsplanen for Ukraina.<\/p>\n<p class=\"_paragraph_o9xde_4 _paragraph_xtcu6_10 layout-component text-serif-m layout-normal text-serif-m layout-padded\">S\u00f8ndag sier USAs spesialutsending Steve Witkoff det var \u00abstor framgang\u00bb i samtalene med Ukrainas president Volodymyr Zelenskyj. M\u00f8tet varte i over fem timer og inkluderte ogs\u00e5 Donald Trumps svigers\u00f8nn Jared Kushner, skriver NTB.<\/p>\n<p> Gi slipp p\u00e5 territorium<\/p>\n<p class=\"_paragraph_o9xde_4 _paragraph_xtcu6_10 layout-component text-serif-m layout-normal text-serif-m layout-padded\">Det p\u00e5g\u00e5r intens diplomatisk aktivtet mellom Washington, Kyiv, Moskva og flere europeiske hovedsteder, for \u00e5 komme frem til en enighet om Trumps 28-punkts lange fredsplan. <\/p>\n<p class=\"_paragraph_o9xde_4 _paragraph_xtcu6_10 layout-component text-serif-m layout-normal text-serif-m layout-padded\">Likevel er det lite som tyder p\u00e5 at samtalene har f\u00f8rt til st\u00f8rre gjennombrudd. <\/p>\n<p><img alt=\"BES\u00d8K: Ukrainas president Volodymyr Zelenskyj be\u00f8skte Norge i oktober. Her sammen med statsminister Jonas Gahr St\u00f8re.   Foto: Javad Parsa \/ NTB\" class=\"_image_qp4xg_65 layout-component layout-normal\" data-fullscreen- data-track-element-type=\"Article image fullscreen\" data-track-name=\"ImageFullscreen\" decoding=\"async\" loading=\"lazy\" height=\"5760\" itemprop=\"image\"  src=\"https:\/\/www.europesays.com\/no\/wp-content\/uploads\/2025\/12\/1c8dc627-8ebb-482c-89a6-5ca31fed3040\"  style=\"object-position:0% 0%\" width=\"8640\"\/>BES\u00d8K: Ukrainas president Volodymyr Zelenskyj be\u00f8skte Norge i oktober. Her sammen med statsminister Jonas Gahr St\u00f8re.   Foto: Javad Parsa \/ NTB<\/p>\n<p class=\"_paragraph_o9xde_4 _paragraph_xtcu6_10 layout-component text-serif-m layout-normal text-serif-m layout-padded\">F\u00f8r helgen ga Ukraina sine innvendinger. <\/p>\n<p class=\"_paragraph_o9xde_4 _paragraph_xtcu6_10 layout-component text-serif-m layout-normal text-serif-m layout-padded\"><strong class=\"_strong_o9xde_25\">Dette er n\u00f8kkelposisjonene til partene:<\/strong><\/p>\n<ul class=\"_list_o9xde_3 _list_xtcu6_9 _unordered_o9xde_106 layout-component text-serif-m layout-normal text-serif-m layout-padded\">\n<li class=\"_item_o9xde_30\">Ukraina vil ha sikkerhetsgarantier, avviser Russlands krav om territorium og krever \u00e5 beholde kontroll over atomkraftverket i Zaporizjzja.<\/li>\n<li class=\"_item_o9xde_30\">Russland krever \u00e5 kontrollere hele Donbas-regionen og motsetter seg Nato-utvidelse mot \u00f8st.<\/li>\n<li class=\"_item_o9xde_30\">Europa og Nato \u00f8nsker en \u00abrettferdig fred\u00bb og advarer om trusselen Russland utgj\u00f8r mot Europa.<\/li>\n<li class=\"_item_o9xde_30\">USA vil avslutte krigen s\u00e5 fort som mulig, og har uttrykt \u00f8kende frustrasjon mot b\u00e5de Ukraina og Russland.<\/li>\n<\/ul>\n<p class=\"_paragraph_o9xde_4 _paragraph_xtcu6_10 layout-component text-serif-m layout-normal text-serif-m layout-padded\">Det skal v\u00e6re sp\u00f8rsm\u00e5let om territorium som er den vanskeligste floken \u00e5 l\u00f8se.<\/p>\n<p class=\"_paragraph_o9xde_4 _paragraph_xtcu6_10 layout-component text-serif-m layout-normal text-serif-m layout-padded\">Forhandlingene om hvilke sikkerhetsgarantier USA vil gi Ukraina har gjort betydelige fremskritt, melder Axios. <\/p>\n<p class=\"_paragraph_o9xde_4 _paragraph_xtcu6_10 layout-component text-serif-m layout-normal text-serif-m layout-padded\">En kilde sier til nettstedet at USA er villig til \u00e5 gi Ukraina en garanti som tar utgangspunkt i Natos artikkel femartikkel femNATO Artikkel 5 er kjernen i Atlanterhavspakten, som sl\u00e5r fast at et v\u00e6pnet angrep mot ett medlemsland i Europa eller Nord-Amerika er et angrep mot alle.. <\/p>\n<p>Her er alle 28 punktene i Trumps fredsplan:<\/p>\n<ol class=\"_list_o9xde_3 _list_xtcu6_9 _list_16v91_9 _ordered_o9xde_79 layout-component text-serif-m layout-normal text-sans-m layout-padded\">\n<li class=\"_item_o9xde_30\">Ukrainas suverenitet skal bekreftes.<\/li>\n<li class=\"_item_o9xde_30\">En omfattende ikke-angrepsavtale skal inng\u00e5s mellom Russland, Ukraina og Europa. Alle uklarheter fra de siste 30 \u00e5rene skal betraktes som l\u00f8st.<\/li>\n<li class=\"_item_o9xde_30\">Det forventes at Russland ikke invaderer naboland, og at NATO ikke utvider seg ytterligere.<\/li>\n<li class=\"_item_o9xde_30\">En dialog skal finne sted mellom Russland og NATO, med USA som megler, for \u00e5 l\u00f8se alle sikkerhetssp\u00f8rsm\u00e5l og skape forutsetninger for nedtrapping, for \u00e5 sikre global sikkerhet og \u00f8ke muligheter for samarbeid og fremtidig \u00f8konomisk utvikling.<\/li>\n<li class=\"_item_o9xde_30\">Ukraina vil motta p\u00e5litelige sikkerhetsgarantier. Akkurat hva dette inneb\u00e6rer, er ikke klart.<\/li>\n<li class=\"_item_o9xde_30\">St\u00f8rrelsen p\u00e5 de ukrainske v\u00e6pnede styrker skal begrenses fra 800.000\u2013850.000 til 600.000. F\u00f8r krigen var den p\u00e5 250.000.<\/li>\n<li class=\"_item_o9xde_30\">Ukraina godtar \u00e5 forankre i sin grunnlov at landet ikke skal bli medlem av NATO, og NATO godtar \u00e5 inkludere en bestemmelse i sine vedtekter som fastsl\u00e5r at Ukraina ikke skal bli medlem i fremtiden.<\/li>\n<li class=\"_item_o9xde_30\">NATO godtar \u00e5 ikke stasjonere tropper i Ukraina.<\/li>\n<li class=\"_item_o9xde_30\">Europeiske jagerfly skal stasjoneres i Polen.<\/li>\n<li class=\"_item_o9xde_30\">Den amerikanske garantien:<br \/>\u2013 USA f\u00e5r kompensasjon for garantien<br \/>\u2013 Hvis Ukraina invaderer Russland, mister de garantien<br \/>\u2013 Hvis Russland invaderer Ukraina, vil det \u2013 i tillegg til et avgj\u00f8rende koordinert milit\u00e6rt svar \u2013 bli gjeninnf\u00f8rt globale sanksjoner, anerkjennelse av nytt territorium og alle andre fordeler fra avtalen vil bli tilbakekalt<br \/>\u2013 Hvis Ukraina avfyrer et missil mot Moskva eller St. Petersburg uten grunn, vil sikkerhetsgarantien anses som ugyldig<\/li>\n<li class=\"_item_o9xde_30\">Ukraina kvalifiserer for EU-medlemskap og f\u00e5r kortsiktig preferanseadgang til det europeiske markedet mens denne saken behandles.<\/li>\n<li class=\"_item_o9xde_30\">En omfattende global tiltakspakke for \u00e5 gjenoppbygge Ukraina, inkludert, men ikke begrenset til:<br \/>\u2013 Opprettelse av et utviklingsfond for Ukraina for \u00e5 investere i raskt voksende industrier, inklusive teknologi, datasentre og kunstig intelligens<br \/>\u2013 USA vil samarbeide med Ukraina for \u00e5 gjenoppbygge, utvikle, modernisere og drive Ukrainas gassinfrastruktur, inkludert r\u00f8rledninger og lagringsanlegg<br \/>\u2013 Felles innsats for rehabilitering av krigsrammede omr\u00e5der for restaurering, gjenoppbygging og modernisering av byer og boligomr\u00e5der<br \/>\u2013 Infrastrukturutvikling<br \/>\u2013 Utnyttelse av mineraler og naturressurser<br \/>\u2013 Verdensbanken skal utvikle en egen finansieringspakke for \u00e5 akselerere disse innsatsene<\/li>\n<li class=\"_item_o9xde_30\">Russland skal reintegreres i den globale \u00f8konomien:<br \/>\u2013 Oppheving av sanksjoner skal diskuteres og godkjennes trinnvis og fra tilfelle til tilfelle<br \/>\u2013 USA vil inng\u00e5 en langsiktig \u00f8konomisk samarbeidsavtale med Russland for gjensidig utvikling innen energi, naturressurser, infrastruktur, kunstig intelligens, datasentre, prosjekter for utvinning av sjeldne jordmetaller i Arktis og andre gjensidig fordelaktige forretningsmuligheter<br \/>\u2013 Russland vil bli invitert til \u00e5 gjenoppta medlemskap i G8<\/li>\n<li class=\"_item_o9xde_30\">Frosne midler skal brukes som f\u00f8lger:<br \/>\u2013 100 milliarder dollar i frosne russiske eiendeler skal investeres i USA-ledet innsats for \u00e5 gjenoppbygge og investere i Ukraina<br \/>\u2013 USA skal motta 50 % av overskuddet fra dette prosjektet. Europa skal legge til ytterligere 100 milliarder dollar for \u00e5 \u00f8ke investeringsniv\u00e5et for Ukrainas gjenoppbygging.<br \/>\u2013 Frosne europeiske midler vil bli frigjort. De gjenv\u00e6rende frosne russiske midlene vil bli investert i et separat amerikansk-russisk investeringsfond for \u00e5 gjennomf\u00f8re felles prosjekter innen spesifikke omr\u00e5der. Dette fondet skal bidra til \u00e5 styrke relasjoner og \u00f8ke felles interesser for \u00e5 skape sterke incentiver mot ny konflikt<\/li>\n<li class=\"_item_o9xde_30\">En felles amerikansk-russisk arbeidsgruppe for sikkerhetssp\u00f8rsm\u00e5l skal opprettes for \u00e5 fremme og sikre etterlevelse av alle bestemmelsene i avtalen.<\/li>\n<li class=\"_item_o9xde_30\">Russland skal lovfeste sin politikk om ikke-aggressivitet overfor Europa og Ukraina.<\/li>\n<li class=\"_item_o9xde_30\">USA og Russland skal bli enige om \u00e5 forlenge gyldigheten av traktater om ikke-spredning og kontroll av atomv\u00e5pen, inkludert\u00a0START I-traktaten<\/li>\n<li class=\"_item_o9xde_30\">Ukraina samtykker i \u00e5 forbli en ikke-atomv\u00e5penstat i henhold til Traktaten om ikke-spredning av atomv\u00e5pen.<\/li>\n<li class=\"_item_o9xde_30\">Zaporizjzja kjernekraftverk skal settes i drift under overv\u00e5kning av\u00a0IAEA, og den elektriske kraften skal fordeles likt mellom Russland og Ukraina \u2013 50:50.<\/li>\n<li class=\"_item_o9xde_30\">Begge land forplikter seg til \u00e5 gjennomf\u00f8re undervisningsprogrammer i skoler og samfunnet med m\u00e5l om \u00e5 fremme forst\u00e5else og toleranse for ulike kulturer og \u00e5 eliminere rasisme og fordommer:<br \/>\u2013 Ukraina skal innf\u00f8re EU-regler om religionsfrihet og beskyttelse av spr\u00e5klige minoriteter<br \/>\u2013 Begge land skal bli enige om \u00e5 avskaffe alle diskriminerende tiltak, og garantere rettighetene til ukrainske og russiske medier og utdanning<br \/>\u2013 All nazistisk ideologi og virksomhet m\u00e5 avvises og forbys<\/li>\n<li class=\"_item_o9xde_30\">Territorier:<br \/>\u2013 Krim, Luhansk og Donetsk skal anerkjennes som de facto russiske, ogs\u00e5 av USA<br \/>\u2013 Kherson og Zaporizjzja skal \u00abfryses\u00bb langs kontaktlinjen, som inneb\u00e6rer de facto anerkjennelse langs kontaktlinjen<br \/>\u2013 Russland skal gi avkall p\u00e5 \u00f8vrige kontrollerte territorier utenom de fem regionene<br \/>\u2013 Ukrainske styrker skal trekke seg ut fra den delen av Donetsk oblast de i dag kontrollerer. Dette omr\u00e5det vil bli ansett som en n\u00f8ytral demilitarisert buffersone, internasjonalt anerkjent som territorium tilh\u00f8rende Russland. Russiske styrker skal ikke g\u00e5 inn i denne demilitariserte sonen<\/li>\n<li class=\"_item_o9xde_30\">Etter enighet om fremtidige territorielle ordninger forplikter b\u00e5de Den russiske f\u00f8derasjonen og Ukraina seg til ikke \u00e5 endre disse ordningene med makt. Eventuelle sikkerhetsgarantier vil ikke gjelde ved brudd p\u00e5 denne forpliktelsen.<\/li>\n<li class=\"_item_o9xde_30\">Russland skal ikke hindre Ukraina fra \u00e5 bruke Dnipro-elven til kommersiell virksomhet, og det skal inng\u00e5s avtaler om fri transport av korn over Svartehavet.<\/li>\n<li class=\"_item_o9xde_30\">En humanit\u00e6r komit\u00e9 skal opprettes for \u00e5 l\u00f8se gjenv\u00e6rende saker:<br \/>\u2013 Alle gjenv\u00e6rende fanger og d\u00f8de skal utveksles p\u00e5 \u00aballe mot alle\u00bb-basis<br \/>\u2013 Alle sivile fanger og gisler, inkludert barn, skal returneres<br \/>\u2013 Et program for gjenforening av familier skal gjennomf\u00f8res<br \/>\u2013 Tiltak skal iverksettes for \u00e5 lindre lidelsen til ofrene for konflikten<\/li>\n<li class=\"_item_o9xde_30\">Ukraina skal gjennomf\u00f8re valg innen 100 dager.<\/li>\n<li class=\"_item_o9xde_30\">Alle parter i konflikten skal innvilges full amnesti for sine handlinger under krigen og enige om \u00e5 ikke fremme krav eller klager i fremtiden.<\/li>\n<li class=\"_item_o9xde_30\">Denne avtalen skal v\u00e6re juridisk bindende. Implementeringen skal overv\u00e5kes og garanteres av Fredsr\u00e5det ledet av president Donald J. Trump. Sanksjoner vil ilegges ved brudd.<\/li>\n<li class=\"_item_o9xde_30\">N\u00e5r alle parter har godkjent dette memorandumet, vil en v\u00e5penhvile tre i kraft umiddelbart etter at begge sider trekker seg tilbake til avtalte punkter for \u00e5 iverksette avtalen.<\/li>\n<\/ol>\n<p>Vis mer<\/p>\n<p class=\"_paragraph_o9xde_4 _paragraph_xtcu6_10 layout-component text-serif-m layout-normal text-serif-m layout-padded\">Det er likevel lite h\u00e5p \u00e5 skimte i Iver B. Neumanns siste analyse av skytteldiplomatiet som n\u00e5 p\u00e5g\u00e5r.<\/p>\n<p class=\"_paragraph_o9xde_4 _paragraph_xtcu6_10 layout-component text-serif-m layout-normal text-serif-m layout-padded\">Han avviser blankt at en l\u00f8sning er n\u00e6rt forest\u00e5ende. <\/p>\n<p class=\"_paragraph_o9xde_4 _paragraph_xtcu6_10 layout-component text-serif-m layout-normal text-serif-m layout-padded\">\u2013 Ikke i det hele tatt. Moderne kriger slutter ikke i fredsavtaler, sier han og sp\u00e5r at krigen g\u00e5r over til \u00e5 bli en s\u00e5kalt frossen konflikt. <\/p>\n<p class=\"_paragraph_o9xde_4 _paragraph_xtcu6_10 layout-component text-serif-m layout-normal text-serif-m layout-padded\">Det tror han kan skje i l\u00f8pet av neste \u00e5r.<\/p>\n<p class=\"_paragraph_o9xde_4 _paragraph_xtcu6_10 layout-component text-serif-m layout-normal text-serif-m layout-padded\">\u2013 En frossen konflikt er jo bedre enn en \u00e5pen krig. S\u00e5 der er jeg h\u00e5pefull.<\/p>\n<p><img decoding=\"async\" alt=\"Bilde av Iver B. Neumann\" class=\"_image_ygndg_42\" height=\"30\" itemprop=\"image\" loading=\"lazy\"  src=\"https:\/\/www.europesays.com\/no\/wp-content\/uploads\/2025\/12\/2d899a62-d34b-4de7-a839-95d4aa480b6a\"  width=\"40\"\/><strong class=\"_name_ygndg_51 title-serif-xs\">Iver B. Neumann<\/strong><\/p>\n<p class=\"_paragraph_o9xde_4 text-sans-m _description_ygndg_56\">Statsviter og direkt\u00f8r for Fridtjof Nansen Institutt<\/p>\n<p class=\"_paragraph_o9xde_4 _paragraph_xtcu6_10 layout-component text-serif-m layout-normal text-serif-m layout-padded\">Neumann mener det vil v\u00e6re interessant \u00e5 f\u00f8lge utviklingen mellom USAs utenriksminister Marco Rubio og europeiske statsledere.<\/p>\n<p class=\"_paragraph_o9xde_4 _paragraph_xtcu6_10 layout-component text-serif-m layout-normal text-serif-m layout-padded\">\u2013 Det er en \u00e5pen konflikt innad i den amerikanske administrasjonen mellom visepresident J.D. Vance og Rubio, hvor Rubio er adskillig mer opptatt av at Ukraina skal komme ut av det p\u00e5 en skikkelig m\u00e5te. S\u00e5 Rubio og det amerikanske utenriksdepartementet har i en viss grad felles interesser med E3E3De tre europeiske landene Tyskland, Frankrike og Storbritannia., mens Vance har sagt gjentatte ganger at han ikke bryr seg om Ukraina. <\/p>\n<p class=\"_paragraph_o9xde_4 _paragraph_xtcu6_10 layout-component text-serif-m layout-normal text-serif-m layout-padded\">Statsviteren er sv\u00e6rt kritisk til om Trumps utsendte i det hele tatt evner \u00e5 forhandle frem en fredsavtale. <\/p>\n<p class=\"_paragraph_o9xde_4 _paragraph_xtcu6_10 layout-component text-serif-m layout-normal text-serif-m layout-padded\">\u2013 Det er en konsekvent prioritering av et \u00f8konomisk blikk p\u00e5 Ukraina, i stedet for et milit\u00e6rstrategisk. Hverken Witkoff eller Kushner vet noe om milit\u00e6rstrategi. Dette handler om \u00e5 lage deals, og det er ekstremt farlig for Ukraina. <\/p>\n<p><img alt=\"Donald Trump.  Foto: PATRICK SMITH \/ AFP \/ NTB\" class=\"_image_qp4xg_65 layout-component layout-normal\" data-fullscreen- data-track-element-type=\"Article image fullscreen\" data-track-name=\"ImageFullscreen\" decoding=\"async\" loading=\"lazy\" height=\"4000\" itemprop=\"image\"  src=\"https:\/\/www.europesays.com\/no\/wp-content\/uploads\/2025\/12\/913cc878-392e-4bd0-9c7b-10aef8be0da5\"  style=\"object-position:0% 0%\" width=\"6000\"\/>Donald Trump.  Foto: PATRICK SMITH \/ AFP \/ NTB<\/p>\n<p class=\"_paragraph_o9xde_4 _paragraph_xtcu6_10 layout-component text-serif-m layout-normal text-serif-m layout-padded\">\u2013 Jeg tror ikke Trump forst\u00e5r forskjellen p\u00e5 eiendomshandel og internasjonal politikk. Det \u00e5 \u00e5pne levende samfunn og dele dem i to, slik vi ser i Gaza og Ukraina, det er veldig mye mer komplisert enn \u00e5 snakke om et territorium. Disse fredsplanene er ikke forankret i de lokale forholdene, sier Neumann. <\/p>\n<p> Fryse russiske midler<\/p>\n<p class=\"_paragraph_o9xde_4 _paragraph_xtcu6_10 layout-component text-serif-m layout-normal text-serif-m layout-padded\">Det er en hardt presset ukrainsk president som reiser til toppm\u00f8tet mandag. Nylig gikk ogs\u00e5 Zelenskyjs egen stabssjef av, i kj\u00f8levannet av en ny korrupsjonsskandale. <\/p>\n<p class=\"_paragraph_o9xde_4 _paragraph_xtcu6_10 layout-component text-serif-m layout-normal text-serif-m layout-padded\">\u2013 Ukraina har liten amerikansk st\u00f8tte og Europa strever med \u00e5 finansiere kj\u00f8p av amerikanske v\u00e5pen. Det skylder unnfallenhet fra land som Norge, som ikke vil v\u00e6re med p\u00e5 \u00e5 garantere at \u00f8konomiske fond skal v\u00e6re tilgjengelig, sier Neumann.<\/p>\n<p class=\"_paragraph_o9xde_4 _paragraph_xtcu6_10 layout-component text-serif-m layout-normal text-serif-m layout-padded\">EUs ledere forhandler n\u00e5 om muligheten til \u00e5 bruke fryste russiske midler i Europa til \u00e5 utbetale et s\u00e5kalt erstatningsl\u00e5n til Ukraina. Avgj\u00f8relsen skal tas p\u00e5 et toppm\u00f8te denne uken.<\/p>\n<p><img alt=\"FRYSTE MIDLER: Demostrasjon i Brussel for \u00e5 gi Ukraina tilgang til fryste russiske midler.   Foto: OLIVIER HOSLET \/ EPA \/ NTB\" class=\"_image_qp4xg_65 layout-component layout-normal\" data-fullscreen- data-track-element-type=\"Article image fullscreen\" data-track-name=\"ImageFullscreen\" decoding=\"async\" loading=\"lazy\" height=\"2965\" itemprop=\"image\"  src=\"https:\/\/www.europesays.com\/no\/wp-content\/uploads\/2025\/12\/a082facc-e996-4592-a48a-5c8c164888cc\"  style=\"object-position:0% 0%\" width=\"5385\"\/>FRYSTE MIDLER: Demostrasjon i Brussel for \u00e5 gi Ukraina tilgang til fryste russiske midler.   Foto: OLIVIER HOSLET \/ EPA \/ NTB<\/p>\n<p class=\"_paragraph_o9xde_4 _paragraph_xtcu6_10 layout-component text-serif-m layout-normal text-serif-m layout-padded\">Fredag fr\u00f8s EU russiske midler i Europa p\u00e5 ubestemt tid, slik at medlemslandene ikke trenger \u00e5 stemme over frysingen av midler hver sjette m\u00e5ned. <\/p>\n<p class=\"_paragraph_o9xde_4 _paragraph_xtcu6_10 layout-component text-serif-m layout-normal text-serif-m layout-padded\">Dette ble gjennomf\u00f8rt ved \u00e5 benytte en prosedyre for \u00f8konomiske n\u00f8dstilfeller, slik at de Russland-vennlige regjeringene i Ungarn og Slovakia ikke skulle kunne blokkere bruken av midlene til st\u00f8tte for Ukraina.<\/p>\n<p class=\"_paragraph_o9xde_4 _paragraph_xtcu6_10 layout-component text-serif-m layout-normal text-serif-m layout-padded\">S\u00e5 langt utgj\u00f8r de fryste russiske midlene i Europa som omfattes av regelendringen, rundt 210 milliarder euro. Det tilsvarer rundt 2500 milliarder norske kroner.<\/p>\n<p class=\"_paragraph_o9xde_4 _paragraph_xtcu6_10 layout-component text-serif-m layout-normal text-serif-m layout-padded\">Russland har reagert kraftig p\u00e5 planene om \u00e5 bruke pengene til \u00e5 st\u00f8tte Ukraina, og har truet med gjengjeldelse. Fredag gikk den russiske sentralbanken til <a href=\"https:\/\/apnews.com\/article\/russia-frozen-assets-belgium-eu-euroclear-sanctions-b378cb2bf74bd79175930b8ca991c1cc\" class=\"_link_o9xde_39\" rel=\"nofollow noopener\" target=\"_blank\">s\u00f8ksm\u00e5l<\/a> mot belgiske Euroclear, hvor de fleste russiske midlene st\u00e5r fryst.<\/p>\n","protected":false},"excerpt":{"rendered":"Steve Witkoff og Jared Kushner m\u00f8ter Ukrainas president og europeiske statsledere i Berlin mandag. Ukraina har gitt sine&hellip;\n","protected":false},"author":2,"featured_media":113425,"comment_status":"","ping_status":"","sticky":false,"template":"","format":"standard","meta":{"footnotes":""},"categories":[12],"tags":[20,21,24,25,15,22,23,13,30,28,29,14,16,363,26,27,42,43,44,45],"class_list":{"0":"post-113424","1":"post","2":"type-post","3":"status-publish","4":"format-standard","5":"has-post-thumbnail","7":"category-verden","8":"tag-breaking-news","9":"tag-breakingnews","10":"tag-featured-news","11":"tag-featurednews","12":"tag-headlines","13":"tag-latest-news","14":"tag-latestnews","15":"tag-news","16":"tag-no","17":"tag-norge","18":"tag-norway","19":"tag-nyheter","20":"tag-overskrifter","21":"tag-steve-witkoff","22":"tag-top-stories","23":"tag-topstories","24":"tag-verden","25":"tag-world","26":"tag-world-news","27":"tag-worldnews"},"share_on_mastodon":{"url":"https:\/\/pubeurope.com\/@no\/115721341994695624","error":""},"_links":{"self":[{"href":"https:\/\/www.europesays.com\/no\/wp-json\/wp\/v2\/posts\/113424","targetHints":{"allow":["GET"]}}],"collection":[{"href":"https:\/\/www.europesays.com\/no\/wp-json\/wp\/v2\/posts"}],"about":[{"href":"https:\/\/www.europesays.com\/no\/wp-json\/wp\/v2\/types\/post"}],"author":[{"embeddable":true,"href":"https:\/\/www.europesays.com\/no\/wp-json\/wp\/v2\/users\/2"}],"replies":[{"embeddable":true,"href":"https:\/\/www.europesays.com\/no\/wp-json\/wp\/v2\/comments?post=113424"}],"version-history":[{"count":0,"href":"https:\/\/www.europesays.com\/no\/wp-json\/wp\/v2\/posts\/113424\/revisions"}],"wp:featuredmedia":[{"embeddable":true,"href":"https:\/\/www.europesays.com\/no\/wp-json\/wp\/v2\/media\/113425"}],"wp:attachment":[{"href":"https:\/\/www.europesays.com\/no\/wp-json\/wp\/v2\/media?parent=113424"}],"wp:term":[{"taxonomy":"category","embeddable":true,"href":"https:\/\/www.europesays.com\/no\/wp-json\/wp\/v2\/categories?post=113424"},{"taxonomy":"post_tag","embeddable":true,"href":"https:\/\/www.europesays.com\/no\/wp-json\/wp\/v2\/tags?post=113424"}],"curies":[{"name":"wp","href":"https:\/\/api.w.org\/{rel}","templated":true}]}}