{"id":113429,"date":"2025-12-15T03:22:17","date_gmt":"2025-12-15T03:22:17","guid":{"rendered":"https:\/\/www.europesays.com\/no\/113429\/"},"modified":"2025-12-15T03:22:17","modified_gmt":"2025-12-15T03:22:17","slug":"joder-ma-kunne-fole-seg-trygge","status":"publish","type":"post","link":"https:\/\/www.europesays.com\/no\/113429\/","title":{"rendered":"J\u00f8der m\u00e5 kunne f\u00f8le seg trygge"},"content":{"rendered":"\n<p class=\"_prefix_nfjwc_1 layout-padded\">Meninger<br \/>Leder<\/p>\n<p class=\"_lead_o9xde_2 _lead_xtcu6_50 layout-component text-serif-m layout-normal text-serif-l _lead_13cug_13 layout-component layout-normal layout-padded layout-padded\">V\u00e5re tanker g\u00e5r til alle j\u00f8der rundt i verden som f\u00f8ler uro og redsel. <\/p>\n<p><img alt=\"En j\u00f8disk mann tar seg til hodet ved siden av politifolk ved Bondi Beach i Sydney s\u00f8ndag. Foto: DAVID GRAY \/ AFP \/ NTB\" class=\"_image_qp4xg_65 layout-component layout-wide\" data-fullscreen- data-track-element-type=\"Article image fullscreen\" data-track-name=\"ImageFullscreen\" fetchpriority=\"high\" decoding=\"sync\" loading=\"eager\" height=\"3662\" itemprop=\"image\"  src=\"https:\/\/www.europesays.com\/no\/wp-content\/uploads\/2025\/12\/bffdc2ca-1558-42a3-83cd-251c92de3146\"  style=\"object-position:0% 0%\" width=\"5493\"\/>En j\u00f8disk mann tar seg til hodet ved siden av politifolk ved Bondi Beach i Sydney s\u00f8ndag. Foto: DAVID GRAY \/ AFP \/ NTBS\u00f8ndag 14. desember kl. 20:27     <\/p>\n<p class=\"_paragraph_o9xde_4 _paragraph_xtcu6_10 layout-component text-serif-m layout-normal text-serif-m layout-padded\">Et tusentall barn og voksne var samlet til en j\u00f8disk lysfest da to menn begynte \u00e5 skyte vilt mot menneskemengden.<\/p>\n<p class=\"_paragraph_o9xde_4 _paragraph_xtcu6_10 layout-component text-serif-m layout-normal text-serif-m layout-padded\">Det var et m\u00e5lrettet terrorangrep mot j\u00f8diske australiere.<\/p>\n<p class=\"_paragraph_o9xde_4 _paragraph_xtcu6_10 layout-component text-serif-m layout-normal text-serif-m layout-padded\"><a href=\"https:\/\/www.vg.no\/tag\/australia?utm_source=vg-article&amp;utm_medium=auto-tagger&amp;utm_campaign=7plAEK\" class=\"_link_o9xde_39\" rel=\"nofollow noopener\" target=\"_blank\">Australia<\/a> har hatt en ekstrem \u00f8kning i antisemittisme de siste \u00e5rene, men ogs\u00e5 i mange andre land i verden har j\u00f8der f\u00e5tt f\u00f8le p\u00e5 fiendskapen.<\/p>\n<p class=\"_paragraph_o9xde_4 _paragraph_xtcu6_10 layout-component text-serif-m layout-normal text-serif-m layout-padded\">Det m\u00e5 v\u00e6re en selvf\u00f8lge at j\u00f8der skal kunne f\u00f8le seg trygge over hele verden.<\/p>\n<p class=\"_paragraph_o9xde_4 _paragraph_xtcu6_10 layout-component text-serif-m layout-normal text-serif-m layout-padded\">Terrorangrepet mot Bondi Beach i Sydney er grufullt, og et tegn p\u00e5 det er viktig \u00e5 sl\u00e5 ring rundt j\u00f8der overalt, ogs\u00e5 her i Norge.<\/p>\n<p class=\"_paragraph_o9xde_4 _paragraph_xtcu6_10 layout-component text-serif-m layout-normal text-serif-m layout-padded\">Forst\u00e5elig nok har angrepet i Australia skapt frykt ogs\u00e5 blant norske j\u00f8der. Over hele Skandinavia blir n\u00e5 beredskapen h\u00f8ynet. Dessverre er det helt n\u00f8dvendig.<\/p>\n<p class=\"_paragraph_o9xde_4 _paragraph_xtcu6_10 layout-component text-serif-m layout-normal text-serif-m layout-padded\">J\u00f8dene i Australia har advart mot \u00f8kt antisemittisme i landet, de anklager n\u00e5 regjeringen for at de ikke har gjort nok for deres sikkerhet \u2013 og er usikre p\u00e5 om de som j\u00f8der har noen fremtid i landet.<\/p>\n<p class=\"_paragraph_o9xde_4 _paragraph_xtcu6_10 layout-component text-serif-m layout-normal text-serif-m layout-padded\">Det var en ondskapsfull terrorhandling rettet mot en folkegruppe.<\/p>\n<p class=\"_paragraph_o9xde_4 _paragraph_xtcu6_10 layout-component text-serif-m layout-normal text-serif-m layout-padded\">Et uforst\u00e5elig hat.<\/p>\n<p class=\"_paragraph_o9xde_4 _paragraph_xtcu6_10 layout-component text-serif-m layout-normal text-serif-m layout-padded\">Minst 16 personer har mistet livet etter masseskytingen ved den verdenskjente stranden Bondi Beach i Sydney. 40 er p\u00e5 sykehus.<\/p>\n<p class=\"_paragraph_o9xde_4 _paragraph_xtcu6_10 layout-component text-serif-m layout-normal text-serif-m layout-padded\">Det var et feigt angrep med bruk av presisjonsv\u00e5pen fra langt hold.<\/p>\n<p class=\"_paragraph_o9xde_4 _paragraph_xtcu6_10 layout-component text-serif-m layout-normal text-serif-m layout-padded\">Australia har opplevd en rekke antisemittiske angrep p\u00e5 synagoger, skoler, bygninger og biler siden starten p\u00e5 krigen i Gaza i oktober 2023.<\/p>\n<p class=\"_paragraph_o9xde_4 _paragraph_xtcu6_10 layout-component text-serif-m layout-normal text-serif-m layout-padded\">Australske j\u00f8der har f\u00e5tt f\u00f8le hatet p\u00e5 kroppen. For halvannet \u00e5r siden valgte Australias statsminister derfor \u00e5 utnevne en ombudsmann i kampen mot antisemittisme. <\/p>\n<p class=\"_paragraph_o9xde_4 _paragraph_xtcu6_10 layout-component text-serif-m layout-normal text-serif-m layout-padded\">\u2013 Antisemittismen i Australia akkurat n\u00e5 er sjokkerende og dypt urovekkende, skrev denne utsendingen, Jillian Segal, <a href=\"https:\/\/www.aseca.gov.au\/news\/article\/appointment-remarks\" class=\"_link_o9xde_39\" rel=\"nofollow noopener\" target=\"_blank\">p\u00e5 sin hjemmeside<\/a>.<\/p>\n<p class=\"_paragraph_o9xde_4 _paragraph_xtcu6_10 layout-component text-serif-m layout-normal text-serif-m layout-padded\">Rett etter 7. oktober-angrepet var det en \u00f8kning i antisemittisme p\u00e5 over 700 prosent, if\u00f8lge henne. Sommeren 2024 var det fortsatt 400\u2013500 prosent h\u00f8yere enn tidligere.<\/p>\n<p class=\"_paragraph_o9xde_4 _paragraph_xtcu6_10 layout-component text-serif-m layout-normal text-serif-m layout-padded\">Det handlet om j\u00f8diske foreldre som var bekymret for \u00e5 sende barna sine p\u00e5 skolen, om j\u00f8diske kunstnere og musikere som ble utsatt for utestengelse, j\u00f8diske sm\u00e5bedriftseiere som mistet livsgrunnlaget sitt p\u00e5 grunn av boikott og h\u00e6rverk.<\/p>\n<p class=\"_paragraph_o9xde_4 _paragraph_xtcu6_10 layout-component text-serif-m layout-normal text-serif-m layout-padded\">Av 27 millioner australiere identifiserer 150.000 mennesker seg som j\u00f8der. Omkring en tredjedel av disse bor i Sydney.<\/p>\n<p class=\"_paragraph_o9xde_4 _paragraph_xtcu6_10 layout-component text-serif-m layout-normal text-serif-m layout-padded\">Hendelsen i Sydney noe som bare skal ford\u00f8mmes p\u00e5 det sterkeste og etterforskes n\u00f8ye. <\/p>\n<p class=\"_paragraph_o9xde_4 _paragraph_xtcu6_10 layout-component text-serif-m layout-normal text-serif-m layout-padded\">Lederen for delstatsregjeringen i New South Wales, Chris Minns, gj\u00f8r det eneste rette n\u00e5r han ber \u00aballe australiere ta h\u00e5nd om v\u00e5re j\u00f8diske venner etter denne dag\u00bb.<\/p>\n<p class=\"_paragraph_o9xde_4 _paragraph_xtcu6_10 layout-component text-serif-m layout-normal text-serif-m layout-padded\">Vi vet enn\u00e5 ikke hvem som sto bak masseskytingen, ut over at den ene er drept og den andre hardt skadet. Vi har ogs\u00e5 sett video av en helt \u2013 angivelig en muslim \u2013 som overmannet den ene skytteren, tok fra ham v\u00e5penet og kanskje reddet mange menneskeliv.<\/p>\n<p class=\"_paragraph_o9xde_4 _paragraph_xtcu6_10 layout-component text-serif-m layout-normal text-serif-m layout-padded\">Det eneste vi vet med sikkerhet, er at den ene av angriperne skal ha v\u00e6rt p\u00e5 den australske sikkerhetstjenestens radar, dog uten at de antok at det var noen umiddelbar fare for at han skulle beg\u00e5 en alvorlig terroraksjon. Det viser hvor vanskelig det er \u00e5 holde kontroll med alle mulige trusler.<\/p>\n<p class=\"_paragraph_o9xde_4 _paragraph_xtcu6_10 layout-component text-serif-m layout-normal text-serif-m layout-padded\">Vi har alle et ansvar for at j\u00f8diske nordmenn skal f\u00f8le seg trygge.<\/p>\n<p class=\"_paragraph_o9xde_4 _paragraph_xtcu6_10 layout-component text-serif-m layout-normal text-serif-m layout-padded\">PS: Hanukka feires for \u00e5 minnes gjeninnvielsen av det hellige tempelet i Jerusalem for dr\u00f8yt 2000 \u00e5r siden. J\u00f8dene gjenerobret tempelet. Til minne om dette tennes det under lysfesten hver kveld et nytt lys i den niarmede hanukka-lysestaken.<\/p>\n<p>      Dette er en leder. Lederen gir uttrykk for VGs holdning. Lederartiklene legger ikke f\u00f8ringer for v\u00e5r nyhetsdekning. <\/p>\n","protected":false},"excerpt":{"rendered":"MeningerLeder V\u00e5re tanker g\u00e5r til alle j\u00f8der rundt i verden som f\u00f8ler uro og redsel. En j\u00f8disk mann&hellip;\n","protected":false},"author":2,"featured_media":113430,"comment_status":"","ping_status":"","sticky":false,"template":"","format":"standard","meta":{"footnotes":""},"categories":[10],"tags":[47,20,21,24,25,53,15,1154,22,23,13,30,28,29,14,16,26,27],"class_list":{"0":"post-113429","1":"post","2":"type-post","3":"status-publish","4":"format-standard","5":"has-post-thumbnail","7":"category-norge","8":"tag-australia","9":"tag-breaking-news","10":"tag-breakingnews","11":"tag-featured-news","12":"tag-featurednews","13":"tag-gaza","14":"tag-headlines","15":"tag-jodehat","16":"tag-latest-news","17":"tag-latestnews","18":"tag-news","19":"tag-no","20":"tag-norge","21":"tag-norway","22":"tag-nyheter","23":"tag-overskrifter","24":"tag-top-stories","25":"tag-topstories"},"share_on_mastodon":{"url":"https:\/\/pubeurope.com\/@no\/115721440145472041","error":""},"_links":{"self":[{"href":"https:\/\/www.europesays.com\/no\/wp-json\/wp\/v2\/posts\/113429","targetHints":{"allow":["GET"]}}],"collection":[{"href":"https:\/\/www.europesays.com\/no\/wp-json\/wp\/v2\/posts"}],"about":[{"href":"https:\/\/www.europesays.com\/no\/wp-json\/wp\/v2\/types\/post"}],"author":[{"embeddable":true,"href":"https:\/\/www.europesays.com\/no\/wp-json\/wp\/v2\/users\/2"}],"replies":[{"embeddable":true,"href":"https:\/\/www.europesays.com\/no\/wp-json\/wp\/v2\/comments?post=113429"}],"version-history":[{"count":0,"href":"https:\/\/www.europesays.com\/no\/wp-json\/wp\/v2\/posts\/113429\/revisions"}],"wp:featuredmedia":[{"embeddable":true,"href":"https:\/\/www.europesays.com\/no\/wp-json\/wp\/v2\/media\/113430"}],"wp:attachment":[{"href":"https:\/\/www.europesays.com\/no\/wp-json\/wp\/v2\/media?parent=113429"}],"wp:term":[{"taxonomy":"category","embeddable":true,"href":"https:\/\/www.europesays.com\/no\/wp-json\/wp\/v2\/categories?post=113429"},{"taxonomy":"post_tag","embeddable":true,"href":"https:\/\/www.europesays.com\/no\/wp-json\/wp\/v2\/tags?post=113429"}],"curies":[{"name":"wp","href":"https:\/\/api.w.org\/{rel}","templated":true}]}}