{"id":113433,"date":"2025-12-15T03:29:15","date_gmt":"2025-12-15T03:29:15","guid":{"rendered":"https:\/\/www.europesays.com\/no\/113433\/"},"modified":"2025-12-15T03:29:15","modified_gmt":"2025-12-15T03:29:15","slug":"stoppet-gjerningsmannen-hylles-som-helt","status":"publish","type":"post","link":"https:\/\/www.europesays.com\/no\/113433\/","title":{"rendered":"Stoppet gjerningsmannen: Hylles som helt"},"content":{"rendered":"<p class=\"kicker \" style=\"\">Terrorangrepet i Australia:<\/p>\n<p>  Ahmed al Ahmed stoppet og avv\u00e6pnet en av de to gjerningsmennene under terrorangrepet p\u00e5 Bondi Beach i Sydney. N\u00e5 hylles han som en helt.<\/p>\n<p>Politiet bekrefter at minst 16 personer er drept og 40 skadd etter skyting under en Hanukka-feiring p\u00e5 Bondi Beach i Sydney, Australia.<\/p>\n<p>Skytingen startet rundt 18.30 lokal tid. Stranden var da full av mennesker, og delstatsminister Chris Minns har beskrevet skytingen som et \u00abm\u00e5lrettet angrep mot j\u00f8der\u00bb.<\/p>\n<p>En video viser hvordan en privatperson griper inn:<\/p>\n<p>&#8211; Jeg tror det er det mest utrolige jeg har sett, sa Minns p\u00e5 en pressekonferanse.<\/p>\n<p>        TERROR: New South Wales f\u00f8rsteminister, Chris Minns, omtaler skytingen p\u00e5 Bondi Beach som \u00abterror\u00bb rettet mot j\u00f8der.<\/p>\n<p>&#8211; En helt\t<\/p>\n<p> N\u00e5 er privatpersonen som grep inn identifisert som Ahmed al Ahmed (43), en frukthandler og tobarnsfar fra Sutherland, like utenfor Sydney.<\/p>\n<p>Han skal ikke ha hatt erfaring med v\u00e5pen, men bestemte seg for \u00e5 gripe inn da han gikk forbi.\u00a0<\/p>\n<p>Videoer viser hvordan Ahmed skal ha sneket seg innp\u00e5 skytteren bakfra, f\u00f8r han hopper p\u00e5 ham og avv\u00e6pner ham. Han fyrer s\u00e5 av et skudd mot gjerningsmannen som halter av g\u00e5rde.<\/p>\n<p>        <img loading=\"lazy\" decoding=\"async\" src=\"https:\/\/www.europesays.com\/no\/wp-content\/uploads\/2025\/12\/83983195.webp\" width=\"980\" height=\"559\" title=\"HELT: Ahmed al Ahmed avv\u00e6pnet en av skytterne. FOTO: X.\" alt=\"\" class=\"\" style=\"--aspect-ratio-image: 1.75; \"\/><\/p>\n<p>\n        HELT: Ahmed al Ahmed avv\u00e6pnet en av skytterne. FOTO: X.\n    <\/p>\n<p>&#8211; En mann som opps\u00f8ker en skytter som skyter mot lokalsamfunnet, og som helt p\u00e5 egen h\u00e5nd avv\u00e6pner ham. Som er villig til \u00e5 risikere sitt eget liv for \u00e5 redde tall\u00f8se andre. Den mannen er en ekte helt. Jeg har ingen tvil om at det er mange personer som er i live i kveld p\u00e5 grunn av hans mot, sier Minns.<\/p>\n<p>Ogs\u00e5 USAs president Donald Trump roser Ahmed if\u00f8lge <a href=\"https:\/\/news.sky.com\/story\/bondi-beach-latest-two-in-custody-after-reports-of-shooting-in-sydney-13483176\" rel=\"nofollow noopener\" target=\"_blank\">Sky News<\/a>.<\/p>\n<p>&#8211; Stor respekt til den veldig modige mannen som angrep en av gjerningspersonene og reddet mange liv, sier Trump.<\/p>\n<p>En av gjerningspersonene skal n\u00e5 v\u00e6re drept.<\/p>\n<p>Skutt\t<\/p>\n<p>Ahmed ble selv skutt to ganger under hendelsen og befinner seg n\u00e5 p\u00e5 sykehus.<\/p>\n<p>&#8211; Vi vet ikke n\u00f8yaktig hvordan det g\u00e5r med ham, men vi h\u00e5per han blir bra. Han er en ekte helt.<\/p>\n<p>Det sa Ahmeds fetter Mustafa til <a href=\"https:\/\/7news.com.au\/news\/bondi-beach-shooting-gunmen-open-fire-at-australias-most-famous-beach-with-fears-of-multiple-dead-c-21000601?utm_source=sdrn%3Avg%3Aarticle%3AxrRjLR\" rel=\"nofollow noopener\" target=\"_blank\">7News<\/a>. Han opplyste ogs\u00e5 om at frukthandleren blir operert natt til mandag lokal tid.\u00a0<\/p>\n<p>    <a itemprop=\"url\" href=\"https:\/\/www.dagbladet.no\/nyheter\/dypt-opprorende\/83982182\" rel=\"nofollow noopener\" target=\"_blank\"><\/p>\n<p>        <img loading=\"lazy\" decoding=\"async\" src=\"https:\/\/www.europesays.com\/no\/wp-content\/uploads\/2025\/12\/83982224.webp\" width=\"980\" height=\"441\" title=\"- Dypt oppr\u00f8rende\" alt=\"\" class=\"\" style=\"--aspect-ratio-image: 2.22; \"\/><\/p>\n<p>        &#8211; Dypt oppr\u00f8rende<\/p>\n<p>    <\/a><\/p>\n<p>Holocaust-overlevende drept\t<\/p>\n<p>Israels utenriksdepartement har bekreftet at en israelsk statsborger er blant de omkomne, mens en annen er skadd, skriver ABC News.<\/p>\n<p>Ogs\u00e5 holocaust-overlevende og rabbiner Alex Kleytman er drept, opplyser hans kone Larisa i et intervju med\u00a0<a href=\"https:\/\/www.theaustralian.com.au\/subscribe\/news\/1\/?sourceCode=TAWEB_WRE170_a&amp;dest=https%3A%2F%2Fwww.theaustralian.com.au%2Fnation%2Frabbi-fatheroffive-holocaust-survivor-are-among-12-dead%2Fnews-story%2F5f417cff96f88a6d2ddced463f54a610&amp;memtype=anonymous&amp;mode=premium&amp;v21=GROUPB-Segment-1-NOSCORE&amp;V21spcbehaviour=append\" rel=\"nofollow noopener\" target=\"_blank\">The Australian<\/a>.<\/p>\n<p>Ekteparet flyttet fra Ukraina til Australia og var gift i 57 \u00e5r. Kleytman etterlater seg to barn og elleve barnebarn.<\/p>\n<p>S\u00f8ndag kveld melder <a href=\"https:\/\/www.abc.net.au\/news\/2025-12-15\/bondi-beach-shooting-terrorist-attack\/106142446\" rel=\"nofollow noopener\" target=\"_blank\">ABC<\/a> at en 10-\u00e5r gammel jente er blant de drepte.<\/p>\n<p>Ofrene skal v\u00e6re mellom 10 og 87 \u00e5r gamle.<\/p>\n<p>        BONDI BEACH: Videoer publisert i sosiale medier fra Bondi Beach viser to m\u00f8rkkledde menn som avfyrer skudd mot en folkemengde. Video: X.<\/p>\n","protected":false},"excerpt":{"rendered":"Terrorangrepet i Australia: Ahmed al Ahmed stoppet og avv\u00e6pnet en av de to gjerningsmennene under terrorangrepet p\u00e5 Bondi&hellip;\n","protected":false},"author":2,"featured_media":113434,"comment_status":"","ping_status":"","sticky":false,"template":"","format":"standard","meta":{"footnotes":""},"categories":[10],"tags":[20,21,24,25,15,22,23,13,30,28,29,14,16,26,27,412],"class_list":{"0":"post-113433","1":"post","2":"type-post","3":"status-publish","4":"format-standard","5":"has-post-thumbnail","7":"category-norge","8":"tag-breaking-news","9":"tag-breakingnews","10":"tag-featured-news","11":"tag-featurednews","12":"tag-headlines","13":"tag-latest-news","14":"tag-latestnews","15":"tag-news","16":"tag-no","17":"tag-norge","18":"tag-norway","19":"tag-nyheter","20":"tag-overskrifter","21":"tag-top-stories","22":"tag-topstories","23":"tag-utenriks"},"share_on_mastodon":{"url":"https:\/\/pubeurope.com\/@no\/115721467833663301","error":""},"_links":{"self":[{"href":"https:\/\/www.europesays.com\/no\/wp-json\/wp\/v2\/posts\/113433","targetHints":{"allow":["GET"]}}],"collection":[{"href":"https:\/\/www.europesays.com\/no\/wp-json\/wp\/v2\/posts"}],"about":[{"href":"https:\/\/www.europesays.com\/no\/wp-json\/wp\/v2\/types\/post"}],"author":[{"embeddable":true,"href":"https:\/\/www.europesays.com\/no\/wp-json\/wp\/v2\/users\/2"}],"replies":[{"embeddable":true,"href":"https:\/\/www.europesays.com\/no\/wp-json\/wp\/v2\/comments?post=113433"}],"version-history":[{"count":0,"href":"https:\/\/www.europesays.com\/no\/wp-json\/wp\/v2\/posts\/113433\/revisions"}],"wp:featuredmedia":[{"embeddable":true,"href":"https:\/\/www.europesays.com\/no\/wp-json\/wp\/v2\/media\/113434"}],"wp:attachment":[{"href":"https:\/\/www.europesays.com\/no\/wp-json\/wp\/v2\/media?parent=113433"}],"wp:term":[{"taxonomy":"category","embeddable":true,"href":"https:\/\/www.europesays.com\/no\/wp-json\/wp\/v2\/categories?post=113433"},{"taxonomy":"post_tag","embeddable":true,"href":"https:\/\/www.europesays.com\/no\/wp-json\/wp\/v2\/tags?post=113433"}],"curies":[{"name":"wp","href":"https:\/\/api.w.org\/{rel}","templated":true}]}}