{"id":113435,"date":"2025-12-15T03:36:48","date_gmt":"2025-12-15T03:36:48","guid":{"rendered":"https:\/\/www.europesays.com\/no\/113435\/"},"modified":"2025-12-15T03:36:48","modified_gmt":"2025-12-15T03:36:48","slug":"snokanonene-var-i-gang-men-sa-kom-mildvaeret-na-venter-de-bare-pa-en-ting-bladet-vesteralen","status":"publish","type":"post","link":"https:\/\/www.europesays.com\/no\/113435\/","title":{"rendered":"Sn\u00f8kanonene var i gang, men s\u00e5 kom mildv\u00e6ret. N\u00e5 venter de bare p\u00e5 \u00e9n ting &#8211; Bladet Vester\u00e5len"},"content":{"rendered":"<ol>\n<li><a href=\"https:\/\/news.google.com\/rss\/articles\/CBMiywFBVV95cUxOOW16Qmg3eFJQdTBlQ1lZdF8waFBMbHNhLTRXSEZCaVRXTUJuTTFxaG9TSkRka2J5UDdEa2huX2FQWmRweTNpRms2aXc1TU54aFFKbkVYUzl1VkZDeFE5ZzUzM2JqYTVSUmdvQU5xeGN2SmFvRHFrSlZ1Q0libGZYeldhcVVPbnA1MUdVTWpIdWRoaDZWQWZSTlFhMndLT0VkSm1XekFIQ3V5SlVXalgyQXpCbkV1YkFDRHBoWW40SDYyc21xT2t3eEVXUQ?oc=5\" target=\"_blank\" rel=\"nofollow noopener\">Sn\u00f8kanonene var i gang, men s\u00e5 kom mildv\u00e6ret. N\u00e5 venter de bare p\u00e5 \u00e9n ting<\/a>&nbsp;&nbsp;Bladet Vester\u00e5len<\/li>\n<li><a href=\"https:\/\/news.google.com\/rss\/articles\/CBMiyAFBVV95cUxPNGpqanZZYWtRRzZmXzJhWkJOc1NqVGpRdkVTR0k4ZnM0dDdaMHJrZndJZUJFdUdrTDRJblIyWjA4SFU2RFZSMF83XzZlS09GcmVsMGxIN0c4akJTSURoZVpaQVlUVVpNYW1DbWJyOWpvX2tQLUE0WWFqTy1fRm1CcUR0aFdCZGxLZGo5bTVzaUhOelNjQ1diVklOVDFFV05zN0M1aEJJX2hZeFgzUk9la18yY0dkX1JyYjNKcVpJLVJWak9kdjhjNw?oc=5\" target=\"_blank\" rel=\"nofollow noopener\">Mildv\u00e6ret gj\u00f8r det vanskelig for alpinanleggene: P\u00e5l Nakken hos Tusten i Molde m\u00e5 trolig stenge<\/a>&nbsp;&nbsp;NRK<\/li>\n<li><a href=\"https:\/\/news.google.com\/rss\/articles\/CBMitAFBVV95cUxQZEpQWFY3T0ZXNTlEV1p2N3l1WHhMVG4wTXJIeGdXUnpRV0pYR1BUbERnUlVCeWlBQU4zOTZrY2hDQUtnOXZzS2RZR3ZhMkNyalhLbndZZjF6eXdlblo0bVVUX1hTV0lHMVI3VXpsTkRuWTN6bklfdlg0V0ZFVHlFaWN3N1R2VG5BSVRUSkVTYWFyZnZxMmhfU2FOdWNWU2pYb0pNazFOaVI2MklidWZiQk1ld0g?oc=5\" target=\"_blank\" rel=\"nofollow noopener\">Mildv\u00e6r skaper julekrise for alpinanlegg: \u2013 En fortvilet situasjon<\/a>&nbsp;&nbsp;adressa.no<\/li>\n<li><a href=\"https:\/\/news.google.com\/rss\/articles\/CBMijgFBVV95cUxNVjBxdXJfc01ESlhXenE5NEJ4Qk4yU3BiQy1UOWVRWDFIbW42VVpSZTBHMUQ2cWVaS25ONnphbVN6UF9oaDNhNXBRcXIwTHh3TWU1UUExSXVTUlNKZjJxc3hZVGhTYnQxWFdmVU5FaVRlMmYzQTBXQ2dDNzV5ZTU2Ynd1ZmIxb1ctX0JsZEpB?oc=5\" target=\"_blank\" rel=\"nofollow noopener\">R\u00e6lingen, Marikollen Skisenter | Krise for skisentrene: \u2013 M\u00e5 fylle tida med juleverksted<\/a>&nbsp;&nbsp;Romerikes Blad<\/li>\n<li><a href=\"https:\/\/news.google.com\/rss\/articles\/CBMivAFBVV95cUxPUkVBRjZ5Yk1vM0tiMEJpZjA3RlNvRG51UDdkZGxET0xmblV3TXRzcE1rMXVaUXlONlNjUzhOMEZycURQQ2I2RllVcnBJUTk2ZlFNejVRSV9MVjdXR0xaWHNGY2NoWE5lNVhwQUUzLWVpZEl6WEFJYlRFOUtTb3ZDdUVzS3ozZWN6ZUJvS1c4Q2dPOE9wRFp1Zy1HVjNmZFZsRzBUWjlMQ1YzaEVOU1hhbnA2elFDSUhQaUFiWA?oc=5\" target=\"_blank\" rel=\"nofollow noopener\">Luster | Sn\u00f8fattig desember frustrerer: \u2013 Det er veldig negativt for drifta av eit skisenter<\/a>&nbsp;&nbsp;Sogn Avis<\/li>\n<\/ol>\n","protected":false},"excerpt":{"rendered":"Sn\u00f8kanonene var i gang, men s\u00e5 kom mildv\u00e6ret. N\u00e5 venter de bare p\u00e5 \u00e9n ting&nbsp;&nbsp;Bladet Vester\u00e5len Mildv\u00e6ret gj\u00f8r&hellip;\n","protected":false},"author":2,"featured_media":113436,"comment_status":"","ping_status":"","sticky":false,"template":"","format":"standard","meta":{"footnotes":""},"categories":[10],"tags":[20,21,24,25,15,22,23,13,30,28,29,14,16,26,27],"class_list":{"0":"post-113435","1":"post","2":"type-post","3":"status-publish","4":"format-standard","5":"has-post-thumbnail","7":"category-norge","8":"tag-breaking-news","9":"tag-breakingnews","10":"tag-featured-news","11":"tag-featurednews","12":"tag-headlines","13":"tag-latest-news","14":"tag-latestnews","15":"tag-news","16":"tag-no","17":"tag-norge","18":"tag-norway","19":"tag-nyheter","20":"tag-overskrifter","21":"tag-top-stories","22":"tag-topstories"},"share_on_mastodon":{"url":"https:\/\/pubeurope.com\/@no\/115721498963549343","error":""},"_links":{"self":[{"href":"https:\/\/www.europesays.com\/no\/wp-json\/wp\/v2\/posts\/113435","targetHints":{"allow":["GET"]}}],"collection":[{"href":"https:\/\/www.europesays.com\/no\/wp-json\/wp\/v2\/posts"}],"about":[{"href":"https:\/\/www.europesays.com\/no\/wp-json\/wp\/v2\/types\/post"}],"author":[{"embeddable":true,"href":"https:\/\/www.europesays.com\/no\/wp-json\/wp\/v2\/users\/2"}],"replies":[{"embeddable":true,"href":"https:\/\/www.europesays.com\/no\/wp-json\/wp\/v2\/comments?post=113435"}],"version-history":[{"count":0,"href":"https:\/\/www.europesays.com\/no\/wp-json\/wp\/v2\/posts\/113435\/revisions"}],"wp:featuredmedia":[{"embeddable":true,"href":"https:\/\/www.europesays.com\/no\/wp-json\/wp\/v2\/media\/113436"}],"wp:attachment":[{"href":"https:\/\/www.europesays.com\/no\/wp-json\/wp\/v2\/media?parent=113435"}],"wp:term":[{"taxonomy":"category","embeddable":true,"href":"https:\/\/www.europesays.com\/no\/wp-json\/wp\/v2\/categories?post=113435"},{"taxonomy":"post_tag","embeddable":true,"href":"https:\/\/www.europesays.com\/no\/wp-json\/wp\/v2\/tags?post=113435"}],"curies":[{"name":"wp","href":"https:\/\/api.w.org\/{rel}","templated":true}]}}