{"id":113440,"date":"2025-12-15T03:44:12","date_gmt":"2025-12-15T03:44:12","guid":{"rendered":"https:\/\/www.europesays.com\/no\/113440\/"},"modified":"2025-12-15T03:44:12","modified_gmt":"2025-12-15T03:44:12","slug":"politiet-har-store-ressurser-pa-stedet","status":"publish","type":"post","link":"https:\/\/www.europesays.com\/no\/113440\/","title":{"rendered":"Politiet har store ressurser p\u00e5 stedet"},"content":{"rendered":"\n<p>Politiet har store ressurser p\u00e5 Mortensrud etter melding om at det skal ha blitt skutt gjennom et vindu p\u00e5 stedet. <\/p>\n<p><b>\u2013 Forel\u00f8pige unders\u00f8kelser synes \u00e5 bekrefte at det er skutt mot en bolig p\u00e5 stedet, skriver operasjonsleder Per-Ivar Iversen.<\/b><\/p>\n<p>   <img decoding=\"async\" width=\"909\" height=\"564\" fetchpriority=\"low\"  loading=\"lazy\"  src=\"https:\/\/www.europesays.com\/no\/wp-content\/uploads\/2025\/12\/fd718c03-0be6-40fa-bd51-5bda19a51515\" alt=\"\" class=\"brick-c-cFOWSL\" style=\"--brick-image-ratio: 909 \/ 564;\"\/><\/p>\n<p>      Flere biler i omr\u00e5det ble kontrollert av politiet.<br \/>\n      Foto: Martin Jutkvam \/ Nordstrands Blad\n    <\/p>\n<p>Ingen personer har kommet til skade, opplyser han.<\/p>\n<p>\u2013 Bakgrunn for hendelsen er per n\u00e5 ukjent, men hendelsen fremst\u00e5r ikke tilfeldig, skriver Iversen.<\/p>\n<p>\u2013 Det er ikke grunn til \u00e5 anta at hendelsen medf\u00f8rer noen fare for beboere i omr\u00e5det, skriver han videre.<\/p>\n<p><b>Det p\u00e5g\u00e5r s\u00f8k etter gjerningsperson i omr\u00e5det.<\/b><\/p>\n<p>Saken oppdateres..<\/p>\n","protected":false},"excerpt":{"rendered":"Politiet har store ressurser p\u00e5 Mortensrud etter melding om at det skal ha blitt skutt gjennom et vindu&hellip;\n","protected":false},"author":2,"featured_media":113441,"comment_status":"","ping_status":"","sticky":false,"template":"","format":"standard","meta":{"footnotes":""},"categories":[5],"tags":[36,20,21,24,25,15,19,22,23,17,18,13,30,28,29,14,16,1510,26,27],"class_list":{"0":"post-113440","1":"post","2":"type-post","3":"status-publish","4":"format-standard","5":"has-post-thumbnail","7":"category-overskrifter","8":"tag-art","9":"tag-breaking-news","10":"tag-breakingnews","11":"tag-featured-news","12":"tag-featurednews","13":"tag-headlines","14":"tag-hovedoppslag","15":"tag-latest-news","16":"tag-latestnews","17":"tag-main-news","18":"tag-mainnews","19":"tag-news","20":"tag-no","21":"tag-norge","22":"tag-norway","23":"tag-nyheter","24":"tag-overskrifter","25":"tag-story","26":"tag-top-stories","27":"tag-topstories"},"share_on_mastodon":{"url":"https:\/\/pubeurope.com\/@no\/115721526568782902","error":""},"_links":{"self":[{"href":"https:\/\/www.europesays.com\/no\/wp-json\/wp\/v2\/posts\/113440","targetHints":{"allow":["GET"]}}],"collection":[{"href":"https:\/\/www.europesays.com\/no\/wp-json\/wp\/v2\/posts"}],"about":[{"href":"https:\/\/www.europesays.com\/no\/wp-json\/wp\/v2\/types\/post"}],"author":[{"embeddable":true,"href":"https:\/\/www.europesays.com\/no\/wp-json\/wp\/v2\/users\/2"}],"replies":[{"embeddable":true,"href":"https:\/\/www.europesays.com\/no\/wp-json\/wp\/v2\/comments?post=113440"}],"version-history":[{"count":0,"href":"https:\/\/www.europesays.com\/no\/wp-json\/wp\/v2\/posts\/113440\/revisions"}],"wp:featuredmedia":[{"embeddable":true,"href":"https:\/\/www.europesays.com\/no\/wp-json\/wp\/v2\/media\/113441"}],"wp:attachment":[{"href":"https:\/\/www.europesays.com\/no\/wp-json\/wp\/v2\/media?parent=113440"}],"wp:term":[{"taxonomy":"category","embeddable":true,"href":"https:\/\/www.europesays.com\/no\/wp-json\/wp\/v2\/categories?post=113440"},{"taxonomy":"post_tag","embeddable":true,"href":"https:\/\/www.europesays.com\/no\/wp-json\/wp\/v2\/tags?post=113440"}],"curies":[{"name":"wp","href":"https:\/\/api.w.org\/{rel}","templated":true}]}}