{"id":113442,"date":"2025-12-15T03:50:22","date_gmt":"2025-12-15T03:50:22","guid":{"rendered":"https:\/\/www.europesays.com\/no\/113442\/"},"modified":"2025-12-15T03:50:22","modified_gmt":"2025-12-15T03:50:22","slug":"hvorfor-ma-vi-hele-tiden-nedtone-kristendommen","status":"publish","type":"post","link":"https:\/\/www.europesays.com\/no\/113442\/","title":{"rendered":"Hvorfor m\u00e5 vi hele tiden nedtone kristendommen?"},"content":{"rendered":"<p>Ja, hele v\u00e5r kalender er jo inndelt etter kristne h\u00f8ytider og merkedager. V\u00e5rt lovverk, v\u00e5r skole, v\u00e5r kultur og kunstliv, ja v\u00e5r vestlige sivilisasjon er p\u00e5 mange m\u00e5ter preget av en to tusen \u00e5r gammel historie som startet med Jesu f\u00f8dsel.<\/p>\n<p>Selvsagt lever vi i dag i et multikulturelt og flerreligi\u00f8st samfunn \u2013 men v\u00e5r norske historie og kultur er ul\u00f8selig knyttet til kristendommen. Og julen er jo i v\u00e5r tradisjon en kristen h\u00f8ytid.<\/p>\n<p><a href=\"https:\/\/www.fvn.no\/norgeogverden\/i\/WvlnqG\/krf-vil-paalegge-skolene-aa-tilby-skolegudstjeneste\" rel=\"nofollow noopener\" target=\"_blank\"> <img decoding=\"async\" src=\"data:image\/gif;base64,R0lGODlhEAAJAIAAAP\/\/\/wAAACH5BAEAAAAALAAAAAAQAAkAAAIKhI+py+0Po5yUFQA7\" alt=\"\"\/>   KrF vil p\u00e5legge skolene \u00e5 tilby skolegudstjeneste  <\/a> <\/p>\n<p>\u00c5pen <\/p>\n<p>Det er vel noe av disse historiske fakta som ogs\u00e5 gjenspeiles i b\u00e5de v\u00e5r Grunnlov og i Oppl\u00e6ringsloven. I Grunnlovens paragraf 2 heter det: \u00abVerdigrunnlaget skal framleis vere den kristne og humanistiske arven v\u00e5r\u00bb og i Oppl\u00e6ringslovens paragrafer 1-3 st\u00e5r det: \u00abOppl\u00e6ringa skal byggje p\u00e5 grunnleggjande verdiar i kristen og humanistisk arv og tradisjon.\u00bb<\/p>\n<p>Jeg g\u00e5r ut i fra at v\u00e5re politikere p\u00e5 Stortinget, som har vedtatt lovene, med disse formuleringene signaliserer en tydelig verdiforankring? Eller er det bare innholdsl\u00f8se honn\u00f8rord som tas fram ved h\u00f8ytidelige anledninger?<\/p>\n<p>Hvis man fra samfunnets side mener alvor med denne verdiforankringen knyttet til kristne og humanistiske verdier \u2013 ja, s\u00e5 burde det jo v\u00e6re en selvf\u00f8lge at disse verdiene ogs\u00e5 av og til synliggj\u00f8res \u2013 i b\u00e5de skole, samfunn og politikk?<\/p>\n<p><a href=\"https:\/\/www.fvn.no\/mening\/kommentar\/i\/gkP7RL\/nettopp-i-et-mangfoldig-samfunn-boer-det-vaere-skolegudstjenester\" rel=\"nofollow noopener\" target=\"_blank\"> <img decoding=\"async\" src=\"data:image\/gif;base64,R0lGODlhEAAJAIAAAP\/\/\/wAAACH5BAEAAAAALAAAAAAQAAkAAAIKhI+py+0Po5yUFQA7\" alt=\"\"\/>   Nettopp i et mangfoldig samfunn b\u00f8r det v\u00e6re skole\u00adguds\u00adtjenester  <\/a> <\/p>\n<p>Diskusjonene knyttet til skolegudstjenester n\u00e5 f\u00f8r jul aktualiserer nettopp dette. For hva betyr det at skolen v\u00e5r skal bygge p\u00e5 grunnleggende verdier i kristen og humanistisk arv og tradisjon?<\/p>\n<p>En skolegudstjeneste vil utvilsomt kunne v\u00e6re med p\u00e5 \u00e5 gi barn og unge en viss forst\u00e5else av v\u00e5r tusen\u00e5rige kristne tradisjon og arv.<\/p>\n<p>V\u00e5rt eget statsoverhode, kong Harald, er ofte med p\u00e5 \u00e5 synliggj\u00f8re denne arven ved \u00e5 delta p\u00e5 gudstjenester \u2013 n\u00e5 sist ved vigslingen av ny biskop i Troms\u00f8.<\/p>\n<p>Jeg blir oppgitt over mine prestekollegaer i Oslo, Hamar og andre steder som ogs\u00e5 denne f\u00f8rjulstiden er mer opptatt av dialog, toleranse og det \u00e5 unng\u00e5 konflikt \u2013 enn det \u00e5 st\u00e5 opp for skolegudstjenester og v\u00e5r kristne kulturarv. Vi er blitt s\u00e5 redde for \u00e5 \u00abkrenke\u00bb andres livssyn og tro at vi i stedet nedtoner kristendommens plass i v\u00e5r historie og kultur.<\/p>\n<p>Vi har dessverre f\u00e5tt en \u00abSV-kirke\u00bb som er politisk korrekt og n\u00e6rmest livssynsn\u00f8ytral \u2013 i m\u00f8te med v\u00e5r tids sekualisering.<\/p>\n<p>Det m\u00e5 i disse f\u00f8rjulstider v\u00e6re tillatt \u00e5 minne om v\u00e5r l\u00e6remester \u2013 nemlig Jesus fra Nasaret. Han var alt annet enn konfliktsky og opptatt av dialog.<\/p>\n<p>Han startet gjerne en polemisk debatt med datidens skriftl\u00e6rde og maktelite. Han var tydelig i sin verdiformidling!<\/p>\n<p>Dessuten: Norge er vel kanskje ett av verdens beste land n\u00e5r det gjelder ytringsfrihet og religionsfrihet.<\/p>\n<p>Selv om kristendommen har en grunnleggende plass i v\u00e5r historie \u2013 blir alle andre livssyn og trosretninger behandlet med respekt og \u00e5penhet \u2013 og attp\u00e5til finansiert av v\u00e5r felles statskasse.<\/p>\n","protected":false},"excerpt":{"rendered":"Ja, hele v\u00e5r kalender er jo inndelt etter kristne h\u00f8ytider og merkedager. V\u00e5rt lovverk, v\u00e5r skole, v\u00e5r kultur&hellip;\n","protected":false},"author":2,"featured_media":113443,"comment_status":"","ping_status":"","sticky":false,"template":"","format":"standard","meta":{"footnotes":""},"categories":[10],"tags":[20,21,24,25,15,13184,5593,22,23,13,30,28,29,14,16,13374,26,27],"class_list":{"0":"post-113442","1":"post","2":"type-post","3":"status-publish","4":"format-standard","5":"has-post-thumbnail","7":"category-norge","8":"tag-breaking-news","9":"tag-breakingnews","10":"tag-featured-news","11":"tag-featurednews","12":"tag-headlines","13":"tag-hoytider","14":"tag-jul","15":"tag-latest-news","16":"tag-latestnews","17":"tag-news","18":"tag-no","19":"tag-norge","20":"tag-norway","21":"tag-nyheter","22":"tag-overskrifter","23":"tag-skolegudstjeneste","24":"tag-top-stories","25":"tag-topstories"},"share_on_mastodon":{"url":"https:\/\/pubeurope.com\/@no\/115721550087945180","error":""},"_links":{"self":[{"href":"https:\/\/www.europesays.com\/no\/wp-json\/wp\/v2\/posts\/113442","targetHints":{"allow":["GET"]}}],"collection":[{"href":"https:\/\/www.europesays.com\/no\/wp-json\/wp\/v2\/posts"}],"about":[{"href":"https:\/\/www.europesays.com\/no\/wp-json\/wp\/v2\/types\/post"}],"author":[{"embeddable":true,"href":"https:\/\/www.europesays.com\/no\/wp-json\/wp\/v2\/users\/2"}],"replies":[{"embeddable":true,"href":"https:\/\/www.europesays.com\/no\/wp-json\/wp\/v2\/comments?post=113442"}],"version-history":[{"count":0,"href":"https:\/\/www.europesays.com\/no\/wp-json\/wp\/v2\/posts\/113442\/revisions"}],"wp:featuredmedia":[{"embeddable":true,"href":"https:\/\/www.europesays.com\/no\/wp-json\/wp\/v2\/media\/113443"}],"wp:attachment":[{"href":"https:\/\/www.europesays.com\/no\/wp-json\/wp\/v2\/media?parent=113442"}],"wp:term":[{"taxonomy":"category","embeddable":true,"href":"https:\/\/www.europesays.com\/no\/wp-json\/wp\/v2\/categories?post=113442"},{"taxonomy":"post_tag","embeddable":true,"href":"https:\/\/www.europesays.com\/no\/wp-json\/wp\/v2\/tags?post=113442"}],"curies":[{"name":"wp","href":"https:\/\/api.w.org\/{rel}","templated":true}]}}