{"id":113444,"date":"2025-12-15T03:58:31","date_gmt":"2025-12-15T03:58:31","guid":{"rendered":"https:\/\/www.europesays.com\/no\/113444\/"},"modified":"2025-12-15T03:58:31","modified_gmt":"2025-12-15T03:58:31","slug":"influensa-vaksine-influensabolgen-vokser-i-nordland-bladet-vesteralen","status":"publish","type":"post","link":"https:\/\/www.europesays.com\/no\/113444\/","title":{"rendered":"Influensa, Vaksine | Influensab\u00f8lgen vokser i Nordland &#8211; Bladet Vester\u00e5len"},"content":{"rendered":"<ol>\n<li><a href=\"https:\/\/news.google.com\/rss\/articles\/CBMic0FVX3lxTFBHY0NYU0lhR3V4cl9VRk5BZ181SzgtLVdUT3pwVU5Kb01XOE1jSE1wZXE4M2lDaGJsZFhNTDdodG9sSXdQdGptQ3dmbkFJU3k0X2lCazdjSDJLZHFkbVB1ZmlLY2dTeHZYeEtFV3JnSENpYlE?oc=5\" target=\"_blank\" rel=\"nofollow noopener\">Influensa, Vaksine | Influensab\u00f8lgen vokser i Nordland<\/a>&nbsp;&nbsp;Bladet Vester\u00e5len<\/li>\n<li><a href=\"https:\/\/news.google.com\/rss\/articles\/CBMiogFBVV95cUxNMXowX05RVVFJR3pOY0ZVRm9fRVE1a1NNM014bWJybFBka25aN3BYaVlJZUZOZkEtNEZ3LVZyMDJFOFNQeS1razM3Sm13TmFpeWhfOWg4Vng1VmtIbFNPdm5RZkRpSjBudm5FcG40bHZZR0IyUU1yaWhxMmN0eWNXTDhVaUZIWTRGWnpZbW5fTGRGXzVzQ2VXY0YxeXM5MWFqNHc?oc=5\" target=\"_blank\" rel=\"nofollow noopener\">FHI advarer: \u2013 Smittetoppen kan komme f\u00f8r jul<\/a>&nbsp;&nbsp;Nettavisen<\/li>\n<li><a href=\"https:\/\/news.google.com\/rss\/articles\/CBMiiwFBVV95cUxQWlN0WnlyZnc2aGlQV2xhSUh5M1RYcmIwLU00Zl9qQ1lBWnc3VG1ud1g2YU1LbHhobURXbzZVb0xmM29GTUE5OE1ETEphLXQ2eHBsWVVZaUplWF83bExhd2lXSGdkNkNLajdQWDF3OEF5a0lsdWpaU2xId2lVeWNCWTgxVFIwckJBc01r?oc=5\" target=\"_blank\" rel=\"nofollow noopener\">Nyheter, L\u00f8renskog | Kraftig influensa\u00f8kning: Flere barn innlagt p\u00e5 Ahus<\/a>&nbsp;&nbsp;Romerikes Blad<\/li>\n<li><a href=\"https:\/\/news.google.com\/rss\/articles\/CBMijgFBVV95cUxNc3ZnbkQtNWE0cmN4bDZhS210SWRvN21tWm9fNl9jSFRvQVlpSjVKb0VEN2c3Q215OTJPN1RtOTd1V2dtVmdidG14ajV2cWFqcEZLa0NfZjh2TEtLWTlFeWZ3cS1lelY2Y2piVGtRbncyWlEyNEJUOHpLelQtRmFKeUNkX0VqVVhibWtNZThR?oc=5\" target=\"_blank\" rel=\"nofollow noopener\">S\u00f8r-Varanger, Sykdom | N\u00e5 er \u00aballe\u00bb syke \u2013 men ikke alle b\u00f8r g\u00e5 til legen<\/a>&nbsp;&nbsp;iFinnmark<\/li>\n<li><a href=\"https:\/\/news.google.com\/rss\/articles\/CBMiygFBVV95cUxNUFFQQllfT0hFRmktS0NWZTZsMEFWdnZ1N0s0WjJQY2VnYkdFN3hCVkx0bjFqbUFlU3d2OXAwSGlZUkI4T1paNXB2YkdYaVJRbGhqT3pHYW1CamtLUzVKZVJ5WjFPbTRydUxneG5CV0hkNG1NTkx2dkZua1B1WjRMeG5WZWduXzRTMFVmQ1docjh1RS13OUxULW9pcUhIMks4SGJwRjlNbGFsYW5JUWVCU255cmdiNnRfS21lQkUzVW1XSGRuN0I1N2tn?oc=5\" target=\"_blank\" rel=\"nofollow noopener\">H\u00f8gsesong for influensa og omgangssjuke: Dette m\u00e5 du vite f\u00f8r du opps\u00f8ker legevakta i Oslo<\/a>&nbsp;&nbsp;NRK<\/li>\n<\/ol>\n","protected":false},"excerpt":{"rendered":"Influensa, Vaksine | Influensab\u00f8lgen vokser i Nordland&nbsp;&nbsp;Bladet Vester\u00e5len FHI advarer: \u2013 Smittetoppen kan komme f\u00f8r jul&nbsp;&nbsp;Nettavisen Nyheter, L\u00f8renskog&hellip;\n","protected":false},"author":2,"featured_media":113445,"comment_status":"","ping_status":"","sticky":false,"template":"","format":"standard","meta":{"footnotes":""},"categories":[10],"tags":[20,21,24,25,15,22,23,13,30,28,29,14,16,26,27],"class_list":{"0":"post-113444","1":"post","2":"type-post","3":"status-publish","4":"format-standard","5":"has-post-thumbnail","7":"category-norge","8":"tag-breaking-news","9":"tag-breakingnews","10":"tag-featured-news","11":"tag-featurednews","12":"tag-headlines","13":"tag-latest-news","14":"tag-latestnews","15":"tag-news","16":"tag-no","17":"tag-norge","18":"tag-norway","19":"tag-nyheter","20":"tag-overskrifter","21":"tag-top-stories","22":"tag-topstories"},"share_on_mastodon":{"url":"https:\/\/pubeurope.com\/@no\/115721581566467984","error":""},"_links":{"self":[{"href":"https:\/\/www.europesays.com\/no\/wp-json\/wp\/v2\/posts\/113444","targetHints":{"allow":["GET"]}}],"collection":[{"href":"https:\/\/www.europesays.com\/no\/wp-json\/wp\/v2\/posts"}],"about":[{"href":"https:\/\/www.europesays.com\/no\/wp-json\/wp\/v2\/types\/post"}],"author":[{"embeddable":true,"href":"https:\/\/www.europesays.com\/no\/wp-json\/wp\/v2\/users\/2"}],"replies":[{"embeddable":true,"href":"https:\/\/www.europesays.com\/no\/wp-json\/wp\/v2\/comments?post=113444"}],"version-history":[{"count":0,"href":"https:\/\/www.europesays.com\/no\/wp-json\/wp\/v2\/posts\/113444\/revisions"}],"wp:featuredmedia":[{"embeddable":true,"href":"https:\/\/www.europesays.com\/no\/wp-json\/wp\/v2\/media\/113445"}],"wp:attachment":[{"href":"https:\/\/www.europesays.com\/no\/wp-json\/wp\/v2\/media?parent=113444"}],"wp:term":[{"taxonomy":"category","embeddable":true,"href":"https:\/\/www.europesays.com\/no\/wp-json\/wp\/v2\/categories?post=113444"},{"taxonomy":"post_tag","embeddable":true,"href":"https:\/\/www.europesays.com\/no\/wp-json\/wp\/v2\/tags?post=113444"}],"curies":[{"name":"wp","href":"https:\/\/api.w.org\/{rel}","templated":true}]}}