{"id":113452,"date":"2025-12-15T04:52:10","date_gmt":"2025-12-15T04:52:10","guid":{"rendered":"https:\/\/www.europesays.com\/no\/113452\/"},"modified":"2025-12-15T04:52:10","modified_gmt":"2025-12-15T04:52:10","slug":"to-personer-funnet-dode-i-rob-reiners-hjem-2","status":"publish","type":"post","link":"https:\/\/www.europesays.com\/no\/113452\/","title":{"rendered":"To personer funnet d\u00f8de i Rob Reiners hjem"},"content":{"rendered":"\n<p class=\"_lead_o9xde_2 _lead_xtcu6_50 layout-component text-serif-m layout-normal text-serif-l layout-component layout-wide layout-padded _wide_17hqh_1 layout-padded\">Politiet etterforsker d\u00f8dsfallene i regiss\u00f8rens hus.<\/p>\n<p><img alt=\" Rob Reiner i mars. Foto: Jordan Strauss \/ AP \/ NTB\" class=\"_image_qp4xg_65 layout-component layout-wide\" data-fullscreen- data-track-element-type=\"Article image fullscreen\" data-track-name=\"ImageFullscreen\" fetchpriority=\"high\" decoding=\"sync\" loading=\"eager\" height=\"2624\" itemprop=\"image\"  src=\"https:\/\/www.europesays.com\/no\/wp-content\/uploads\/2025\/12\/1765774329_882_b740fae4-ebc6-431f-a34a-71251e926825\"  style=\"object-position:0% 0%\" width=\"3936\"\/> Rob Reiner i mars. Foto: Jordan Strauss \/ AP \/ NTB<\/p>\n<ul aria-hidden=\"true\" class=\"_images_ntbth_112\">\n<li><a class=\"_link_ntbth_117\" href=\"https:\/\/www.vg.no\/forfatter\/emma-fondenes-oevreboe\" style=\"z-index:1\" title=\"Emma Fondenes \u00d8vreb\u00f8\" rel=\"nofollow noopener\" target=\"_blank\"><img alt=\"Bilde av Emma Fondenes \u00d8vreb\u00f8\" class=\"_image_ntbth_93\" fetchpriority=\"low\" loading=\"lazy\" decoding=\"async\" itemprop=\"image\"  src=\"https:\/\/www.europesays.com\/no\/wp-content\/uploads\/2025\/12\/1765774329_469_a3715f19-7e77-4fbf-b20f-7d6f5cb479de\"  width=\"480\"\/><\/a><\/li>\n<\/ul>\n<p> Oppdatert mandag 15. desember kl. 04:07    <\/p>\n<ul class=\"_list_o9xde_3 _list_64s2r_85 _unordered_o9xde_106 text-sans-m\">\n<li class=\"_item_o9xde_30\">To personer ble funnet d\u00f8de i regiss\u00f8r Rob Reiners hjem i Los Angeles.<\/li>\n<li class=\"_item_o9xde_30\">Identitetene er ikke bekreftet, og omstendighetene er ukjente.<\/li>\n<li class=\"_item_o9xde_30\">Reiner er kjent for filmer som \u00abThis Is Spinal Tap\u00bb og \u00abWhen Harry Met Sally\u00bb.<\/li>\n<\/ul>\n<p>Vis mer <\/p>\n<p class=\"_paragraph_o9xde_4 _paragraph_xtcu6_10 layout-component text-serif-m layout-normal text-serif-m layout-padded\">S\u00f8ndag ettermiddag ble to personer ble funnet d\u00f8de i et hjem i <a href=\"https:\/\/www.vg.no\/tag\/los-angeles?utm_source=vg-article&amp;utm_medium=auto-tagger&amp;utm_campaign=Pd3Jye\" class=\"_link_o9xde_39\" rel=\"nofollow noopener\" target=\"_blank\">Los Angeles<\/a> som eies av regiss\u00f8r Rob Reiner (78) og hans kone Michele, melder blant annet <a href=\"https:\/\/www.nbclosangeles.com\/investigations\/2-found-dead-at-brentwood-mansion-owned-by-director-rob-reiner\/3815886\/\" class=\"_link_o9xde_39\" rel=\"nofollow noopener\" target=\"_blank\">NBC Los Angeles<\/a>.<\/p>\n<p class=\"_paragraph_o9xde_4 _paragraph_xtcu6_10 layout-component text-serif-m layout-normal text-serif-m layout-padded\">Los Angeles brannvesen ble tilkalt til hjemmet p\u00e5 Chadbourne Avenue i Brentwood rundt klokken 15.30 lokal tid etter meldinger om medisinsk n\u00f8dhjelp.<\/p>\n<p class=\"_paragraph_o9xde_4 _paragraph_xtcu6_10 layout-component text-serif-m layout-normal text-serif-m layout-padded\">Brannvesenet fant en mann p\u00e5 rundt 78 \u00e5r og en kvinne p\u00e5 rundt 68 \u00e5r d\u00f8de inne i boligen. Identiteten til de avd\u00f8de er ikke bekreftet, og omstendighetene rundt d\u00f8dsfallene er fortsatt ukjente.<\/p>\n<p class=\"_paragraph_o9xde_4 _paragraph_xtcu6_10 layout-component text-serif-m layout-normal text-serif-m layout-padded\">Los Angeles-politiets drapsetterforskere har overtatt saken og \u00e5pnet etterforskning av de to d\u00f8dsfallene, skriver <a href=\"https:\/\/www.tmz.com\/2025\/12\/14\/two-dead-bodies-found-rob-reiner-house\/\" class=\"_link_o9xde_39\" rel=\"nofollow noopener\" target=\"_blank\">TMZ<\/a>.<\/p>\n<p><img alt=\"Rob Reiner i september.  Foto: Andy Kropa \/ AP \/ NTB\" class=\"_image_qp4xg_65 layout-component layout-normal\" data-fullscreen- data-track-element-type=\"Article image fullscreen\" data-track-name=\"ImageFullscreen\" decoding=\"async\" loading=\"lazy\" height=\"4388\" itemprop=\"image\"  src=\"https:\/\/www.europesays.com\/no\/wp-content\/uploads\/2025\/12\/1765774330_303_25dd581e-3b34-4bc1-bbab-cc73ae67121e\"  style=\"object-position:0% 0%\" width=\"6582\"\/>Rob Reiner i september.  Foto: Andy Kropa \/ AP \/ NTB<\/p>\n<p class=\"_paragraph_o9xde_4 _paragraph_xtcu6_10 layout-component text-serif-m layout-normal text-serif-m layout-padded\">Politiet ankom stedet rundt ti minutter etter brannvesenet. Det var stor politin\u00e6rv\u00e6r ved hjemmet s\u00f8ndag kveld.<\/p>\n<p class=\"_paragraph_o9xde_4 _paragraph_xtcu6_10 layout-component text-serif-m layout-normal text-serif-m layout-padded\">BC Los Angeles skriver at naboer opplyser at Reiner og hans kone bor i hjemmet, og eiendomsregistre bekrefter at de eier boligen.<\/p>\n<p class=\"_paragraph_o9xde_4 _paragraph_xtcu6_10 layout-component text-serif-m layout-normal text-serif-m layout-padded\">Rob Reiner er kjent som regiss\u00f8r av filmer som \u00abThis Is Spinal Tap\u00bb og \u00abWhen Harry Met Sally\u00bb. Han har ogs\u00e5 hatt roller som skuespiller i serier som \u00abAll in the Family\u00bb.<\/p>\n","protected":false},"excerpt":{"rendered":"Politiet etterforsker d\u00f8dsfallene i regiss\u00f8rens hus. Rob Reiner i mars. Foto: Jordan Strauss \/ AP \/ NTB Oppdatert&hellip;\n","protected":false},"author":2,"featured_media":113432,"comment_status":"","ping_status":"","sticky":false,"template":"","format":"standard","meta":{"footnotes":""},"categories":[5],"tags":[20,21,24,25,15,19,22,23,721,17,18,13,30,28,29,14,16,26,27,46],"class_list":{"0":"post-113452","1":"post","2":"type-post","3":"status-publish","4":"format-standard","5":"has-post-thumbnail","7":"category-overskrifter","8":"tag-breaking-news","9":"tag-breakingnews","10":"tag-featured-news","11":"tag-featurednews","12":"tag-headlines","13":"tag-hovedoppslag","14":"tag-latest-news","15":"tag-latestnews","16":"tag-los-angeles","17":"tag-main-news","18":"tag-mainnews","19":"tag-news","20":"tag-no","21":"tag-norge","22":"tag-norway","23":"tag-nyheter","24":"tag-overskrifter","25":"tag-top-stories","26":"tag-topstories","27":"tag-vgai"},"share_on_mastodon":{"url":"https:\/\/pubeurope.com\/@no\/115721794112178928","error":""},"_links":{"self":[{"href":"https:\/\/www.europesays.com\/no\/wp-json\/wp\/v2\/posts\/113452","targetHints":{"allow":["GET"]}}],"collection":[{"href":"https:\/\/www.europesays.com\/no\/wp-json\/wp\/v2\/posts"}],"about":[{"href":"https:\/\/www.europesays.com\/no\/wp-json\/wp\/v2\/types\/post"}],"author":[{"embeddable":true,"href":"https:\/\/www.europesays.com\/no\/wp-json\/wp\/v2\/users\/2"}],"replies":[{"embeddable":true,"href":"https:\/\/www.europesays.com\/no\/wp-json\/wp\/v2\/comments?post=113452"}],"version-history":[{"count":0,"href":"https:\/\/www.europesays.com\/no\/wp-json\/wp\/v2\/posts\/113452\/revisions"}],"wp:featuredmedia":[{"embeddable":true,"href":"https:\/\/www.europesays.com\/no\/wp-json\/wp\/v2\/media\/113432"}],"wp:attachment":[{"href":"https:\/\/www.europesays.com\/no\/wp-json\/wp\/v2\/media?parent=113452"}],"wp:term":[{"taxonomy":"category","embeddable":true,"href":"https:\/\/www.europesays.com\/no\/wp-json\/wp\/v2\/categories?post=113452"},{"taxonomy":"post_tag","embeddable":true,"href":"https:\/\/www.europesays.com\/no\/wp-json\/wp\/v2\/tags?post=113452"}],"curies":[{"name":"wp","href":"https:\/\/api.w.org\/{rel}","templated":true}]}}