{"id":113461,"date":"2025-12-15T05:10:15","date_gmt":"2025-12-15T05:10:15","guid":{"rendered":"https:\/\/www.europesays.com\/no\/113461\/"},"modified":"2025-12-15T05:10:15","modified_gmt":"2025-12-15T05:10:15","slug":"nora-haukland-avslorer-utfordringer-i-den-kommende-sesongen-av-spillet-2","status":"publish","type":"post","link":"https:\/\/www.europesays.com\/no\/113461\/","title":{"rendered":"Nora Haukland avsl\u00f8rer utfordringer i den kommende sesongen av \u00abSpillet\u00bb"},"content":{"rendered":"<p class=\"kicker t20\" style=\"\">Nora Haukland:<\/p>\n<p>  Influenseren forteller at hun ringte meddeltakere i panikk etter \u00e5 ha v\u00e6rt med p\u00e5 \u00abSpillet\u00bb.<\/p>\n<p>\n    TV-AKTUELL: Nora Haukland skal teste egne grenser i TV 2-programmet \u00abSpillet\u00bb. Foto: Andreas Fadum \/ Se og H\u00f8r\n  <\/p>\n<p>Under <a href=\"https:\/\/www.dagbladet.no\/kjendis\/tilbake-pa-skjermen\/83956266\" target=\"_blank\" rel=\"nofollow noopener\">TV 2s v\u00e5rslipp tidligere denne uka<\/a> ble deltakerne for den kommende \u00abSpillet\u00bb-sesongen endelig offentliggjort.<\/p>\n<p>    <a itemprop=\"url\" href=\"https:\/\/www.dagbladet.no\/kjendis\/tilbake-pa-skjermen\/83956266\" rel=\"nofollow noopener\" target=\"_blank\"><\/p>\n<p>        <img loading=\"lazy\" decoding=\"async\" src=\"https:\/\/www.europesays.com\/no\/wp-content\/uploads\/2025\/12\/1765775411_585_83956277.webp\" width=\"147\" height=\"98\" title=\"Tilbake p\u00e5 skjermen\" alt=\"\" class=\"lazyload\" style=\"--aspect-ratio-image: 1.50; \"\/><\/p>\n<p>        Tilbake p\u00e5 skjermen<\/p>\n<p>    <\/a><\/p>\n<p>Blant de 18 kjente ansiktene finner vi alt fra tidligere idrettsut\u00f8vere til influensere. En av dem som skal sette sin mentale styrke og personlige karakter p\u00e5 pr\u00f8ve er TV-profil Nora Haukland (28).<\/p>\n<p>&#8211; H\u00f8ye skuldre\t<\/p>\n<p>28-\u00e5ringen har tidligere v\u00e6rt \u00e5 se i en rekke ulike TV-program, men \u00abSpillet\u00bb havner trolig ikke blant favorittene.<\/p>\n<p>        SENTRALEN, OSLO: Det var duket til r\u00f8d l\u00f8per p\u00e5 Sentralen i Oslo i forbindelse med TV 2s lansering av v\u00e5rprogrammet for 2026. Influenser Nora Haukland dukket opp p\u00e5 krykker. Video: Nora Skavhaug\/R\u00f8d L\u00f8per. Reporter: Thea Hope\/R\u00f8d L\u00f8per<\/p>\n<p>&#8211; Hvis jeg skal v\u00e6re helt \u00e6rlig, s\u00e5 er det noe av det verste jeg har gjort. Det er sjelden at jeg har angst for ting som skal komme p\u00e5 TV, men n\u00e5 har jeg ringt meddeltakere fordi jeg har v\u00e6rt s\u00e5 nerv\u00f8s. Det var ikke min greie i det hele tatt, forteller hun \u00e6rlig til Dagbladet.<\/p>\n<p>Likevel er ikke Haukland i tvil om at den kommende sesongen kan toppe de tidligere versjonene.<\/p>\n<p>        <img loading=\"lazy\" decoding=\"async\" src=\"https:\/\/www.europesays.com\/no\/wp-content\/uploads\/2025\/12\/1765775412_591_83959442.webp\" width=\"980\" height=\"559\" title=\"DELTAKERNE: Nora Haukland, Simon Nitsche, Lilli Bendriss, Karoline Dyhre Breivang, Gard \u00d8ksendal, Kjartan Kjelling, Brit Elisabeth Haagensli, Sebastian Brevik, Eveline Karlsen, Ronny Brede Aase, Aylar Lie, Sebastian Solberg, Stian Blipp, Bahare Viken, Emil Lystvedt Berntsen, Birgit Skarstein, Stig Henrik Hofff og Line Verndal. Foto: Rune Bendiksen \/ TV 2\" alt=\"\" class=\"\" style=\"--aspect-ratio-image: 1.75; \"\/><\/p>\n<p>\n        DELTAKERNE: Nora Haukland, Simon Nitsche, Lilli Bendriss, Karoline Dyhre Breivang, Gard \u00d8ksendal, Kjartan Kjelling, Brit Elisabeth Haagensli, Sebastian Brevik, Eveline Karlsen, Ronny Brede Aase, Aylar Lie, Sebastian Solberg, Stian Blipp, Bahare Viken, Emil Lystvedt Berntsen, Birgit Skarstein, Stig Henrik Hofff og Line Verndal. Foto: Rune Bendiksen \/ TV 2\n    <\/p>\n<p>&#8211; Det blir en veldig spennende sesong. Jeg gikk rundt med h\u00f8ye skuldre hele tida. Det var litt traumatisk \u00e5 se voksne mennesker g\u00e5 rundt \u00e5 lyve og v\u00e6re kyniske.<\/p>\n<p>Innspillingen fant sted i april, og Haukland innr\u00f8mmer at hun husker lite av det som faktisk skjedde.<\/p>\n<p>        <img loading=\"lazy\" decoding=\"async\" src=\"https:\/\/www.europesays.com\/no\/wp-content\/uploads\/2025\/12\/83977075.webp\" width=\"686\" height=\"392\" title=\"T\u00d8FT: Det var under TV 2s v\u00e5rslipp at Nora Haukland \u00e5pnet opp om at \u00abSpillet\u00bb ble t\u00f8ffere enn antatt. Foto: Shad Madijan\" alt=\"\" class=\"\" style=\"--aspect-ratio-image: 1.75; \"\/><\/p>\n<p>\n        T\u00d8FT: Det var under TV 2s v\u00e5rslipp at Nora Haukland \u00e5pnet opp om at \u00abSpillet\u00bb ble t\u00f8ffere enn antatt. Foto: Shad Madijan\n    <\/p>\n<p>&#8211; Det er nesten som n\u00e5r man g\u00e5r gjennom et traume, s\u00e5 bare fortrenger man det. Jeg gruer meg skikkelig til \u00e5 se det igjen.<\/p>\n<p>&#8211; Psykisk slitsomt\t<\/p>\n<p> I forkant av innspillingen tok hun grep for \u00e5 forberede seg. <\/p>\n<p>&#8211; Jeg brukte ChatGPT for \u00e5 lage en dagsplan p\u00e5 hva jeg skulle gj\u00f8re hver dag. Jeg pr\u00f8vde \u00e5 bruke den som et hjelpemiddel s\u00e5 jeg ikke skulle miste fotfestet helt.<\/p>\n<p>    <a itemprop=\"url\" href=\"https:\/\/www.dagbladet.no\/kjendis\/dette-er-de-nye-deltakerne\/83966368\" rel=\"nofollow noopener\" target=\"_blank\"><\/p>\n<p>        <img loading=\"lazy\" decoding=\"async\" src=\"https:\/\/www.europesays.com\/no\/wp-content\/uploads\/2025\/12\/1765775414_369_83969542.webp\" width=\"980\" height=\"441\" title=\"Dette er de nye deltakerne\" alt=\"\" class=\"lazyload\" style=\"--aspect-ratio-image: 2.22; \"\/><\/p>\n<p>        Dette er de nye deltakerne<\/p>\n<p>    <\/a><\/p>\n<p>\u00abGirls of Oslo\u00bb-profilen forklarer at hun sleit med \u00e5 stole p\u00e5 folk under innspillingen, og at konkurransen var hard.\u00a0<\/p>\n<p>&#8211; Jeg var jo veldig naiv, og det ble kanskje mitt problem der. Men det var mange hyggelige \u00f8yeblikk ogs\u00e5. Da kameraene slo seg av og vi kunne henge som vanlige mennesker.\u00a0<\/p>\n<p>Konkurransen ble en hard p\u00e5kjenning, noe Haukland ogs\u00e5 merket i tida etterp\u00e5.<\/p>\n<p>&#8211; Da jeg kom hjem h\u00f8rte jeg bare p\u00e5 trist musikk og ville ikke snakke med noen. Det er ingen andre som forst\u00e5r hva man har g\u00e5tt gjennom. Det var psykisk slitsomt.<\/p>\n<p class=\"italic m-italic\" data-lab-italic=\"italic\">Den fjerde sesongen av \u00abSpillet\u00bb har premiere i februar. Se deltakerne her:<\/p>\n<p>    <a itemprop=\"url\" href=\"https:\/\/www.dagbladet.no\/kjendis\/tilbake-etter-ni-ar\/83955973\" rel=\"nofollow noopener\" target=\"_blank\"><\/p>\n<p>        <img loading=\"lazy\" decoding=\"async\" src=\"https:\/\/www.europesays.com\/no\/wp-content\/uploads\/2025\/12\/1765775415_882_83956037.webp\" width=\"980\" height=\"441\" title=\"Tilbake etter ni \u00e5r\" alt=\"\" class=\"lazyload\" style=\"--aspect-ratio-image: 2.22; \"\/><\/p>\n<p>        Tilbake etter ni \u00e5r<\/p>\n<p>    <\/a><\/p>\n","protected":false},"excerpt":{"rendered":"Nora Haukland: Influenseren forteller at hun ringte meddeltakere i panikk etter \u00e5 ha v\u00e6rt med p\u00e5 \u00abSpillet\u00bb. TV-AKTUELL:&hellip;\n","protected":false},"author":2,"featured_media":113462,"comment_status":"","ping_status":"","sticky":false,"template":"","format":"standard","meta":{"footnotes":""},"categories":[58],"tags":[71,479,30,831,28,29,2398,72],"class_list":{"0":"post-113461","1":"post","2":"type-post","3":"status-publish","4":"format-standard","5":"has-post-thumbnail","7":"category-underholdning","8":"tag-entertainment","9":"tag-kjendis","10":"tag-no","11":"tag-nora-haukland","12":"tag-norge","13":"tag-norway","14":"tag-spillet","15":"tag-underholdning"},"share_on_mastodon":{"url":"https:\/\/pubeurope.com\/@no\/115721865034865364","error":""},"_links":{"self":[{"href":"https:\/\/www.europesays.com\/no\/wp-json\/wp\/v2\/posts\/113461","targetHints":{"allow":["GET"]}}],"collection":[{"href":"https:\/\/www.europesays.com\/no\/wp-json\/wp\/v2\/posts"}],"about":[{"href":"https:\/\/www.europesays.com\/no\/wp-json\/wp\/v2\/types\/post"}],"author":[{"embeddable":true,"href":"https:\/\/www.europesays.com\/no\/wp-json\/wp\/v2\/users\/2"}],"replies":[{"embeddable":true,"href":"https:\/\/www.europesays.com\/no\/wp-json\/wp\/v2\/comments?post=113461"}],"version-history":[{"count":0,"href":"https:\/\/www.europesays.com\/no\/wp-json\/wp\/v2\/posts\/113461\/revisions"}],"wp:featuredmedia":[{"embeddable":true,"href":"https:\/\/www.europesays.com\/no\/wp-json\/wp\/v2\/media\/113462"}],"wp:attachment":[{"href":"https:\/\/www.europesays.com\/no\/wp-json\/wp\/v2\/media?parent=113461"}],"wp:term":[{"taxonomy":"category","embeddable":true,"href":"https:\/\/www.europesays.com\/no\/wp-json\/wp\/v2\/categories?post=113461"},{"taxonomy":"post_tag","embeddable":true,"href":"https:\/\/www.europesays.com\/no\/wp-json\/wp\/v2\/tags?post=113461"}],"curies":[{"name":"wp","href":"https:\/\/api.w.org\/{rel}","templated":true}]}}