{"id":113470,"date":"2025-12-15T05:41:07","date_gmt":"2025-12-15T05:41:07","guid":{"rendered":"https:\/\/www.europesays.com\/no\/113470\/"},"modified":"2025-12-15T05:41:07","modified_gmt":"2025-12-15T05:41:07","slug":"demokratiforkjemper-jimmy-lai-funnet-skyldig-risikerer-livstid-nrk-urix-utenriksnyheter-og-dokumentarer","status":"publish","type":"post","link":"https:\/\/www.europesays.com\/no\/113470\/","title":{"rendered":"Demokratiforkjemper Jimmy Lai funnet skyldig \u2013 risikerer livstid \u2013 NRK Urix \u2013 Utenriksnyheter og -dokumentarer"},"content":{"rendered":"<p><strong>\u2013 Det Lai har gjort er det samme som om en amerikanske borger hadde bedt Russland innf\u00f8re sanksjoner mot California, sa dommeren i retten i Hongkong. <\/strong><\/p>\n<p>Jimmy Lai er og funnet skyldig i oppvigleri mot Kina og myndighetene i Hongkong.<\/p>\n<p>Rettssaken mot Lai har vart i 150 dager, men domsavsigelsen i dag tok 36 minutter fra dommeren entret lokalet.<\/p>\n<p><img decoding=\"async\"   src=\"data:image\/gif;base64,R0lGODlhAQABAIAAAAAAAP\/\/\/yH5BAEAAAAALAAAAAABAAEAAAIBRAA7\" loading=\"eager\" alt=\"Politifolk i h\u00e5ndjern st\u00e5r ved en politibil. Flere bev\u00e6pnede politifolk overv\u00e5ker omr\u00e5det. Bakgrunnen viser gr\u00f8nne planter og en parkeringsplass. Flere fotografer dokumenterer situasjonen. (Bildebeskrivelsen er laget av en KI-tjeneste)\" title=\"Foto: Lam Yik \/ Reuters \/ NTB\"\/><\/p>\n<p class=\"\">Bev\u00e6pnet politi st\u00e5r vakt utenfor West Kowloon Magistrates&#8217; Courts-bygningen etter dommen i rettssaken om nasjonal sikkerhetskonflikt mot Jimmy Lai, 15. desember 2025<\/p>\n<p>Foto: Lam Yik \/ Reuters \/ NTB<\/p>\n<p>Dommer Esther Toh sa at Lais vitneforklaring i retten til tider hadde v\u00e6rt motstridende, inkonsekvent og up\u00e5litelig.<\/p>\n<p>Hun sa ogs\u00e5 at det ikke er tvil om at Lai n\u00e6ret \u00abhat og bitterhet\u00bb mot Kina.<\/p>\n<p>Stille st\u00f8tte<\/p>\n<p><strong>Mediemogulen og mangemilliard\u00e6ren Jimmy Lai ble arrestert i august 2020 etter at Hongkong etter press fra Beijing innf\u00f8rte en ny streng nasjonal sikkerhetslov.<\/strong><\/p>\n<p>Straffeutm\u00e5lingen vil starte f\u00f8rst 2. januar og kan ta tid. Jimmy Lai risikerer livstid i fengsel.<\/p>\n<p>Utenfor rettslokalet hadde st\u00f8ttespillere dannet en k\u00f8 som gikk rundt kvartalet. Noen kom tidlig og hadde med seg campingutstyr for \u00e5 sikre seg en av de 507 plassene tilgjengelig for publikum.<\/p>\n<p>Blant de som var til stede var ogs\u00e5 Lais kone Theresa Lai som kom sammen med den katolske kardinalen og kjente demokratiforkjemperen Joseph Zen.<\/p>\n<p><img decoding=\"async\"   src=\"data:image\/gif;base64,R0lGODlhAQABAIAAAAAAAP\/\/\/yH5BAEAAAAALAAAAAABAAEAAAIBRAA7\" loading=\"eager\" alt=\"Aviseieren Jimmy Lai f\u00f8res bort av politi etter at han ble siktet for brudd p\u00e5 den strenge sikkerhetsloven, 12. desember 2020. Siden har han v\u00e6rt i fengsel. Han er n\u00e5 erkl\u00e6rt som samvittighetsfange av Amnesty.\" title=\"Foto: Reuters\"\/><\/p>\n<p class=\"\">Mediemogulen Jimmy Lai Chee-ying, grunnleggeren av Apple Daily, g\u00e5r til en fengselsbil for \u00e5 m\u00f8te i retten etter \u00e5 ha blitt siktet i henhold til den nasjonale sikkerhetsloven i Hongkong, Kina 12. desember 2020.<\/p>\n<p>Foto: Reuters<\/p>\n<p>Jimmy Lai sa i et intervju Reuters f\u00f8r arresten i 2020 at Hongkong hadde gitt han alt.<\/p>\n<p>\u2013 Det jeg har, har dette stedet gitt meg, det vil jeg kjempe for til den siste dag. Det vil v\u00e6re en \u00e6re om jeg blir et offer\u00bb, <a href=\"http:\/\/www.reuters.com\/world\/jimmy-lai-verdict-live-hong-kong-court-rule-after-democracy-activists-landmark-2025-12-14\/\" ec-id=\"http:\/\/www.reuters.com\/world\/jimmy-lai-verdict-live-hong-kong-court-rule-after-democracy-activists-landmark-2025-12-14\/\" ec-name=\"sa Lai til Reuters i et intervju\" rel=\"nofollow noopener\" target=\"_blank\">sa Lai til Reuters i et intervju<\/a> hvor han til tider var gr\u00e5tkvalt.<\/p>\n<p>Kom til Hongkong i en fiskeb\u00e5t<\/p>\n<p>Dommen mot 78 \u00e5r gamle Jimmy Lai er den forel\u00f8pige siste vendingen i et liv preget av kontraster. Jimmy Lai er gutten som 12 \u00e5r gammel flyktet i en fiskeb\u00e5t fra det kinesiske fastlandet. Han jobbet seg opp fra tekstilarbeider til milliarder. Da han begynte i tekstilfabrikkene i Hongkong var han enn\u00e5 et barn.<\/p>\n<p>N\u00e5 over 60 \u00e5r senere stod han anklaget for \u00e5 ha samarbeidet med fremmede makter og for oppvigleri.<\/p>\n<p>Anklaget for oppvigleri mot Kina<\/p>\n<p>Saken mot Jimmy Lai er den siste etter de store demokratiprotestene i Hongkong i 2019. Kinas \u00f8verste ledelse i Beijing slo ned protestene og tvang en ny nasjonal p\u00e5 Hongkong i 2020.<\/p>\n<p>Kort tid etter \u2013 i august 2020- ble Lai ble arrestert. Sentralt i anklagen stod et m\u00f8te med dav\u00e6rende visepresident i USA Mike Pence og utenriksminister Mike Pompeo.<\/p>\n<p><img decoding=\"async\"   src=\"data:image\/gif;base64,R0lGODlhAQABAIAAAAAAAP\/\/\/yH5BAEAAAAALAAAAAABAAEAAAIBRAA7\" loading=\"eager\" alt=\"En stor folkemengde med paraplyer og hjelmer st\u00e5r i en gate mens t\u00e5ke eller r\u00f8yk fyller luften. Politiet i beskyttelsesutstyr kan sees i bakgrunnen n\u00e6r bl\u00e5lys fra kj\u00f8ret\u00f8y. Hendelsen finner sted om natten, omgitt av h\u00f8ye bygninger og tr\u00e6r. Mange demonstranter er if\u00f8rt m\u00f8rke kl\u00e6r og masker. (Bildebeskrivelsen er laget av en KI-tjeneste)\" title=\"Foto: AFP\"\/><\/p>\n<p class=\"\">I 2019 var det store protester i Hongkong. Paraplyen ble et symbol p\u00e5 motstanden mot den nye sikkerhetsloven. <\/p>\n<p>Foto: AFP<\/p>\n<p><a href=\"https:\/\/www.reuters.com\/world\/china\/verdict-hong-kong-tycoon-jimmy-lais-national-security-trial-expected-next-monday-2025-12-12\/\" ec-id=\"https:\/\/www.reuters.com\/world\/china\/verdict-hong-kong-tycoon-jimmy-lais-national-security-trial-expected-next-monday-2025-12-12\/\" ec-name=\"Lai er anklaget for \u00e5 be USA og andre lands regjeringer om \u00e5 innf\u00f8re sanksjoner mot Hongkong og Kina.\" rel=\"nofollow noopener\" target=\"_blank\">Lai er anklaget for \u00e5 be USA og andre lands regjeringer om \u00e5 innf\u00f8re sanksjoner mot Hongkong og Kina.<\/a><\/p>\n<p>I tillegg er han anklaget for \u00e5 oppfordret til oppvigleri i artikler i avisen han grunnla, Apple Daily.<\/p>\n<p>Lai har allerede sonet dommer for \u00e5 ha organisert og deltatt i ulovlige demonstrasjoner for demokrati. I tillegg soner han en dom p\u00e5 fem \u00e5r og ni m\u00e5neder for urgelmessigheter i leieforholdet til Apple Dailys lokaler.<\/p>\n<p>Strafferammen for det han er d\u00f8mt for i dag er opptil livstid i fengsel.<\/p>\n<p>Under sin forklaring nektet Lai for \u00e5 ha st\u00f8ttet uavhengighet for Hongkong. Dette sa Lai var:<\/p>\n<p>\u2013 Galskap og i det hele tatt tenke.<\/p>\n<p>Og.<\/p>\n<p>\u2013 Veldig langt unna det som er virkeligheten.<\/p>\n<p>Tabloid stemme for demokrati<\/p>\n<p>Lai forklarte i retten \u00e5pent han grunnla avisen Apple Daily etter student og demokratiprotestene p\u00e5 den Himmelske Fredsplass i 1989. De gjorde et sterkt inntrykk p\u00e5 Lai. Protestene ble sl\u00e5tt ned med bruk av soldater og stridsvogner. All omtale er sensurert i Kina.<\/p>\n<p>\u2013 <a href=\"https:\/\/www.ft.com\/content\/b1c079e8-b80d-49af-8c47-fcd4af3d6396\" ec-id=\"https:\/\/www.ft.com\/content\/b1c079e8-b80d-49af-8c47-fcd4af3d6396\" ec-name=\"Jeg tenkte det var en mulighet for en som meg, en forretningsmann som hadde tjent litt penger ... til \u00e5 delta, til \u00e5 bidra [til frihet].\u00bb\" rel=\"nofollow noopener\" target=\"_blank\">Jeg tenkte det var en mulighet for en som meg, en forretningsmann som hadde tjent litt penger &#8230; til \u00e5 delta, til \u00e5 bidra [til frihet].\u00bb<\/a><\/p>\n<p>Kinesisk spr\u00e5klige Apple Daily ble en forretningssuksess og et symbol p\u00e5 ytringsfrihet i Hongkong, ogs\u00e5 etter tilbakeleveringen til Kina i 1997.<\/p>\n<p>Avisen skrev tabloide oppslag med sladder og skandaler om Hongkongs kjendiser og internasjonale jetsettere. Men kombinerte dette med politiske artikler som kritiserte Kinas kommunistparti og fremmet demokrati.<\/p>\n<p><img decoding=\"async\"   src=\"data:image\/gif;base64,R0lGODlhAQABAIAAAAAAAP\/\/\/yH5BAEAAAAALAAAAAABAAEAAAIBRAA7\" loading=\"eager\" alt=\"En mann i dress sitter p\u00e5 en r\u00f8d sofa med puter rundt seg. Han har hendene samlet foran seg, med en klokke synlig p\u00e5 venstre h\u00e5ndledd. Bakgrunnen er en n\u00f8ytral vegg, som gir en minimalistisk setting. Bildets fokus ligger p\u00e5 mannens formelle antrekk og hans kroppsspr\u00e5k. (Bildebeskrivelsen er laget av en KI-tjeneste)\" title=\"Foto: ANTHONY WALLACE \/ AFP \/ NTB\"\/><\/p>\n<p class=\"\">Jimmy Lai var en fremtredende stemme for demokratiet i Hongkong med kinesisk spr\u00e5klige Apple Daily. <\/p>\n<p>Foto: ANTHONY WALLACE \/ AFP \/ NTB<\/p>\n<p>Avisen m\u00e5tte i sin levetid ogs\u00e5 t\u00e5le anklager om rasisme, nedlatende karikaturer av fastlandskinesere og kvinnefiendtlighet.<\/p>\n<p>Under demokratiprotestene \u00f8kte avisens popularitet p\u00e5 grunn av sin klare st\u00f8tte til demonstrantene.<\/p>\n<p><a href=\"https:\/\/www.ft.com\/stream\/ddfc7d7c-2ad3-4247-a99b-d5a6059b2d61\" ec-id=\"https:\/\/www.ft.com\/stream\/ddfc7d7c-2ad3-4247-a99b-d5a6059b2d61\" ec-name=\"I 2021 fr\u00f8s myndighetene alle avisens konti og Apple Daily ble tvunget til \u00e5 stenge.\" rel=\"nofollow noopener\" target=\"_blank\">I 2021 fr\u00f8s myndighetene alle avisens konti og Apple Daily ble tvunget til \u00e5 stenge.<\/a> I en slags siste uttrykk p\u00e5 motstand trykket avisen siste utgaven i et opplag p\u00e5 1. million. Det normale opplaget p\u00e5 150 000.<\/p>\n<p>Folk stod i k\u00f8 for \u00e5 sikre seg avisen. Den siste utgaven den 24. juni 2021 ble utsolgt p\u00e5 noen f\u00e5 timer.<\/p>\n<p>Protestene for demokrati har stilnet<\/p>\n<p>I dag er det sv\u00e6rt f\u00e5 i Hongkong som t\u00f8r eller ser noen gevinst i \u00e5 heve stemmen mot myndighetene i Kina.<\/p>\n<p>President Donald Trump skal i m\u00f8te Xi Jinping i S\u00f8r-Korea i oktober ha sagt at en l\u00f8slatelse av Lai vil hjelpe p\u00e5 forholdet til USA. Lai har siden 1995 hatt britisk statsborgerskap og hans s\u00f8nn kritiserte siste sommer den britiske regjeringen for ikke \u00e5 gj\u00f8re nok for \u00e5 hjelpe hans far.<\/p>\n<p>Publisert<\/p>\n<p>15.12.2025, kl. 05.52<\/p>\n<p>Oppdatert<\/p>\n<p>15.12.2025, kl. 06.25<\/p>\n","protected":false},"excerpt":{"rendered":"\u2013 Det Lai har gjort er det samme som om en amerikanske borger hadde bedt Russland innf\u00f8re sanksjoner&hellip;\n","protected":false},"author":2,"featured_media":113471,"comment_status":"","ping_status":"","sticky":false,"template":"","format":"standard","meta":{"footnotes":""},"categories":[12],"tags":[20,21,24,25,15,22,23,13,30,28,29,14,16,26,27,42,43,44,45],"class_list":{"0":"post-113470","1":"post","2":"type-post","3":"status-publish","4":"format-standard","5":"has-post-thumbnail","7":"category-verden","8":"tag-breaking-news","9":"tag-breakingnews","10":"tag-featured-news","11":"tag-featurednews","12":"tag-headlines","13":"tag-latest-news","14":"tag-latestnews","15":"tag-news","16":"tag-no","17":"tag-norge","18":"tag-norway","19":"tag-nyheter","20":"tag-overskrifter","21":"tag-top-stories","22":"tag-topstories","23":"tag-verden","24":"tag-world","25":"tag-world-news","26":"tag-worldnews"},"share_on_mastodon":{"url":"https:\/\/pubeurope.com\/@no\/115721986560092062","error":""},"_links":{"self":[{"href":"https:\/\/www.europesays.com\/no\/wp-json\/wp\/v2\/posts\/113470","targetHints":{"allow":["GET"]}}],"collection":[{"href":"https:\/\/www.europesays.com\/no\/wp-json\/wp\/v2\/posts"}],"about":[{"href":"https:\/\/www.europesays.com\/no\/wp-json\/wp\/v2\/types\/post"}],"author":[{"embeddable":true,"href":"https:\/\/www.europesays.com\/no\/wp-json\/wp\/v2\/users\/2"}],"replies":[{"embeddable":true,"href":"https:\/\/www.europesays.com\/no\/wp-json\/wp\/v2\/comments?post=113470"}],"version-history":[{"count":0,"href":"https:\/\/www.europesays.com\/no\/wp-json\/wp\/v2\/posts\/113470\/revisions"}],"wp:featuredmedia":[{"embeddable":true,"href":"https:\/\/www.europesays.com\/no\/wp-json\/wp\/v2\/media\/113471"}],"wp:attachment":[{"href":"https:\/\/www.europesays.com\/no\/wp-json\/wp\/v2\/media?parent=113470"}],"wp:term":[{"taxonomy":"category","embeddable":true,"href":"https:\/\/www.europesays.com\/no\/wp-json\/wp\/v2\/categories?post=113470"},{"taxonomy":"post_tag","embeddable":true,"href":"https:\/\/www.europesays.com\/no\/wp-json\/wp\/v2\/tags?post=113470"}],"curies":[{"name":"wp","href":"https:\/\/api.w.org\/{rel}","templated":true}]}}