{"id":113475,"date":"2025-12-15T05:58:49","date_gmt":"2025-12-15T05:58:49","guid":{"rendered":"https:\/\/www.europesays.com\/no\/113475\/"},"modified":"2025-12-15T05:58:49","modified_gmt":"2025-12-15T05:58:49","slug":"iran-tar-beslag-i-tankskip","status":"publish","type":"post","link":"https:\/\/www.europesays.com\/no\/113475\/","title":{"rendered":"Iran tar beslag i tankskip"},"content":{"rendered":"<p>Den statlige kringkastingen IRIB sier ikke hva skipet heter eller hvor det er registrert, men skriver at det er snakk om \u00absmuglet olje\u00bb. Det statlige nyhetsbyr\u00e5et Fars skriver at skipet hadde en last p\u00e5 seks millioner liter diesel. Besetningen p\u00e5 18 er fra India, Sri Lanka og Bangladesh.<\/p>\n<p>Iran har noen av verdens laveste priser p\u00e5 drivstoff p\u00e5 grunn av store subsidier og svak valuta, noe som f\u00f8rer til omfattende smugling til naboland p\u00e5 den andre siden av Persiabukta.<\/p>\n<p>Beslaget i Omanbukta skjer bare noen dager etter at USA beslagla et tankskip som var p\u00e5 vei fra Venezuela med en st\u00f8rre oljelast. En rekke kilder sier til Reuters at USA forbereder seg p\u00e5 \u00e5 gj\u00f8re flere beslag av tankskip denne uken.<\/p>\n<p class=\"subhead\" data-element-type=\"subhead\" data-element-label=\"Mellomtittel\">\u00d8ker bensinprisene for f\u00f8rste gang p\u00e5 seks \u00e5r<\/p>\n<p>Iranske myndigheter har innf\u00f8rt et nytt prisniv\u00e5 p\u00e5 drivstoff. Det er f\u00f8rste gang siden 2019 at prisen justeres.<\/p>\n<p>Endringen kommer i en tid der landet sliter med en stadig svakere valuta og \u00f8konomisk sanksjoner.<\/p>\n<p>Det nye systemet, som innf\u00f8res l\u00f8rdag, inneb\u00e6rer at det kommer inn et tredje prisniv\u00e5 p\u00e5 bensin. Bilister kan heretter f\u00e5 60 liter i m\u00e5neden til den laveste subsidierte prisen p\u00e5 15.000 rial per liter. Det tilsvarer rundt 4 amerikanske cent eller 40 \u00f8re p\u00e5 det \u00e5pne valutamarkedet, men nesten ti ganger s\u00e5 mye for den som f\u00f8lger den offisielle vekslingskursen.<\/p>\n<p>Deretter dobles prisen for de neste 100 literne, mens alt over det selges for den nye prisen p\u00e5 50.000 rial per liter. Selv etter endringen vil Iran han noen av de laveste bensinprisene i verden.<\/p>\n<p>En betydelig pris\u00f8kning for seks \u00e5r siden utl\u00f8ste omfattende protester over hele landet. Over 300 mennesker skal ha blitt drept da myndighetene slo ned p\u00e5 uroen.<\/p>\n<p>Ogs\u00e5 tidligere har justeringer av landets lave bensinpriser f\u00f8rt til store protester. I 1964 m\u00e5tte sjahen sette inn milit\u00e6re kj\u00f8ret\u00f8y for erstatte streikende taxier da prisen ble satt opp.<\/p>\n","protected":false},"excerpt":{"rendered":"Den statlige kringkastingen IRIB sier ikke hva skipet heter eller hvor det er registrert, men skriver at det&hellip;\n","protected":false},"author":2,"featured_media":113476,"comment_status":"","ping_status":"","sticky":false,"template":"","format":"standard","meta":{"footnotes":""},"categories":[12],"tags":[20,21,24,25,15,22,23,13,30,28,29,14,16,26,27,42,43,44,45],"class_list":{"0":"post-113475","1":"post","2":"type-post","3":"status-publish","4":"format-standard","5":"has-post-thumbnail","7":"category-verden","8":"tag-breaking-news","9":"tag-breakingnews","10":"tag-featured-news","11":"tag-featurednews","12":"tag-headlines","13":"tag-latest-news","14":"tag-latestnews","15":"tag-news","16":"tag-no","17":"tag-norge","18":"tag-norway","19":"tag-nyheter","20":"tag-overskrifter","21":"tag-top-stories","22":"tag-topstories","23":"tag-verden","24":"tag-world","25":"tag-world-news","26":"tag-worldnews"},"share_on_mastodon":{"url":"https:\/\/pubeurope.com\/@no\/115722057342108258","error":""},"_links":{"self":[{"href":"https:\/\/www.europesays.com\/no\/wp-json\/wp\/v2\/posts\/113475","targetHints":{"allow":["GET"]}}],"collection":[{"href":"https:\/\/www.europesays.com\/no\/wp-json\/wp\/v2\/posts"}],"about":[{"href":"https:\/\/www.europesays.com\/no\/wp-json\/wp\/v2\/types\/post"}],"author":[{"embeddable":true,"href":"https:\/\/www.europesays.com\/no\/wp-json\/wp\/v2\/users\/2"}],"replies":[{"embeddable":true,"href":"https:\/\/www.europesays.com\/no\/wp-json\/wp\/v2\/comments?post=113475"}],"version-history":[{"count":0,"href":"https:\/\/www.europesays.com\/no\/wp-json\/wp\/v2\/posts\/113475\/revisions"}],"wp:featuredmedia":[{"embeddable":true,"href":"https:\/\/www.europesays.com\/no\/wp-json\/wp\/v2\/media\/113476"}],"wp:attachment":[{"href":"https:\/\/www.europesays.com\/no\/wp-json\/wp\/v2\/media?parent=113475"}],"wp:term":[{"taxonomy":"category","embeddable":true,"href":"https:\/\/www.europesays.com\/no\/wp-json\/wp\/v2\/categories?post=113475"},{"taxonomy":"post_tag","embeddable":true,"href":"https:\/\/www.europesays.com\/no\/wp-json\/wp\/v2\/tags?post=113475"}],"curies":[{"name":"wp","href":"https:\/\/api.w.org\/{rel}","templated":true}]}}