{"id":113477,"date":"2025-12-15T06:00:44","date_gmt":"2025-12-15T06:00:44","guid":{"rendered":"https:\/\/www.europesays.com\/no\/113477\/"},"modified":"2025-12-15T06:00:44","modified_gmt":"2025-12-15T06:00:44","slug":"skistad-disket","status":"publish","type":"post","link":"https:\/\/www.europesays.com\/no\/113477\/","title":{"rendered":"Skistad disket"},"content":{"rendered":"<p>  Stort drama i Davos da Kristine Stav\u00e5s Skistad ble d\u00f8mt for obstruksjon. Mathilde Myhrvold ble nummer to etter en thriller-avslutning.<\/p>\n<p>\n    UTE: Kristine Stav\u00e5s Skistad har ikke hellet med seg for tiden. Foto: Maxim Thore \/ Bildbyr\u00e5n\n  <\/p>\n<p> DAVOS\/OSLO (Dagbladet): Kristine Stav\u00e5s Skistad var p\u00e5 hevntokt i kveld, etter at det svenske laget vant lagsprinten fredag og ikke minst siden hun r\u00f8yk ut allerede i kvartfinalen p\u00e5 sprinten i Trondheim <a href=\"https:\/\/www.dagbladet.no\/sport\/norsk-nedtur\/83943349\" target=\"_blank\" rel=\"nofollow noopener\">etter en taktisk bommert<\/a>.<\/p>\n<p>I stedet ble det nok en gedigen nedtur. Hun fikk sitt andre gule kort etter \u00e5 ha p\u00e5dratt seg gult kort p\u00e5 Beitost\u00f8len.<\/p>\n<p>&#8211; Det var jo veldig kjedelig da. Jeg kom i h\u00f8y fart bakfra og de kj\u00f8rer forsiktig foran, s\u00e5 det er fort gjort, sier Skistad til NRK.<\/p>\n<p class=\"font-weight-bold m-font-weight-bold\" data-lab-font_weight=\"font-weight-bold\">&#8211; Det er veldig kjedelig \u00e5 ryke p\u00e5 denne m\u00e5ten her, sier hun videre.<\/p>\n<p>Allerede i semifinalen fikk Skistad det t\u00f8ft mot den svenske duoen Jonna Sundling og Linn Svahn, men berget andreplassen med et n\u00f8dskrik og tok seg f\u00f8rst videre.<\/p>\n<p>        <img loading=\"lazy\" decoding=\"async\" src=\"https:\/\/www.europesays.com\/no\/wp-content\/uploads\/2025\/12\/83980795.webp\" width=\"980\" height=\"559\" title=\"NEDTUR: Det ble nok en nedtgur for Kristine Stav\u00e5s Skistad. Foto: Maxim Thore \/ BILDBYR\u00c5N\" alt=\"\" class=\"\" style=\"--aspect-ratio-image: 1.75; \"\/><\/p>\n<p>\n        NEDTUR: Det ble nok en nedtgur for Kristine Stav\u00e5s Skistad. Foto: Maxim Thore \/ BILDBYR\u00c5N\n    <\/p>\n<p>&#8211; Streng\t<\/p>\n<p class=\"font-weight-normal m-font-weight-normal\" data-lab-font_weight=\"font-weight-normal\">S\u00e5 kom meldingen om at hun ble disket for en obstruksjon av Nadine F\u00e4hndrich.<\/p>\n<p>&#8211; Her er juryen streng, sa NRKs Torgeir Bj\u00f8rn.<\/p>\n<p class=\"font-weight-bold m-font-weight-bold\" data-lab-font_weight=\"font-weight-bold\">&#8211; For et drama det er i Davos, sa han videre.<\/p>\n<p>Svenske Emma Ribom er ikke overrasket over at Skistad ble disket.<\/p>\n<p>&#8211; Det er ikke f\u00f8rste gangen hun kj\u00f8rer p\u00e5 grensen, sier Ribom til <a href=\"https:\/\/www.expressen.se\/sport\/langdskidor\/kristine-stavas-skistad-diskad\/\" target=\"_blank\" rel=\"nofollow noopener\">Expressen<\/a>.<\/p>\n<p>P\u00e5 sp\u00f8rsm\u00e5l om det er karma, svarer Ribom:<\/p>\n<p>&#8211; Ja, det kan du si.<\/p>\n<p>Diskingen skjedde samme dag som Johannes H\u00f8sflot Kl\u00e6bo r\u00f8yk ut allerede i kvartfinalen i Sveits etter et uhell. Les mer her:<\/p>\n<p>    <a itemprop=\"url\" href=\"https:\/\/www.dagbladet.no\/sport\/sjokk-royk-ut\/83980653\" rel=\"nofollow noopener\" target=\"_blank\"><\/p>\n<p>        <img loading=\"lazy\" decoding=\"async\" src=\"https:\/\/www.europesays.com\/no\/wp-content\/uploads\/2025\/12\/83980658.webp\" width=\"980\" height=\"441\" title=\"Sjokk: R\u00f8yk ut\" alt=\"\" class=\"lazyload\" style=\"--aspect-ratio-image: 2.22; \"\/><\/p>\n<p>        Sjokk: R\u00f8yk ut<\/p>\n<p>    <\/a><\/p>\n<p>Thriller-finale\t<\/p>\n<p>Mathilde Myhrvold viste allerede i kvartfinalen at hun var en vinnerkandidat i kveld, og Norge m\u00e5tte h\u00e5pe p\u00e5 henne i finalen. Hun m\u00f8tte tre svenske ut\u00f8vere i Sundling, Svahn og Dahlqvist, pluss Gimmler og F\u00e4ndrich.<\/p>\n<p>Sundling satte skikkelig fart tidlig i finalen, mens Myhrvold l\u00e5 klistret i ryggen hennes. Opp den siste bakken fikk svensken noen meter, men Myhrvold tok innp\u00e5 p\u00e5 oppl\u00f8pet. Det ble til slutt fotofisnish og det var umulig \u00e5 skille rivalene.<\/p>\n<p class=\"font-weight-bold m-font-weight-bold\" data-lab-font_weight=\"font-weight-bold\">Etter en liten stund ble Sundling k\u00e5ret til vinner med \u00f8rsm\u00e5 0,08 sekunder. Dermed m\u00e5 Myhrvold vente p\u00e5 sin f\u00f8rste verdenscupseier. F\u00e4hndrich ble nummer tre.<\/p>\n<p class=\"font-weight-normal m-font-weight-normal\" data-lab-font_weight=\"font-weight-normal\">&#8211; Du verden s\u00e5 mye dramatikk det var p\u00e5 veien til oppl\u00f8pet i kvart- og semifinaler, sa NRKs Jann Post.<\/p>\n<p> Ingrid Bergene Aabrekk var i semifinalen, mens Lotta Udnes Weng og Milla Grosberghaugen Andreassen r\u00f8yk ut i kvartfinalen.<\/p>\n<p>To russere var ogs\u00e5 p\u00e5 plass i verdenscupen for f\u00f8rste gang p\u00e5 fire \u00e5r, men begge to r\u00f8yk p\u00e5 hodet ut av prologen. Les mer her:<\/p>\n<p>        <img loading=\"lazy\" decoding=\"async\" src=\"https:\/\/www.europesays.com\/no\/wp-content\/uploads\/2025\/12\/83980643.webp\" width=\"686\" height=\"460\" title=\"Mathilde Myhrvold. Foto: Gian Ehrenzeller\/Keystone via AP\/AP\/NTB\" alt=\"\" class=\"\" style=\"--aspect-ratio-image: 1.49; \"\/><\/p>\n<p>\n        Mathilde Myhrvold. Foto: Gian Ehrenzeller\/Keystone via AP\/AP\/NTB\n    <\/p>\n<p>    <a itemprop=\"url\" href=\"https:\/\/www.dagbladet.no\/sport\/tilbake-tar-dem-imot-med-apne-armer\/83980055\" rel=\"nofollow noopener\" target=\"_blank\"><\/p>\n<p>        <img loading=\"lazy\" decoding=\"async\" src=\"https:\/\/www.europesays.com\/no\/wp-content\/uploads\/2025\/12\/83980077.webp\" width=\"980\" height=\"441\" title=\"Tilbake: - Tar dem imot med \u00e5pne armer\" alt=\"\" class=\"lazyload\" style=\"--aspect-ratio-image: 2.22; \"\/><\/p>\n<p>        Tilbake: &#8211; Tar dem imot med \u00e5pne armer<\/p>\n<p>    <\/a><\/p>\n","protected":false},"excerpt":{"rendered":"Stort drama i Davos da Kristine Stav\u00e5s Skistad ble d\u00f8mt for obstruksjon. Mathilde Myhrvold ble nummer to etter&hellip;\n","protected":false},"author":2,"featured_media":113478,"comment_status":"","ping_status":"","sticky":false,"template":"","format":"standard","meta":{"footnotes":""},"categories":[5],"tags":[20,21,24,25,15,19,711,794,398,22,23,17,18,13,30,28,29,14,16,83,26,27],"class_list":{"0":"post-113477","1":"post","2":"type-post","3":"status-publish","4":"format-standard","5":"has-post-thumbnail","7":"category-overskrifter","8":"tag-breaking-news","9":"tag-breakingnews","10":"tag-featured-news","11":"tag-featurednews","12":"tag-headlines","13":"tag-hovedoppslag","14":"tag-johannes-hosflot-klaebo","15":"tag-kristine-stavas-skistad","16":"tag-langrenn","17":"tag-latest-news","18":"tag-latestnews","19":"tag-main-news","20":"tag-mainnews","21":"tag-news","22":"tag-no","23":"tag-norge","24":"tag-norway","25":"tag-nyheter","26":"tag-overskrifter","27":"tag-sport","28":"tag-top-stories","29":"tag-topstories"},"share_on_mastodon":{"url":"https:\/\/pubeurope.com\/@no\/115722061570761547","error":""},"_links":{"self":[{"href":"https:\/\/www.europesays.com\/no\/wp-json\/wp\/v2\/posts\/113477","targetHints":{"allow":["GET"]}}],"collection":[{"href":"https:\/\/www.europesays.com\/no\/wp-json\/wp\/v2\/posts"}],"about":[{"href":"https:\/\/www.europesays.com\/no\/wp-json\/wp\/v2\/types\/post"}],"author":[{"embeddable":true,"href":"https:\/\/www.europesays.com\/no\/wp-json\/wp\/v2\/users\/2"}],"replies":[{"embeddable":true,"href":"https:\/\/www.europesays.com\/no\/wp-json\/wp\/v2\/comments?post=113477"}],"version-history":[{"count":0,"href":"https:\/\/www.europesays.com\/no\/wp-json\/wp\/v2\/posts\/113477\/revisions"}],"wp:featuredmedia":[{"embeddable":true,"href":"https:\/\/www.europesays.com\/no\/wp-json\/wp\/v2\/media\/113478"}],"wp:attachment":[{"href":"https:\/\/www.europesays.com\/no\/wp-json\/wp\/v2\/media?parent=113477"}],"wp:term":[{"taxonomy":"category","embeddable":true,"href":"https:\/\/www.europesays.com\/no\/wp-json\/wp\/v2\/categories?post=113477"},{"taxonomy":"post_tag","embeddable":true,"href":"https:\/\/www.europesays.com\/no\/wp-json\/wp\/v2\/tags?post=113477"}],"curies":[{"name":"wp","href":"https:\/\/api.w.org\/{rel}","templated":true}]}}