{"id":113481,"date":"2025-12-15T06:05:10","date_gmt":"2025-12-15T06:05:10","guid":{"rendered":"https:\/\/www.europesays.com\/no\/113481\/"},"modified":"2025-12-15T06:05:10","modified_gmt":"2025-12-15T06:05:10","slug":"rekord-i-salg-av-nye-elbiler-i-frykt-for-ekstra-moms","status":"publish","type":"post","link":"https:\/\/www.europesays.com\/no\/113481\/","title":{"rendered":"Rekord i salg av nye elbiler i frykt for ekstra moms"},"content":{"rendered":"<p class=\"kicker color_mobile_bg-green text-black color_mobile_text-black mobile-hasTextPadding\" style=\"\">Bil<\/p>\n<p>  Salget av elbiler har eksplodert i \u00e5rets siste m\u00e5ned. &#8211; Jeg har aldri sett maken.<\/p>\n<p>\n    JULEGAVE P\u00c5 FORSKUDD: &#8211; Alle de nye bilene vi har klart \u00e5 f\u00e5 tak i forsvinner ut til kundene nesten f\u00f8r de har v\u00e6rt innom butikken. Jeg har aldri opplevd maken, men i januar blir det nok stille, tror Kia-forhandler Thorolf Rudolfsen. Foto: Rune Korsvoll\n  <\/p>\n<p>Sjefen for Kia-forhandler R2 p\u00e5 Romerike,<br \/>\nThorolf Rudolfsen, har solgt biler i 25 \u00e5r. De siste ukene med rekordsalg har<br \/>\nv\u00e6rt ekstremt travle. De nye bilene rekker knapt \u00e5 v\u00e6re innom butikken f\u00f8r de<br \/>\nflyr ut igjen til kunder:<\/p>\n<p>&#8211; I mine 25 \u00e5r som selger har jeg ikke opplevd noe<br \/>\nsom dette. Det er liten tvil om at den nye momsgrensen p\u00e5 300\u00a0000 kroner f\u00e5r folk som hadde planlagt \u00e5 kj\u00f8pe ny elbil i 2026 til \u00e5 framskynde<br \/>\nkj\u00f8pet. De vil sikre seg en ny bil f\u00f8r prisene stiger, sier Rudolfsen til<br \/>\nDinSide. <\/p>\n<p>        AVSL\u00d8RING: De to kameratene utviklet en l\u00f8sning som gjorde det mulig \u00e5 \u00e5pne hvilken som helst pakkeboks. Video: Ole Petter Bauger\u00f8d Stokke.<\/p>\n<p>Han forteller at nye Kia EV3 er deres klart mest solgte bil.<br \/>\nEn utgave som i dag koster rundt<br \/>\n450\u00a0000 kroner, vil bli 40\u00a0000 til 45\u00a0000 kroner dyrere etter nytt\u00e5r<br \/>\nn\u00e5r det skal betales moms for salgssummen som overstiger 300\u00a0000 kroner.<\/p>\n<p>Snart utsolgt\t<\/p>\n<p>&#8211; Vi har bare to nye EV3 igjen i butikken akkurat<br \/>\nn\u00e5. Kia gir imidlertid en momsgaranti p\u00e5 de bilene vi selger n\u00e5. Det betyr at du<br \/>\nslipper \u00e5 betale den ekstra momsen dersom vi ikke f\u00e5r levert bilen f\u00f8r i januar<br \/>\neller februar. <\/p>\n<p>Rudolfsen har v\u00e6rt med i dette gamet lenge og har opplevd<br \/>\nb\u00e5de opp- og nedturer tidligere:<\/p>\n<p>&#8211; Det er hyggelig \u00e5 f\u00e5 et slikt salg som en f\u00f8rjulsgave, men<br \/>\njeg vet hva som venter i januar. Da blir det stille, sier Rudolfsen.<\/p>\n<p>        <img loading=\"lazy\" decoding=\"async\" src=\"https:\/\/www.europesays.com\/no\/wp-content\/uploads\/2025\/12\/83965177.webp\" width=\"980\" height=\"559\" title=\"TESLA DOMINERER: Med Model Y p\u00e5 f\u00f8rsteplass og Model 3 p\u00e5 andreplass i november, dominerer Tesla fortsatt nybilsalget i Norge. Det er unikt, siden Tesla-salget stuper i de fleste andre land i Europa. Foto: Tesla\" alt=\"\" class=\"\" style=\"--aspect-ratio-image: 1.75; \"\/><\/p>\n<p>\n        TESLA DOMINERER: Med Model Y p\u00e5 f\u00f8rsteplass og Model 3 p\u00e5 andreplass i november, dominerer Tesla fortsatt nybilsalget i Norge. Det er unikt, siden Tesla-salget stuper i de fleste andre land i Europa. Foto: Tesla\n    <\/p>\n<p>Harald A. M\u00f8ller, som importerer Volkswagen, Audi og Skoda,<br \/>\nhar en av Norges st\u00f8rste forhandlerkjeder. I november hadde de to<br \/>\nVolkswagen-modeller og to Skoda-modeller blant de ti mest solgte bilene i<br \/>\nNorge.<\/p>\n<p>    <a itemprop=\"url\" href=\"https:\/\/www.elbil24.no\/pro\/sju-anbefalte-elbiler-akkurat-na-knallkjop\/83907042\" rel=\"nofollow noopener\" target=\"_blank\"><\/p>\n<p>        <img loading=\"lazy\" decoding=\"async\" src=\"https:\/\/www.europesays.com\/no\/wp-content\/uploads\/2025\/12\/1765778710_11_83909105.webp\" width=\"147\" height=\"98\" title=\"Sju anbefalte elbiler akkurat n\u00e5: \u2013 Knallkj\u00f8p\" alt=\"\" class=\"lazyload\" style=\"--aspect-ratio-image: 1.50; \"\/><\/p>\n<p>        Sju anbefalte elbiler akkurat n\u00e5: \u2013 Knallkj\u00f8p<\/p>\n<p>    <\/a><\/p>\n<p>Gir momsgaranti<\/p>\n<p>Ogs\u00e5 her er det en helt spesiell f\u00f8rjulsstemning, forteller administrerende direkt\u00f8r Ulf Tore Hekneby til DinSide:<\/p>\n<p>&#8211; Det veldige trykket vi ser n\u00e5, skyldes i stor<br \/>\ngrad den usikkerheten som kom med regjeringens momsforslag til statsbudsjett for<br \/>\n2026. Heldigvis klarte MDG og SV \u00e5 dra budsjettet i en mer elbil- og<br \/>\nklimavennlig retning (full moms utsatt fra 2027 til 2028, red.anm.), sier Hekneby.<\/p>\n<p>Han mener at det fortsatt er sterke<br \/>\ninsentiver for \u00e5 f\u00e5 bilene registrert p\u00e5 denne siden av nytt\u00e5r, og forteller at det<br \/>\nfortsatt er mulig \u00e5 skaffe seg en ny elbil til dagens priser: <\/p>\n<p>        <img loading=\"lazy\" decoding=\"async\" itemprop=\"image\" src=\"https:\/\/www.europesays.com\/no\/wp-content\/uploads\/2025\/12\/83965185.webp\" width=\"180\" height=\"180\" alt=\"&lt;br&gt;Ulf Tore Hekneby\"\/><\/p>\n<p>Ulf Tore Hekneby<br \/>\n            <br \/>Ulf Tore<br \/>\n            Hekneby        <\/p>\n<p>Administrerende direkt\u00f8r i Harald A. M\u00f8ller<\/p>\n<p>&#8211; For \u00e5 b\u00f8te p\u00e5 noe av usikkerheten har vi tilbudt<br \/>\nen momsgaranti for flere kunder som ikke f\u00e5r bilen f\u00f8r neste \u00e5r. I tillegg<br \/>\njobbes det p\u00e5 spreng p\u00e5 fabrikken, gjennom v\u00e5r egen logistikkvirksomhet og<br \/>\nhele veien ut til forhandlerne v\u00e5re med \u00e5 f\u00e5 tak i nye biler.<\/p>\n<p>&#8211; Vi har fortsatt<br \/>\nbiler tilgjengelig p\u00e5 lager, s\u00e5 v\u00e5rt r\u00e5d til kunder som \u00f8nsker en ny bil, er \u00e5<br \/>\nta kontakt med forhandleren sin for \u00e5 se p\u00e5 mulighetene, sier M\u00f8ller-sjefen.<\/p>\n<p>Endring av momsgrenseKalkulator<\/p>\n<p>Vektavgift (2025):\u2013<\/p>\n<p>Vektavgift (2026):\u2013<\/p>\n<p>Dagens moms (\u2191500 000):\u2013<\/p>\n<p>Moms med valgt terskel:\u2013<\/p>\n<p>Ny totalpris (2026):\u2013<\/p>\n<p style=\"margin-bottom:8px;font-weight:800;text-align:center;\">Prisendring for utvalgte elbiler<\/p>\n<tr style=\"text-align:left;font-size:11px;color:#666\">\nModell<br \/>\nDagens pris<br \/>\nNy pris<br \/>\nEndring<br \/>\n<\/tr>\n<p><a href=\"https:\/\/www.elbil24.no\" class=\"elbil24-logo\" aria-label=\"Elbil24.no\" rel=\"nofollow noopener\" target=\"_blank\"><\/p>\n<p><\/a><\/p>\n<p>Alle kj\u00f8per elbil<\/p>\n<p>Tallene fra Opplysningsr\u00e5det for veitrafikken (OFV) for nybilregistreringer i november, bekrefter rekordsterkt salg. Forrige<br \/>\nm\u00e5ned ble det registrert 19\u00a0899 personbiler, en vekst p\u00e5 70,2 prosent<br \/>\nsammenliknet med november i fjor. Hele 97,6 prosent av de som kj\u00f8pte ny bil, valgte<br \/>\nelbil. <\/p>\n<p>&#8211; Dette er en historisk sterk november. Andelen<br \/>\nelbiler har aldri v\u00e6rt h\u00f8yere og mange merker vokser betydelig. Den foresl\u00e5tte<br \/>\nmomsendringen fra nytt\u00e5r, bidrar til at mange velger \u00e5 framskynde kj\u00f8pet av ny<br \/>\nbil for \u00e5 f\u00e5 den til dagens betingelser. Litt lavere rente og mange<br \/>\nkampanjer hos forhandlerne bidrar ogs\u00e5, sier OFV-sjef Geir Inge Stokke.<\/p>\n<p>Stokke ser at farten i salget snart halvveis inn i desember<br \/>\nfortsatt er h\u00f8y. Han tror at dette kan bli en \u00e5rsavslutning med flere nye<br \/>\nrekorder. <\/p>\n<p>    Ti p\u00e5 topp i november<\/p>\n<tr>\n<td>1.<\/td>\n<td>Tesla Model Y<\/td>\n<td>3648<\/td>\n<\/tr>\n<tr>\n<td>2.<\/td>\n<td>Tesla Model 3<\/td>\n<td>2564<\/td>\n<\/tr>\n<tr>\n<td>3.<\/td>\n<td>Volvo EX40<\/td>\n<td>916<\/td>\n<\/tr>\n<tr>\n<td>4.<\/td>\n<td>Volkswagen ID.4<\/td>\n<td>892<\/td>\n<\/tr>\n<tr>\n<td>5.<\/td>\n<td>Volkswagen ID.7<\/td>\n<td>780<\/td>\n<\/tr>\n<tr>\n<td>6.<\/td>\n<td>Volvo EX30<\/td>\n<td>774<\/td>\n<\/tr>\n<tr>\n<td>7.<\/td>\n<td>Ford Explorer EV<\/td>\n<td>508<\/td>\n<\/tr>\n<tr>\n<td>8.<\/td>\n<td>Skoda Elroq<\/td>\n<td>486<\/td>\n<\/tr>\n<tr>\n<td>9.<\/td>\n<td>Skoda Enyaq<\/td>\n<td>420<\/td>\n<\/tr>\n<tr>\n<td>10.<\/td>\n<td>BMW X1<\/td>\n<td>418<\/td>\n<\/tr>\n<p class=\"description italic m-italic\">Kilde: Opplysningsr\u00e5det for veitrafikken \u2013 antall registreringer i november 2025<\/p>\n","protected":false},"excerpt":{"rendered":"Bil Salget av elbiler har eksplodert i \u00e5rets siste m\u00e5ned. &#8211; Jeg har aldri sett maken. JULEGAVE P\u00c5&hellip;\n","protected":false},"author":2,"featured_media":113482,"comment_status":"","ping_status":"","sticky":false,"template":"","format":"standard","meta":{"footnotes":""},"categories":[56],"tags":[3142,60,61,267,2073,217,62,30,28,29,5746,272,268],"class_list":{"0":"post-113481","1":"post","2":"type-post","3":"status-publish","4":"format-standard","5":"has-post-thumbnail","7":"category-naeringsliv","8":"tag-avgifter","9":"tag-business","10":"tag-economy","11":"tag-elbil","12":"tag-kia","13":"tag-motor","14":"tag-naeringsliv","15":"tag-no","16":"tag-norge","17":"tag-norway","18":"tag-nybilsalget","19":"tag-tesla","20":"tag-volkswagen"},"share_on_mastodon":{"url":"https:\/\/pubeurope.com\/@no\/115722081109843914","error":""},"_links":{"self":[{"href":"https:\/\/www.europesays.com\/no\/wp-json\/wp\/v2\/posts\/113481","targetHints":{"allow":["GET"]}}],"collection":[{"href":"https:\/\/www.europesays.com\/no\/wp-json\/wp\/v2\/posts"}],"about":[{"href":"https:\/\/www.europesays.com\/no\/wp-json\/wp\/v2\/types\/post"}],"author":[{"embeddable":true,"href":"https:\/\/www.europesays.com\/no\/wp-json\/wp\/v2\/users\/2"}],"replies":[{"embeddable":true,"href":"https:\/\/www.europesays.com\/no\/wp-json\/wp\/v2\/comments?post=113481"}],"version-history":[{"count":0,"href":"https:\/\/www.europesays.com\/no\/wp-json\/wp\/v2\/posts\/113481\/revisions"}],"wp:featuredmedia":[{"embeddable":true,"href":"https:\/\/www.europesays.com\/no\/wp-json\/wp\/v2\/media\/113482"}],"wp:attachment":[{"href":"https:\/\/www.europesays.com\/no\/wp-json\/wp\/v2\/media?parent=113481"}],"wp:term":[{"taxonomy":"category","embeddable":true,"href":"https:\/\/www.europesays.com\/no\/wp-json\/wp\/v2\/categories?post=113481"},{"taxonomy":"post_tag","embeddable":true,"href":"https:\/\/www.europesays.com\/no\/wp-json\/wp\/v2\/tags?post=113481"}],"curies":[{"name":"wp","href":"https:\/\/api.w.org\/{rel}","templated":true}]}}