{"id":113489,"date":"2025-12-15T06:28:13","date_gmt":"2025-12-15T06:28:13","guid":{"rendered":"https:\/\/www.europesays.com\/no\/113489\/"},"modified":"2025-12-15T06:28:13","modified_gmt":"2025-12-15T06:28:13","slug":"hendelser-kontroller-kom-susende-inn-i-kontrollen-mistet-lappen-pa-stedet","status":"publish","type":"post","link":"https:\/\/www.europesays.com\/no\/113489\/","title":{"rendered":"Hendelser, Kontroller | Kom susende inn i kontrollen \u2013 mistet lappen p\u00e5 stedet"},"content":{"rendered":"\n<p>S\u00f8ndag kveld holdt politiet fartskontroll p\u00e5 FV32 Hovengtunnelen i Porsgrunn. Det resulterte i to b\u00f8ter, samt et f\u00f8rerkortbeslag. <\/p>\n<p>Operasjonsleder Inge Omli Landsr\u00f8d hos S\u00f8r-\u00d8st politidistrikt opplyser at i tilfellet der det ble f\u00f8rerkortbeslag, hadde sj\u00e5f\u00f8ren kommet kj\u00f8rende i 101 km\/t i 60-sona p\u00e5 stedet. <\/p>\n<p>F\u00f8reren av bilen var en mann i slutten av ten\u00e5rene fra Porsgrunn.<\/p>\n<p>Det ble opprettet sak p\u00e5 forholdet. <\/p>\n","protected":false},"excerpt":{"rendered":"S\u00f8ndag kveld holdt politiet fartskontroll p\u00e5 FV32 Hovengtunnelen i Porsgrunn. Det resulterte i to b\u00f8ter, samt et f\u00f8rerkortbeslag.&hellip;\n","protected":false},"author":2,"featured_media":1273,"comment_status":"","ping_status":"","sticky":false,"template":"","format":"standard","meta":{"footnotes":""},"categories":[10],"tags":[36,20,21,24,25,15,168,1635,22,23,13,30,28,29,14,16,1370,1510,26,27],"class_list":{"0":"post-113489","1":"post","2":"type-post","3":"status-publish","4":"format-standard","5":"has-post-thumbnail","7":"category-norge","8":"tag-art","9":"tag-breaking-news","10":"tag-breakingnews","11":"tag-featured-news","12":"tag-featurednews","13":"tag-headlines","14":"tag-hendelser","15":"tag-kontroller","16":"tag-latest-news","17":"tag-latestnews","18":"tag-news","19":"tag-no","20":"tag-norge","21":"tag-norway","22":"tag-nyheter","23":"tag-overskrifter","24":"tag-porsgrunn","25":"tag-story","26":"tag-top-stories","27":"tag-topstories"},"share_on_mastodon":{"url":"https:\/\/pubeurope.com\/@no\/115722171405487351","error":""},"_links":{"self":[{"href":"https:\/\/www.europesays.com\/no\/wp-json\/wp\/v2\/posts\/113489","targetHints":{"allow":["GET"]}}],"collection":[{"href":"https:\/\/www.europesays.com\/no\/wp-json\/wp\/v2\/posts"}],"about":[{"href":"https:\/\/www.europesays.com\/no\/wp-json\/wp\/v2\/types\/post"}],"author":[{"embeddable":true,"href":"https:\/\/www.europesays.com\/no\/wp-json\/wp\/v2\/users\/2"}],"replies":[{"embeddable":true,"href":"https:\/\/www.europesays.com\/no\/wp-json\/wp\/v2\/comments?post=113489"}],"version-history":[{"count":0,"href":"https:\/\/www.europesays.com\/no\/wp-json\/wp\/v2\/posts\/113489\/revisions"}],"wp:featuredmedia":[{"embeddable":true,"href":"https:\/\/www.europesays.com\/no\/wp-json\/wp\/v2\/media\/1273"}],"wp:attachment":[{"href":"https:\/\/www.europesays.com\/no\/wp-json\/wp\/v2\/media?parent=113489"}],"wp:term":[{"taxonomy":"category","embeddable":true,"href":"https:\/\/www.europesays.com\/no\/wp-json\/wp\/v2\/categories?post=113489"},{"taxonomy":"post_tag","embeddable":true,"href":"https:\/\/www.europesays.com\/no\/wp-json\/wp\/v2\/tags?post=113489"}],"curies":[{"name":"wp","href":"https:\/\/api.w.org\/{rel}","templated":true}]}}