{"id":113497,"date":"2025-12-15T06:43:42","date_gmt":"2025-12-15T06:43:42","guid":{"rendered":"https:\/\/www.europesays.com\/no\/113497\/"},"modified":"2025-12-15T06:43:42","modified_gmt":"2025-12-15T06:43:42","slug":"vi-har-nesten-ingenting-som-er-nytt","status":"publish","type":"post","link":"https:\/\/www.europesays.com\/no\/113497\/","title":{"rendered":"\u2013 Vi har nesten ingenting som er nytt"},"content":{"rendered":"<p class=\"kicker \" style=\"\">Interi\u00f8r:<\/p>\n<p>  Pia pynter til en stemningsfull julem\u00e5ned med en<br \/>\nfin miks av h\u00e5ndarbeid og gamle klenodier.<\/p>\n<p>\n    Pia er utdannet kroppsterapeut og driver i dag<br \/>\nsin egen klinikk, som hun<br \/>\nhar i en etasje i parets<br \/>\nhus. Tidligere drev hun<br \/>\nsin egen interi\u00f8rbutikk. FOTO: Mia Mortensen\n  <\/p>\n<p>    Her bor<\/p>\n<p>Pia Elgaard, som er kroppsterapeut, og<br \/>\nhennes mann Stefan, samt deres fem barn p\u00e5<br \/>\n8, 16, 18 og to p\u00e5 20 \u00e5r, som de har fra<br \/>\ntidligere forhold.<br \/>\nHuset er en s\u00e5kalt murermestervilla som<br \/>\nligger i Kolding i Danmark. Huset ble bygd i<br \/>\n1936 og er 250 kvadratmeter stort.<\/p>\n<p>      Vis mer<br \/>\n      Vis mindre<\/p>\n<p>N\u00e5r du kommer innenfor d\u00f8ren hos Pia og Stefan, senker skuldrene seg helt automatisk. Her oser det av ekte julekos, og man merker raskt at dette hjemmet rommer b\u00e5de hjertevarme, estetisk sans og en forkj\u00e6rlighet for gamle funn \u2013 til tross for at paret bare har bodd i huset i et \u00e5rs tid.<\/p>\n<p>\u2013 Vi flyttet inn med det vi hver for oss hadde. Vi har begge en forkj\u00e6rlighet for gamle ting, s\u00e5 det er det vi liker \u00e5 omgi oss med, sier Pia, og fortsetter:<\/p>\n<p>\u2013 Vi har nesten ingenting som er nytt. For meg handler det mest om at alle skal f\u00f8le seg velkomne og hjemme i v\u00e5r nye familie. Jeg har spurt barna v\u00e5re, og de beskriver hjemmet v\u00e5rt som ustrukturert, hyggelig og med kj\u00e6rlighet til gamle sjeler. Derfor b\u00e6rer b\u00e5de hjemmet og m\u00f8blene preg av at de skal brukes \u2013 ikke bare st\u00e5 til pynt. Alt har en historie, en sjel, som gj\u00f8r hjemmet levende, sier Pia, som ogs\u00e5 har en forkj\u00e6rlighet for tapeter:<\/p>\n<p>\u2013 Vi ble enige om at jeg fikk sette opp tapet p\u00e5 \u00e9n vegg i hvert rom. Det har jeg ikke angret et sekund p\u00e5, for det rammer inn og gir stemning til de store, lyse rommene, forteller hun.<\/p>\n<p>        <img loading=\"lazy\" decoding=\"async\" src=\"https:\/\/www.europesays.com\/no\/wp-content\/uploads\/2025\/12\/83964728.webp\" width=\"686\" height=\"1029\" title=\"I \u00e5r har Pia laget store stoffsl\u00f8yfer som hun&#10;har dekorert med, blant annet i vinduer.&#10;Hun elsker utsikten fra kj\u00f8kkenet mot&#10;spisestuen. Her str\u00f8mmer det vakreste&#10;lyset inn i karnappen, hvor Pia dr\u00f8mmer&#10;om lange, lysebl\u00e5 gardiner fra gulv til tak.&#10;Rundt det dekkede julebordet st\u00e5r gamle&#10;m\u00f8belklassikere side om side med en&#10;moderne Frama-krakk. FOTO: Mia Mortensen\" alt=\"\" class=\"\" style=\"--aspect-ratio-image: 0.67; \"\/><\/p>\n<p>\n        I \u00e5r har Pia laget store stoffsl\u00f8yfer som hun<br \/>\nhar dekorert med, blant annet i vinduer.<br \/>\nHun elsker utsikten fra kj\u00f8kkenet mot<br \/>\nspisestuen. Her str\u00f8mmer det vakreste<br \/>\nlyset inn i karnappen, hvor Pia dr\u00f8mmer<br \/>\nom lange, lysebl\u00e5 gardiner fra gulv til tak.<br \/>\nRundt det dekkede julebordet st\u00e5r gamle<br \/>\nm\u00f8belklassikere side om side med en<br \/>\nmoderne Frama-krakk. FOTO: Mia Mortensen\n    <\/p>\n<p>        <img loading=\"lazy\" decoding=\"async\" src=\"https:\/\/www.europesays.com\/no\/wp-content\/uploads\/2025\/12\/83964733.webp\" width=\"686\" height=\"1029\" title=\"Pia holder bordekkingen&#10;dempet med f\u00e5, men&#10;stilfulle elementer. FOTO: Mia Mortensen\" alt=\"\" class=\"\" style=\"--aspect-ratio-image: 0.67; \"\/><\/p>\n<p>\n        Pia holder bordekkingen<br \/>\ndempet med f\u00e5, men<br \/>\nstilfulle elementer. FOTO: Mia Mortensen\n    <\/p>\n<p>        <img loading=\"lazy\" decoding=\"async\" src=\"https:\/\/www.europesays.com\/no\/wp-content\/uploads\/2025\/12\/83964741.webp\" width=\"686\" height=\"1029\" title=\"Det gamle bordet har Pia malt i en&#10;st\u00f8vet bl\u00e5 farge. Lampen er et av&#10;de mange gamle lampefunnene&#10;hun har gjort gjennom \u00e5rene. FOTO: Mia Mortensen\" alt=\"\" class=\"\" style=\"--aspect-ratio-image: 0.67; \"\/><\/p>\n<p>\n        Det gamle bordet har Pia malt i en<br \/>\nst\u00f8vet bl\u00e5 farge. Lampen er et av<br \/>\nde mange gamle lampefunnene<br \/>\nhun har gjort gjennom \u00e5rene. FOTO: Mia Mortensen\n    <\/p>\n<p>        <img loading=\"lazy\" decoding=\"async\" src=\"https:\/\/www.europesays.com\/no\/wp-content\/uploads\/2025\/12\/83964744.webp\" width=\"686\" height=\"1029\" title=\"FOTO: Mia Mortensen\" alt=\"\" class=\"\" style=\"--aspect-ratio-image: 0.67; \"\/><\/p>\n<p>\n        FOTO: Mia Mortensen\n    <\/p>\n<p>    <a itemprop=\"url\" href=\"https:\/\/www.kk.no\/bolig\/tre-mikrotrender-vi-ser-mer-og-mer-av\/83779499\" rel=\"nofollow noopener\" target=\"_blank\"><\/p>\n<p>        <img loading=\"lazy\" decoding=\"async\" src=\"https:\/\/www.europesays.com\/no\/wp-content\/uploads\/2025\/12\/83779542.webp\" width=\"980\" height=\"441\" title=\"- Tre mikrotrender vi ser mer og mer av\" alt=\"\" class=\"lazyload\" style=\"--aspect-ratio-image: 2.22; \"\/><\/p>\n<p>        &#8211; Tre mikrotrender vi ser mer og mer av<\/p>\n<p>    <\/a><\/p>\n<p>Forkj\u00e6rligheten for gamle ting ses ogs\u00e5 tydelig n\u00e5r paret pynter til jul. Her har b\u00e5de broderte oppheng, stoffpynt, perleklokker og heklet julepynt f\u00e5tt en helt spesiell plass.\u00a0<\/p>\n<p>Ved juletider finner Pia frem eskene med den gamle julepynten, som hun tar godt vare p\u00e5 \u00e5r etter \u00e5r. Den blander hun med litt hjemmelaget pynt hun sysler med om kveldene. I \u00e5r har Pia laget store, fyldige stoffsl\u00f8yfer som henger i vinduene. Hun liker ogs\u00e5 \u00e5 kj\u00f8pe h\u00e5ndlaget julepynt fra kreative hender, fordi hun elsker sjelen det gir n\u00e5r tid, tanke og h\u00e5ndarbeid ligger bak.<\/p>\n<p>\u2013 Jeg minner meg selv p\u00e5 at julen skal v\u00e6re hyggelig, rolig og ikke stressende. Jeg setter pris p\u00e5 rolige dager, og siden jeg ikke har s\u00e5 stor familie, gir det god tid og plass til dem rundt oss. Jeg bruker mye energi p\u00e5 \u00e5 skape en harmonisk stemning, for hvis ikke dette er et sted det f\u00f8les godt \u00e5 v\u00e6re, hjelper det ingenting om det er pyntet og fint, sier Pia. <\/p>\n<p>        <img loading=\"lazy\" decoding=\"async\" src=\"https:\/\/www.europesays.com\/no\/wp-content\/uploads\/2025\/12\/83964739.webp\" width=\"686\" height=\"1029\" title=\"I tillegg til de stemningsskapende&#10;tapetene i stuene, har Pia malt alle&#10;karmer og lister i de to tilst\u00f8tende&#10;stuene \u2013 spisestuen og dagligstuen \u2013&#10;i den samme myke bl\u00e5gr\u00f8nne fargen&#10;som binder innredningen sammen og&#10;rammer rommene inn. Fargen heter&#10;\u00abSerene Blue\u00bb og er fra Jotun. FOTO: Mia Mortensen\" alt=\"\" class=\"\" style=\"--aspect-ratio-image: 0.67; \"\/><\/p>\n<p>\n        I tillegg til de stemningsskapende<br \/>\ntapetene i stuene, har Pia malt alle<br \/>\nkarmer og lister i de to tilst\u00f8tende<br \/>\nstuene \u2013 spisestuen og dagligstuen \u2013<br \/>\ni den samme myke bl\u00e5gr\u00f8nne fargen<br \/>\nsom binder innredningen sammen og<br \/>\nrammer rommene inn. Fargen heter<br \/>\n\u00abSerene Blue\u00bb og er fra Jotun. FOTO: Mia Mortensen\n    <\/p>\n<p>        <img loading=\"lazy\" decoding=\"async\" src=\"https:\/\/www.europesays.com\/no\/wp-content\/uploads\/2025\/12\/83964743.webp\" width=\"686\" height=\"1029\" title=\"I \u00e5r ferirer Pia&#10;og Stefan uten&#10;barna, og de har&#10;derfor valgt \u00e5&#10;droppe et stort&#10;juletre. I stedet&#10;har Pia plassert&#10;mange sm\u00e5 tr\u00e6r&#10;i krukker rundt&#10;omkring. FOTO: Mia Mortensen\" alt=\"\" class=\"\" style=\"--aspect-ratio-image: 0.67; \"\/><\/p>\n<p>\n        I \u00e5r ferirer Pia<br \/>\nog Stefan uten<br \/>\nbarna, og de har<br \/>\nderfor valgt \u00e5<br \/>\ndroppe et stort<br \/>\njuletre. I stedet<br \/>\nhar Pia plassert<br \/>\nmange sm\u00e5 tr\u00e6r<br \/>\ni krukker rundt<br \/>\nomkring. FOTO: Mia Mortensen\n    <\/p>\n<p>        <img loading=\"lazy\" decoding=\"async\" src=\"https:\/\/www.europesays.com\/no\/wp-content\/uploads\/2025\/12\/83964754.webp\" width=\"686\" height=\"1029\" title=\"Entreen med den vakre,&#10;gamle trappen er pyntet&#10;med en hjemmelaget&#10;julesl\u00f8yfe som Pia har sydd av&#10;svigermorens gamle gardiner&#10;i rosa sateng. Tips! I stedet for alltid \u00e5 pynte&#10;de mest opplagte stedene,&#10;pr\u00f8v med pynt p\u00e5 mer&#10;uventede steder \u2013 som&#10;d\u00f8rh\u00e5ndtak eller&#10;m\u00f8belgrep. FOTO: Mia Mortensen\" alt=\"\" class=\"\" style=\"--aspect-ratio-image: 0.67; \"\/><\/p>\n<p>\n        Entreen med den vakre,<br \/>\ngamle trappen er pyntet<br \/>\nmed en hjemmelaget<br \/>\njulesl\u00f8yfe som Pia har sydd av<br \/>\nsvigermorens gamle gardiner<br \/>\ni rosa sateng. Tips! I stedet for alltid \u00e5 pynte<br \/>\nde mest opplagte stedene,<br \/>\npr\u00f8v med pynt p\u00e5 mer<br \/>\nuventede steder \u2013 som<br \/>\nd\u00f8rh\u00e5ndtak eller<br \/>\nm\u00f8belgrep. FOTO: Mia Mortensen\n    <\/p>\n<p>        <img loading=\"lazy\" decoding=\"async\" src=\"https:\/\/www.europesays.com\/no\/wp-content\/uploads\/2025\/12\/83964747.webp\" width=\"686\" height=\"1029\" title=\"Over kj\u00f8kkenbenken henger&#10;til daglig et bilde, men til jul&#10;tas det ned og opp kommer&#10;en dekorativ grankrans. Den&#10;varme, kremete veggfargen&#10;med gule undertoner st\u00e5r i fin&#10;kontrast til kj\u00f8kkenets kj\u00f8lige&#10;gr\u00e5bl\u00e5 toner. Tips! Heng en julekrans for&#10;eksempel over&#10;kj\u00f8kkenbenken eller der et&#10;bilde vanligvis henger \u2013 og&#10;la den bli et naturlig&#10;blikkfang. FOTO: Mia Mortensen\" alt=\"\" class=\"\" style=\"--aspect-ratio-image: 0.67; \"\/><\/p>\n<p>\n        Over kj\u00f8kkenbenken henger<br \/>\ntil daglig et bilde, men til jul<br \/>\ntas det ned og opp kommer<br \/>\nen dekorativ grankrans. Den<br \/>\nvarme, kremete veggfargen<br \/>\nmed gule undertoner st\u00e5r i fin<br \/>\nkontrast til kj\u00f8kkenets kj\u00f8lige<br \/>\ngr\u00e5bl\u00e5 toner. Tips! Heng en julekrans for<br \/>\neksempel over<br \/>\nkj\u00f8kkenbenken eller der et<br \/>\nbilde vanligvis henger \u2013 og<br \/>\nla den bli et naturlig<br \/>\nblikkfang. FOTO: Mia Mortensen\n    <\/p>\n<p>Hun har ogs\u00e5 noen faste ritualer i desember:<\/p>\n<p>\u2013 Hver dag i desember tenner jeg levende lys i julespillet i vinduskarmen og i min gamle adventsstake med fire engler. Og s\u00e5 lager jeg en kopp duftende julete, som jeg nyter i ro og mak i den gamle stolen i spisestuen, hvor jeg ogs\u00e5 leser og strikker litt hver dag, forteller hun.<\/p>\n<p>        <img loading=\"lazy\" decoding=\"async\" src=\"https:\/\/www.europesays.com\/no\/wp-content\/uploads\/2025\/12\/83964742.webp\" width=\"686\" height=\"1029\" title=\"Det var Stefan som hadde med&#10;den fine, lysebl\u00e5 perlepyntet&#10;bjellen da paret flyttet sammen. FOTO: Mia Mortensen\" alt=\"\" class=\"\" style=\"--aspect-ratio-image: 0.67; \"\/><\/p>\n<p>\n        Det var Stefan som hadde med<br \/>\nden fine, lysebl\u00e5 perlepyntet<br \/>\nbjellen da paret flyttet sammen. FOTO: Mia Mortensen\n    <\/p>\n<p>        <img loading=\"lazy\" decoding=\"async\" src=\"https:\/\/www.europesays.com\/no\/wp-content\/uploads\/2025\/12\/83964752.webp\" width=\"686\" height=\"1029\" title=\"Alle rom er innredet etter avstemte fargepaletter, hvor&#10;de fine tapetene fungerer b\u00e5de som gjennomg\u00e5ende&#10;og avgrensende element. I soverommet har Pia valgt&#10;tapetet \u00abCubism\u00bb av Helene Blanche i bl\u00e5tt, som med&#10;sitt myke kubedesign er b\u00e5de klassisk og kunstnerisk&#10;p\u00e5 samme tid. FOTO: Mia Mortensen\" alt=\"\" class=\"\" style=\"--aspect-ratio-image: 0.67; \"\/><\/p>\n<p>\n        Alle rom er innredet etter avstemte fargepaletter, hvor<br \/>\nde fine tapetene fungerer b\u00e5de som gjennomg\u00e5ende<br \/>\nog avgrensende element. I soverommet har Pia valgt<br \/>\ntapetet \u00abCubism\u00bb av Helene Blanche i bl\u00e5tt, som med<br \/>\nsitt myke kubedesign er b\u00e5de klassisk og kunstnerisk<br \/>\np\u00e5 samme tid. FOTO: Mia Mortensen\n    <\/p>\n<p>Som sammenbrakt familie med barn fra tidligere forhold, har Pia og Stefan fortsatt til gode \u00e5 skape sine egne juletradisjoner. Derfor har de heller ikke et stort juletre i stuen i \u00e5r, siden de er uten barn p\u00e5 julaften. I stedet har Pia plantet sm\u00e5 juletr\u00e6r i krukker, slik at den fine julepynten likevel kan skape stemning i hjemmet.<\/p>\n<p>\u2013 Ja, og s\u00e5 har vi f\u00e5tt hund, og den liker veldig godt \u00e5 spise julepynten, s\u00e5 det ble en ekstra fordel at vi har sm\u00e5 tr\u00e6r i krukker som kan settes opp i h\u00f8yden, sier Pia.<\/p>\n<p>    <a itemprop=\"url\" href=\"https:\/\/www.kk.no\/bolig\/mamma-har-ofte-lurt-pa-hvor-interessen-kom-fra\/83721767\" rel=\"nofollow noopener\" target=\"_blank\"><\/p>\n<p>        <img loading=\"lazy\" decoding=\"async\" src=\"https:\/\/www.europesays.com\/no\/wp-content\/uploads\/2025\/12\/83721851.webp\" width=\"980\" height=\"441\" title=\"\u2013 Mamma har ofte lurt p\u00e5 hvor interessen kom fra\" alt=\"\" class=\"lazyload\" style=\"--aspect-ratio-image: 2.22; \"\/><\/p>\n<p>        \u2013 Mamma har ofte lurt p\u00e5 hvor interessen kom fra<\/p>\n<p>    <\/a><\/p>\n<p>    Tre tips til Pias stil<\/p>\n<p>1. Miks unik vintagepynt med<br \/>\nh\u00e5ndlagde kreasjoner som<br \/>\nskaper en nostalgisk<br \/>\njulestemning.<br \/>\n<br \/>2. La kunstneriske tapeter sette<br \/>\nstilen og fargene i hvert rom. Du<br \/>\nkan g\u00e5 \u00aball in\u00bb, eller gj\u00f8re som<br \/>\nPia og holde deg til \u00e9n vegg i<br \/>\nhvert rom, som blir et lite<br \/>\nkunstverk i seg selv.<br \/>\n<br \/>3. Mange gamle m\u00f8bler sammen<br \/>\nkan bli litt tungt, men med<br \/>\nenkelte moderne m\u00f8bler som<br \/>\nbryter stilen, kan du tilf\u00f8re et<br \/>\nuforutsigbart element som<br \/>\nl\u00f8fter helheten.<\/p>\n<p>      Vis mer<br \/>\n      Vis mindre<\/p>\n<p>F\u00e5 stilen\t<\/p>\n<p>Kreativt, hjemmelaget<br \/>\nog hyggelig!<\/p>\n<p>        <img loading=\"lazy\" decoding=\"async\" src=\"https:\/\/www.europesays.com\/no\/wp-content\/uploads\/2025\/12\/83964846.webp\" width=\"686\" height=\"755\" title=\"Stor julekrans med sl\u00f8yfe (kr 5000, Kid Interi\u00f8r).\" alt=\"\" class=\"\" style=\"--aspect-ratio-image: 0.91; \"\/><\/p>\n<p>\n        Stor julekrans med sl\u00f8yfe (kr 5000, Kid Interi\u00f8r).\n    <\/p>\n<p>        <img loading=\"lazy\" decoding=\"async\" src=\"https:\/\/www.europesays.com\/no\/wp-content\/uploads\/2025\/12\/83964835.webp\" width=\"579\" height=\"707\" title=\"Juleoppheng (kr 300, Bj\u00f8rn Wiinblad).\" alt=\"\" class=\"\" style=\"--aspect-ratio-image: 0.82; \"\/><\/p>\n<p>\n        Juleoppheng (kr 300, Bj\u00f8rn Wiinblad).\n    <\/p>\n<p>        <img loading=\"lazy\" decoding=\"async\" src=\"https:\/\/www.europesays.com\/no\/wp-content\/uploads\/2025\/12\/83964837.webp\" width=\"686\" height=\"789\" title=\"\u00abJungholm\u00bb krakk i rattan (kr 325, Jysk).\" alt=\"\" class=\"\" style=\"--aspect-ratio-image: 0.87; \"\/><\/p>\n<p>\n        \u00abJungholm\u00bb krakk i rattan (kr 325, Jysk).\n    <\/p>\n<p>        <img loading=\"lazy\" decoding=\"async\" src=\"https:\/\/www.europesays.com\/no\/wp-content\/uploads\/2025\/12\/83964840.webp\" width=\"579\" height=\"493\" title=\"Putetrekk (kr 200, Madam Stoltz).\" alt=\"\" class=\"\" style=\"--aspect-ratio-image: 1.17; \"\/><\/p>\n<p>\n        Putetrekk (kr 200, Madam Stoltz).\n    <\/p>\n<p>        <img loading=\"lazy\" decoding=\"async\" src=\"https:\/\/www.europesays.com\/no\/wp-content\/uploads\/2025\/12\/83964834.webp\" width=\"686\" height=\"686\" title=\"Eviggr\u00f8nt tre (kr 670, Bloomingville).\" alt=\"\" class=\"\" style=\"--aspect-ratio-image: 1.00; \"\/><\/p>\n<p>\n        Eviggr\u00f8nt tre (kr 670, Bloomingville).\n    <\/p>\n<p>        <img loading=\"lazy\" decoding=\"async\" src=\"https:\/\/www.europesays.com\/no\/wp-content\/uploads\/2025\/12\/83964836.webp\" width=\"686\" height=\"625\" title=\"\u00abTS\u00bb sofabord i hvit marmor (kr 7550, Gubi).\" alt=\"\" class=\"\" style=\"--aspect-ratio-image: 1.10; \"\/><\/p>\n<p>\n        \u00abTS\u00bb sofabord i hvit marmor (kr 7550, Gubi).\n    <\/p>\n<p>        <img loading=\"lazy\" decoding=\"async\" src=\"https:\/\/www.europesays.com\/no\/wp-content\/uploads\/2025\/12\/83964844.webp\" width=\"579\" height=\"383\" title=\"Lysestake (kr 620,&#10;Bungalow).\" alt=\"\" class=\"\" style=\"--aspect-ratio-image: 1.51; \"\/><\/p>\n<p>\n        Lysestake (kr 620,<br \/>\nBungalow).\n    <\/p>\n<p>        <img loading=\"lazy\" decoding=\"async\" src=\"https:\/\/www.europesays.com\/no\/wp-content\/uploads\/2025\/12\/83964847.webp\" width=\"579\" height=\"516\" title=\"\u00abMelissa\u00bb serveringsfat i stent\u00f8y (kr 600, Ellos Home).\" alt=\"\" class=\"\" style=\"--aspect-ratio-image: 1.12; \"\/><\/p>\n<p>\n        \u00abMelissa\u00bb serveringsfat i stent\u00f8y (kr 600, Ellos Home).\n    <\/p>\n<p>        <img loading=\"lazy\" decoding=\"async\" src=\"https:\/\/www.europesays.com\/no\/wp-content\/uploads\/2025\/12\/83964841.webp\" width=\"686\" height=\"721\" title=\"\u00abEken\u00e4set\u00bb lenestol i stoffet Gunnared lys gr\u00f8nn (kr 2295, Ikea).\" alt=\"\" class=\"\" style=\"--aspect-ratio-image: 0.95; \"\/><\/p>\n<p>\n        \u00abEken\u00e4set\u00bb lenestol i stoffet Gunnared lys gr\u00f8nn (kr 2295, Ikea).\n    <\/p>\n<p>        <img loading=\"lazy\" decoding=\"async\" src=\"https:\/\/www.europesays.com\/no\/wp-content\/uploads\/2025\/12\/83964842.webp\" width=\"686\" height=\"686\" title=\"Dekorsl\u00f8yfe med klype (kr 190, Bloomingville).\" alt=\"\" class=\"\" style=\"--aspect-ratio-image: 1.00; \"\/><\/p>\n<p>\n        Dekorsl\u00f8yfe med klype (kr 190, Bloomingville).\n    <\/p>\n<p>        <img loading=\"lazy\" decoding=\"async\" src=\"https:\/\/www.europesays.com\/no\/wp-content\/uploads\/2025\/12\/83964843.webp\" width=\"579\" height=\"469\" title=\"\u00abBernadotte\u00bb kanne i rustfritt st\u00e5l (kr 1550, Georg Jensen).\" alt=\"\" class=\"\" style=\"--aspect-ratio-image: 1.23; \"\/><\/p>\n<p>\n        \u00abBernadotte\u00bb kanne i rustfritt st\u00e5l (kr 1550, Georg Jensen).\n    <\/p>\n<p>        <img loading=\"lazy\" decoding=\"async\" src=\"https:\/\/www.europesays.com\/no\/wp-content\/uploads\/2025\/12\/83964845.webp\" width=\"686\" height=\"1352\" title=\"Kremmerhus i bomull&#10;(kr 80, Madam Stoltz).\" alt=\"\" class=\"\" style=\"--aspect-ratio-image: 0.51; \"\/><\/p>\n<p>\n        Kremmerhus i bomull<br \/>\n(kr 80, Madam Stoltz).\n    <\/p>\n<p>        <img loading=\"lazy\" decoding=\"async\" src=\"https:\/\/www.europesays.com\/no\/wp-content\/uploads\/2025\/12\/83964838.webp\" width=\"579\" height=\"487\" title=\"Perlet juletrepynt (kr 45, S\u00f8strene Grene)\" alt=\"\" class=\"\" style=\"--aspect-ratio-image: 1.19; \"\/><\/p>\n<p>\n        Perlet juletrepynt (kr 45, S\u00f8strene Grene)\n    <\/p>\n<p>        <img loading=\"lazy\" decoding=\"async\" src=\"https:\/\/www.europesays.com\/no\/wp-content\/uploads\/2025\/12\/83964839.webp\" width=\"686\" height=\"289\" title=\"Girlander med sl\u00f8yfer (kr 70, Kid Interi\u00f8r).\" alt=\"\" class=\"\" style=\"--aspect-ratio-image: 2.37; \"\/><\/p>\n<p>\n        Girlander med sl\u00f8yfer (kr 70, Kid Interi\u00f8r).\n    <\/p>\n<p class=\"italic m-italic\" data-lab-italic=\"italic\">Av: Mai Eckhoff Morseth<\/p>\n","protected":false},"excerpt":{"rendered":"Interi\u00f8r: Pia pynter til en stemningsfull julem\u00e5ned med en fin miks av h\u00e5ndarbeid og gamle klenodier. Pia er&hellip;\n","protected":false},"author":2,"featured_media":113498,"comment_status":"","ping_status":"","sticky":false,"template":"","format":"standard","meta":{"footnotes":""},"categories":[56],"tags":[5722,237,60,4698,61,4699,4700,5593,62,30,28,29],"class_list":{"0":"post-113497","1":"post","2":"type-post","3":"status-publish","4":"format-standard","5":"has-post-thumbnail","7":"category-naeringsliv","8":"tag-advent","9":"tag-bolig","10":"tag-business","11":"tag-dekor","12":"tag-economy","13":"tag-innredning","14":"tag-interior","15":"tag-jul","16":"tag-naeringsliv","17":"tag-no","18":"tag-norge","19":"tag-norway"},"share_on_mastodon":{"url":"https:\/\/pubeurope.com\/@no\/115722231238273629","error":""},"_links":{"self":[{"href":"https:\/\/www.europesays.com\/no\/wp-json\/wp\/v2\/posts\/113497","targetHints":{"allow":["GET"]}}],"collection":[{"href":"https:\/\/www.europesays.com\/no\/wp-json\/wp\/v2\/posts"}],"about":[{"href":"https:\/\/www.europesays.com\/no\/wp-json\/wp\/v2\/types\/post"}],"author":[{"embeddable":true,"href":"https:\/\/www.europesays.com\/no\/wp-json\/wp\/v2\/users\/2"}],"replies":[{"embeddable":true,"href":"https:\/\/www.europesays.com\/no\/wp-json\/wp\/v2\/comments?post=113497"}],"version-history":[{"count":0,"href":"https:\/\/www.europesays.com\/no\/wp-json\/wp\/v2\/posts\/113497\/revisions"}],"wp:featuredmedia":[{"embeddable":true,"href":"https:\/\/www.europesays.com\/no\/wp-json\/wp\/v2\/media\/113498"}],"wp:attachment":[{"href":"https:\/\/www.europesays.com\/no\/wp-json\/wp\/v2\/media?parent=113497"}],"wp:term":[{"taxonomy":"category","embeddable":true,"href":"https:\/\/www.europesays.com\/no\/wp-json\/wp\/v2\/categories?post=113497"},{"taxonomy":"post_tag","embeddable":true,"href":"https:\/\/www.europesays.com\/no\/wp-json\/wp\/v2\/tags?post=113497"}],"curies":[{"name":"wp","href":"https:\/\/api.w.org\/{rel}","templated":true}]}}