{"id":113499,"date":"2025-12-15T06:48:12","date_gmt":"2025-12-15T06:48:12","guid":{"rendered":"https:\/\/www.europesays.com\/no\/113499\/"},"modified":"2025-12-15T06:48:12","modified_gmt":"2025-12-15T06:48:12","slug":"foxtrot-bakmann-tatt-pa-gardermoen","status":"publish","type":"post","link":"https:\/\/www.europesays.com\/no\/113499\/","title":{"rendered":"Foxtrot-bakmann tatt p\u00e5 Gardermoen"},"content":{"rendered":"<p>  \u00abVan Nistelrooy\u00bb satt p\u00e5 den spanske solkysten og planla drap i Sverige. S\u00e5 gikk han p\u00e5 flyet til Norge.<\/p>\n<p>\n    SPORET OPP: Etter m\u00f8ysommelig politiarbeid klarte svenske etterforskere \u00e5 peke ut denne mannen som en av bakmennene i en blodig gjengkonflikt i Sundsvall. Mannen ble p\u00e5grepet p\u00e5 Oslo lufthavn Gardermoen i mars 2023. Foto: Fra Svenske politidokumenter\n  <\/p>\n<p>Der ventet norsk politi.<\/p>\n<p>I mars 2023 kunne dermed svensk politi sette en stopper for en blodig fl\u00f8y av gjengkrigen som har herjet landet i flere \u00e5r.<\/p>\n<p>Det var i 2022 og 2023 at Foxtrot-nettverket ville ta over makta og narkomarkedet i Sundsvall-omr\u00e5det nord\u00f8st i<br \/>\nSverige.<\/p>\n<p>Som en rekke andre svenske gjengkonflikter, ble maktkampen blodig. Flere personer ble drept.<\/p>\n<p>Trygg avstand\t<\/p>\n<p>Da de begynte \u00e5 grave, fant politietterforskerne ut at sentrale personer i det brutale gjengoppr\u00f8ret befant seg p\u00e5 trygg avstand fra urolighetene.<\/p>\n<p>I krypterte meldingstjenester fant politietterforskerne indikasjoner p\u00e5 at en mann som brukte kallenavnene \u00abCowboyhatt\u00bb og \u00abVan Nistelrooy\u00bb, sistnevnte trolig oppkalt etter<br \/>\nManchester Uniteds gamle superspiss, var sentral i \u00e5 planlegge den grove volden.\u00a0<\/p>\n<p>        BISLETT, OSLO: Granatangrepet i Pilestredet p\u00e5 Bislett i Oslo 23. september kan, if\u00f8lge flere av Dagbladets kilder, knyttes til det beryktede, svenske Foxtrot-nettverket. Video: Marte Nyl\u00f8kken Helseth\/Dagbladet\/NTB\/Tips<\/p>\n<p class=\"font-weight-bold m-font-weight-bold\" data-lab-font_weight=\"font-weight-bold\">Men planleggeren satt ikke i Sundsvall. Han satt i sola i Spania.\u00a0<\/p>\n<p data-lab-font_weight=\"\">Etterforskningen viste at mannen i Spania sto bak b\u00e5de \u00abCowboyhatt\u00bb og \u00abVan Nistelrooy\u00bb &#8211; og flere andre kallenavn. Det g\u00e5r fram av politidokumenter Dagbladet har g\u00e5tt igjennom.<\/p>\n<p>        <img loading=\"lazy\" decoding=\"async\" src=\"https:\/\/www.europesays.com\/no\/wp-content\/uploads\/2025\/12\/83883999.webp\" width=\"980\" height=\"422\" title=\"LEVNER LITEN TVIL: Denne meldingen er en av mange som svensk politi mener at Spania-svensken sendte til sine rivaler. Ordlyden levner ingen tvil om brutaliteten i konflikten i Sundsvall. Foto: Fra svenske politidokumenter\" alt=\"\" class=\"\" style=\"--aspect-ratio-image: 2.32; \"\/><\/p>\n<p>\n        LEVNER LITEN TVIL: Denne meldingen er en av mange som svensk politi mener at Spania-svensken sendte til sine rivaler. Ordlyden levner ingen tvil om brutaliteten i konflikten i Sundsvall. Foto: Fra svenske politidokumenter\n    <\/p>\n<p>Skjebnesvanger flytur\t<\/p>\n<p data-lab-font_weight=\"\">11. mars 2023 steg mannen om bord et fly som skulle frakte ham fra flyplassen i Alicante &#8211; til Gardermoen. Ved hans side var en annen deltager i de krypterte meldingschattene.<\/p>\n<p data-lab-font_weight=\"\">Dagbladet vet ikke hvorfor de to Foxtrot-tilknyttede svenskene droppet spansk sol til fordel for norsk v\u00e5rs\u00f8rpe.\u00a0<\/p>\n<p data-lab-font_weight=\"font-weight-bold\" class=\"font-weight-bold m-font-weight-bold\">Oppholdet ble uansett kortvarig. P\u00e5 Gardermoen ventet norsk politi.<\/p>\n<p>&#8211; Han ble p\u00e5grepet p\u00e5 begj\u00e6ring fra Sverige, s\u00e5 de m\u00e5 uttale seg om saken, opplyser Jonas Fabritius Christoffersen, seniorr\u00e5dgiver i Kripos, til Dagbladet.<\/p>\n<p>Etter to rettsrunder, ble mannen 10. juli 2024 d\u00f8mt i G\u00f6ta hovr\u00e4tt. Dommen l\u00f8d p\u00e5 sju \u00e5r og \u00e5tte m\u00e5neders fengsel for medvirkning til forberedelse av drap og grovt brudd p\u00e5 v\u00e5penloven. Flere andre personer er ogs\u00e5 d\u00f8mt etter den blodige gjengkonflikten.<\/p>\n<p>        \u00abMOST WANTED\u00bb: Drapsfors\u00f8k, seriesvindel og tung kriminalitet. Blant 62 etterlyste personer finner vi fire farlige kvinner. Video: \u00d8rjan Ryland \/ Dagbladet<\/p>\n<p>Hyppige reiser\t<\/p>\n<p>If\u00f8lge etterforskningsdokumentene i saken kan svensken som ble p\u00e5grepet p\u00e5 Gardermoen knyttes til den innerste kjernen av Foxtrot-nettverket &#8211; blant annet gjennom en gjeldspost p\u00e5 600 000 kroner til en person politiet mener var sentral.\u00a0<\/p>\n<p>Etter m\u00e5nedsvis med nitid gjennomgang av krypterte meldinger hadde politiet ogs\u00e5 sv\u00e6rt god kontroll p\u00e5 bevegelsene til mannen &#8211; som framst\u00e5r som noe av en kosmopolititt i svensk gjengkontekst:<\/p>\n<p>        <img loading=\"lazy\" decoding=\"async\" src=\"https:\/\/www.europesays.com\/no\/wp-content\/uploads\/2025\/12\/83884000.webp\" width=\"686\" height=\"837\" title=\"FULGT I FLERE LAND: Til venstre er Spania-svensken fotografert i Sverige. Men politiet fulgte bevegelsene hans i b\u00e5de Spania, Portugal, Frankrike og Norge. Foto: Fra svenske politidokumenter\" alt=\"\" class=\"\" style=\"--aspect-ratio-image: 0.82; \"\/><\/p>\n<p>\n        FULGT I FLERE LAND: Til venstre er Spania-svensken fotografert i Sverige. Men politiet fulgte bevegelsene hans i b\u00e5de Spania, Portugal, Frankrike og Norge. Foto: Fra svenske politidokumenter\n    <\/p>\n<p class=\"font-weight-bold m-font-weight-bold\" data-lab-font_weight=\"font-weight-bold\">I tillegg til sitt husv\u00e6re p\u00e5 den spanske solkysten og reiser til Norge og Sverige, fulgte politiet ham ogs\u00e5 p\u00e5 reiser til Portugal og Frankrikes hovedstad Paris.<\/p>\n<p>Flere norske spor\t<\/p>\n<p> Foxtrot-nettverket har v\u00e6rt p\u00e5 alles lepper etter at de knyttes til b\u00e5de h\u00e5ndgranat-angrep og skyteepisoder p\u00e5 \u00d8stlandet i h\u00f8st.\u00a0<\/p>\n<p class=\"font-weight-bold m-font-weight-bold\" data-lab-font_weight=\"font-weight-bold\">P\u00e5gripelsen av den utpekte Foxtrot-bakmannen p\u00e5 Gardermoen f\u00f8yer seg inn i en rekke lite omtalte norske koblinger til sentrale personer i det fryktede kriminelle nettverket.<\/p>\n<p>    <a itemprop=\"url\" href=\"https:\/\/www.dagbladet.no\/nyheter\/offiserens-hemmelige-roller\/80916544\" rel=\"nofollow noopener\" target=\"_blank\"><\/p>\n<p>        <img loading=\"lazy\" decoding=\"async\" src=\"https:\/\/www.europesays.com\/no\/wp-content\/uploads\/2025\/12\/80947642.webp\" width=\"980\" height=\"441\" title=\"Offiserens hemmelige roller\" alt=\"\" class=\"lazyload\" style=\"--aspect-ratio-image: 2.22; \"\/><\/p>\n<p>        Offiserens hemmelige roller<\/p>\n<p>    <\/a><\/p>\n<p data-lab-font_weight=\"\">Tidligere har Dagbladet avdekket hvordan Foxtrot-nettverkets narkosjef p\u00e5 Balkan <a href=\"https:\/\/www.dagbladet.no\/nyheter\/foxtrot-toppens-meldinger-om-norge\/83793951\" rel=\"nofollow noopener\" target=\"_blank\">diskuterte smugling til en pakkeboks p\u00e5 L\u00f8renskog<\/a>, hvordan <a href=\"https:\/\/www.dagbladet.no\/nyheter\/bombemenn-stoppet-i-oslo\/80678300\" rel=\"nofollow noopener\" target=\"_blank\">to Foxtrot-bombemenn ble stoppet &#8211; og sluppet &#8211; i Oslo<\/a>, og hvordan det <a href=\"https:\/\/www.dagbladet.no\/nyheter\/offiserens-hemmelige-roller\/80916544\" rel=\"nofollow noopener\" target=\"_blank\">g\u00e5r pengespor fra Norge<\/a> til en av <a href=\"https:\/\/borsen.dagbladet.no\/nyheter\/sporene-til-greven\/80507365\" rel=\"nofollow noopener\" target=\"_blank\">Foxtrot-sjef Rawa Majids mest betrodde menn<\/a>.<\/p>\n<p>Spania-mannens forsvarer, advokat Jonas Granfelt, har ikke besvart Dagbladets henveldelser.<\/p>\n","protected":false},"excerpt":{"rendered":"\u00abVan Nistelrooy\u00bb satt p\u00e5 den spanske solkysten og planla drap i Sverige. S\u00e5 gikk han p\u00e5 flyet til&hellip;\n","protected":false},"author":2,"featured_media":113500,"comment_status":"","ping_status":"","sticky":false,"template":"","format":"standard","meta":{"footnotes":""},"categories":[58],"tags":[71,7185,2539,983,30,28,29,14,72],"class_list":{"0":"post-113499","1":"post","2":"type-post","3":"status-publish","4":"format-standard","5":"has-post-thumbnail","7":"category-underholdning","8":"tag-entertainment","9":"tag-foxtrot","10":"tag-innenriks","11":"tag-krim","12":"tag-no","13":"tag-norge","14":"tag-norway","15":"tag-nyheter","16":"tag-underholdning"},"share_on_mastodon":{"url":"https:\/\/pubeurope.com\/@no\/115722250408850594","error":""},"_links":{"self":[{"href":"https:\/\/www.europesays.com\/no\/wp-json\/wp\/v2\/posts\/113499","targetHints":{"allow":["GET"]}}],"collection":[{"href":"https:\/\/www.europesays.com\/no\/wp-json\/wp\/v2\/posts"}],"about":[{"href":"https:\/\/www.europesays.com\/no\/wp-json\/wp\/v2\/types\/post"}],"author":[{"embeddable":true,"href":"https:\/\/www.europesays.com\/no\/wp-json\/wp\/v2\/users\/2"}],"replies":[{"embeddable":true,"href":"https:\/\/www.europesays.com\/no\/wp-json\/wp\/v2\/comments?post=113499"}],"version-history":[{"count":0,"href":"https:\/\/www.europesays.com\/no\/wp-json\/wp\/v2\/posts\/113499\/revisions"}],"wp:featuredmedia":[{"embeddable":true,"href":"https:\/\/www.europesays.com\/no\/wp-json\/wp\/v2\/media\/113500"}],"wp:attachment":[{"href":"https:\/\/www.europesays.com\/no\/wp-json\/wp\/v2\/media?parent=113499"}],"wp:term":[{"taxonomy":"category","embeddable":true,"href":"https:\/\/www.europesays.com\/no\/wp-json\/wp\/v2\/categories?post=113499"},{"taxonomy":"post_tag","embeddable":true,"href":"https:\/\/www.europesays.com\/no\/wp-json\/wp\/v2\/tags?post=113499"}],"curies":[{"name":"wp","href":"https:\/\/api.w.org\/{rel}","templated":true}]}}